{"id":12796,"date":"2023-02-14T20:01:57","date_gmt":"2023-02-15T02:01:57","guid":{"rendered":"https:\/\/noticiasveracruz.com\/?p=12796"},"modified":"2023-02-14T20:01:57","modified_gmt":"2023-02-15T02:01:57","slug":"invita-gobierno-municipal-a-la-feria-de-empleo-tuxpan-2023","status":"publish","type":"post","link":"https:\/\/noticiasveracruz.com\/index.php\/2023\/02\/14\/invita-gobierno-municipal-a-la-feria-de-empleo-tuxpan-2023\/","title":{"rendered":"Invita Gobierno municipal a la \u201cFeria de Empleo Tuxpan 2023\u201d"},"content":{"rendered":"<p class=\"p1\">\n<p class=\"p1\"><span style=\"font-size: 14pt;\"><em><strong>TUXPAN, VERACRUZ.<\/strong> <\/em>El <strong>pr\u00f3ximo martes 21 de febrero<\/strong> se llevar\u00e1 a cabo la <strong>\u201cFeria del Empleo Tuxpan 2023\u201d<\/strong> en la explanada municipal.<\/span><\/p>\n<p class=\"p1\"><span style=\"font-size: 18pt;\"><strong>En esta ocasi\u00f3n se estar\u00e1n ofertando oportunidades laborales en los sectores industrial, comercial y de servicios, los solicitantes podr\u00e1n asistir al evento de 09:00 a 15:00 horas.<\/strong><\/span><\/p>\n<p>&nbsp;<\/p>\n<p><span style=\"font-size: 18pt; color: #e42d33;\"><strong>REGISTRO<\/strong><\/span><\/p>\n<p class=\"p1\"><span style=\"font-size: 18pt;\"><strong>Para participar, es importante que se registren previamente en el enlace: <a href=\"https:\/\/ferias.empleo.gob.mx.\">ferias.empleo.gob.mx<\/a><\/strong><\/span><\/p>\n<p class=\"p1\"><span style=\"font-size: 14pt;\">En esta Feria del Empleo participan la Secretar\u00eda del Trabajo Previsi\u00f3n Social y Productividad, el Servicio Nacional de Empleo, el Gobierno de Veracruz y el Ayuntamiento de Tuxpan.<\/span><\/p>\n<p class=\"p1\"><span style=\"font-size: 18pt; color: #e42d33;\"><strong>Para mayor informaci\u00f3n comun\u00edquese a los siguientes tel\u00e9fonos: 782 823 32 45 y 782 823 82 41<\/strong><\/span><\/p>\n<p>&nbsp;<\/p>\n<p><img loading=\"lazy\" decoding=\"async\" class=\"aligncenter wp-image-16144\" src=\"https:\/\/politicosaldesnudo.com.mx\/wp-content\/uploads\/2023\/02\/P-EMPLEOS-1-194x300.jpeg\" alt=\"\" width=\"600\" height=\"930\" \/><\/p>\n<p>&nbsp;<\/p>\n<p>&nbsp;<\/p>\n<p>&nbsp;<\/p>\n","protected":false},"excerpt":{"rendered":"<p>TUXPAN, VERACRUZ. El pr\u00f3ximo martes 21 de febrero se llevar\u00e1 a cabo la \u201cFeria del Empleo Tuxpan 2023\u201d en la<\/p>\n","protected":false},"author":4,"featured_media":12798,"comment_status":"closed","ping_status":"closed","sticky":false,"template":"","format":"standard","meta":{"colormag_page_container_layout":"default_layout","colormag_page_sidebar_layout":"default_layout","_jetpack_memberships_contains_paid_content":false,"footnotes":"","jetpack_publicize_message":"","jetpack_publicize_feature_enabled":true,"jetpack_social_post_already_shared":true,"jetpack_social_options":{"image_generator_settings":{"template":"highway","default_image_id":0,"font":"","enabled":false},"version":2}},"categories":[356],"tags":[1774,2109,72,73],"class_list":["post-12796","post","type-post","status-publish","format-standard","has-post-thumbnail","hentry","category-veracruz","tag-empleo","tag-feria-de-empleo","tag-tuxpan","tag-veracruz"],"jetpack_publicize_connections":[],"jetpack_featured_media_url":"https:\/\/noticiasveracruz.com\/wp-content\/uploads\/2023\/02\/P-EMPLEOS.png","jetpack_sharing_enabled":true,"publishpress_future_action":{"enabled":false,"date":"2026-05-06 01:28:10","action":"change-status","newStatus":"draft","terms":[],"taxonomy":"category","extraData":[]},"publishpress_future_workflow_manual_trigger":{"enabledWorkflows":[]},"_links":{"self":[{"href":"https:\/\/noticiasveracruz.com\/index.php\/wp-json\/wp\/v2\/posts\/12796","targetHints":{"allow":["GET"]}}],"collection":[{"href":"https:\/\/noticiasveracruz.com\/index.php\/wp-json\/wp\/v2\/posts"}],"about":[{"href":"https:\/\/noticiasveracruz.com\/index.php\/wp-json\/wp\/v2\/types\/post"}],"author":[{"embeddable":true,"href":"https:\/\/noticiasveracruz.com\/index.php\/wp-json\/wp\/v2\/users\/4"}],"replies":[{"embeddable":true,"href":"https:\/\/noticiasveracruz.com\/index.php\/wp-json\/wp\/v2\/comments?post=12796"}],"version-history":[{"count":0,"href":"https:\/\/noticiasveracruz.com\/index.php\/wp-json\/wp\/v2\/posts\/12796\/revisions"}],"wp:featuredmedia":[{"embeddable":true,"href":"https:\/\/noticiasveracruz.com\/index.php\/wp-json\/wp\/v2\/media\/12798"}],"wp:attachment":[{"href":"https:\/\/noticiasveracruz.com\/index.php\/wp-json\/wp\/v2\/media?parent=12796"}],"wp:term":[{"taxonomy":"category","embeddable":true,"href":"https:\/\/noticiasveracruz.com\/index.php\/wp-json\/wp\/v2\/categories?post=12796"},{"taxonomy":"post_tag","embeddable":true,"href":"https:\/\/noticiasveracruz.com\/index.php\/wp-json\/wp\/v2\/tags?post=12796"}],"curies":[{"name":"wp","href":"https:\/\/api.w.org\/{rel}","templated":true}]}}