{"id":12775,"date":"2023-02-14T12:29:47","date_gmt":"2023-02-14T18:29:47","guid":{"rendered":"https:\/\/noticiasveracruz.com\/?p=12775"},"modified":"2023-02-14T12:35:16","modified_gmt":"2023-02-14T18:35:16","slug":"tras-enfrenta-juicio-politico-movimiento-ciudadano-cierra-filas-a-favor-de-samuel-garcia","status":"publish","type":"post","link":"https:\/\/noticiasveracruz.com\/index.php\/2023\/02\/14\/tras-enfrenta-juicio-politico-movimiento-ciudadano-cierra-filas-a-favor-de-samuel-garcia\/","title":{"rendered":"Tras enfrentar juicio pol\u00edtico, Movimiento Ciudadano cierra filas a favor de Samuel Garc\u00eda"},"content":{"rendered":"<p>&nbsp;<\/p>\n<p class=\"p1\"><span style=\"font-size: 14pt;\"><em><strong>MONTERREY, NL.<\/strong> <\/em><strong>Disfrazada de una reuni\u00f3n de la Coordinara Nacional<\/strong> militantes de <strong>Movimiento Ciudadano cerraron filas en Nuevo Le\u00f3n<\/strong> para dar su apoyo al g<strong>obernador Samuel Garc\u00eda quien enfrente un juicio pol\u00edtico en el Congreso local. <\/strong><\/span><\/p>\n<p class=\"p1\"><span style=\"font-size: 18pt;\"><strong>Recordemos que el gobernador neolonense, Samuel Garc\u00eda enfrenta un juicio pol\u00edtico en el Congreso local orquestado por legisladores del PRI y PAN, quienes se\u00f1alan que el gobernador no present\u00f3 a tiempo el presupuesto para 2023, adem\u00e1s incumpli\u00f3 con la publicaci\u00f3n de diversos decretos aprobados.<\/strong><\/span><\/p>\n<p class=\"p1\"><span style=\"font-size: 18pt; color: #e42d33;\"><strong>El dirigente Dante Delgado tomando la mano de Samuel Garc\u00eda asegur\u00f3 que al mandatario le asiste la raz\u00f3n jur\u00eddica, por lo que no se permitir\u00e1 que se violenten sus derechos.<\/strong><\/span><\/p>\n<p>&nbsp;<\/p>\n<blockquote>\n<p class=\"p1\"><span style=\"font-size: 14pt;\">Un ejemplo de buenos gobiernos y de dejar atr\u00e1s la vieja pol\u00edtica. \u00a1Sigamos construyendo un nuevo, Nuevo Le\u00f3n !\u201d, se lee en Twitter. <\/span><\/p>\n<\/blockquote>\n<p>&nbsp;<\/p>\n<p><img loading=\"lazy\" decoding=\"async\" class=\"aligncenter wp-image-16118 size-large\" src=\"https:\/\/politicosaldesnudo.com.mx\/wp-content\/uploads\/2023\/02\/P-MC-SAMUEL-GARCIA-2-1024x573.png\" alt=\"\" width=\"800\" height=\"448\" \/><\/p>\n<p>&nbsp;<\/p>\n<p class=\"p1\"><span style=\"font-size: 18pt; color: #e42d33;\"><strong>Dante Delgado respald\u00f3 a Samuel Garc\u00eda ante los \u201cembates y ataques del PRI y el PAN\u201d y le dijo que cuenta con senadores, diputados federales y legisladores de todo el pa\u00eds. \u201cNo est\u00e1 solo\u201d.<\/strong><\/span><\/p>\n<p class=\"p1\"><span style=\"font-size: 18pt;\"><strong>As\u00ed, Dante Delgado dijo que no se puede permitir que los diputados de los partidos Acci\u00f3n Nacional y Revolucionario Institucional \u201cpretendan lastimar el trabajo\u201d del gobernador.<\/strong><\/span><\/p>\n<p class=\"p1\"><span style=\"font-size: 18pt;\"><strong>Samuel Garc\u00eda consider\u00f3 que los ataques que recibe \u201cson los coletazos de un animal herido que por d\u00e9cadas estuvo al servicio de c\u00fapulas, de licitaciones ama\u00f1adas y de enriquecimientos ileg\u00edtimos\u201d.<\/strong><\/span><\/p>\n<p class=\"p1\"><span style=\"font-size: 14pt;\">Asegur\u00f3 que su gobierno es un verdadero ejemplo de la nueva pol\u00edtica que Movimiento Ciudadano impulsa para sacudir las viejas pr\u00e1cticas, las componendas y la corrupci\u00f3n. \u201cPor eso, y despu\u00e9s de un a\u00f1o en que han intentado exprimir y no han logrado sacar un solo peso, andan desatados y salieron los demonios\u201d. <\/span><\/p>\n<p>&nbsp;<\/p>\n<blockquote>\n<p class=\"p1\"><span style=\"font-size: 14pt;\">Asegur\u00f3 que 2024 no va a quedar \u201cun solo gramo de vieja pol\u00edtica\u201d en aquella entidad. \u201cLos vamos a arrasar\u201d.<\/span><\/p>\n<\/blockquote>\n<p>&nbsp;<\/p>\n<p class=\"p1\"><span style=\"font-size: 18pt;\"><strong>En Nuevo Le\u00f3n, la Legislatura aprob\u00f3 por mayor\u00eda solicitar al Consejo de la Judicatura Federal investigar irregularidades en la suspensi\u00f3n provisional de amparo otorgada a Samuel Garc\u00eda por el juez octavo de distrito de Tamaulipas y dar vista al Ministerio P\u00fablico, para que indague al mandatario por falsedad de declaraciones y para que acredite si es mexicano.<\/strong><\/span><\/p>\n<p>&nbsp;<\/p>\n<p>&nbsp;<\/p>\n<p>&nbsp;<\/p>\n","protected":false},"excerpt":{"rendered":"<p>&nbsp; MONTERREY, NL. Disfrazada de una reuni\u00f3n de la Coordinara Nacional militantes de Movimiento Ciudadano cerraron filas en Nuevo Le\u00f3n<\/p>\n","protected":false},"author":4,"featured_media":12776,"comment_status":"closed","ping_status":"closed","sticky":false,"template":"","format":"standard","meta":{"colormag_page_container_layout":"default_layout","colormag_page_sidebar_layout":"default_layout","_jetpack_memberships_contains_paid_content":false,"footnotes":"","jetpack_publicize_message":"","jetpack_publicize_feature_enabled":true,"jetpack_social_post_already_shared":true,"jetpack_social_options":{"image_generator_settings":{"template":"highway","default_image_id":0,"font":"","enabled":false},"version":2}},"categories":[145],"tags":[95,2103,281,218,74,194,514],"class_list":["post-12775","post","type-post","status-publish","format-standard","has-post-thumbnail","hentry","category-estados","tag-dante-delgado","tag-juicio-politicos","tag-movimiento-ciudadano","tag-nuevo-leon","tag-pan","tag-pri","tag-samuel-garcia"],"jetpack_publicize_connections":[],"jetpack_featured_media_url":"https:\/\/noticiasveracruz.com\/wp-content\/uploads\/2023\/02\/P-MC-SAMUEL-GARCIA-1.png","jetpack_sharing_enabled":true,"publishpress_future_action":{"enabled":false,"date":"2026-05-07 17:29:31","action":"change-status","newStatus":"draft","terms":[],"taxonomy":"category","extraData":[]},"publishpress_future_workflow_manual_trigger":{"enabledWorkflows":[]},"_links":{"self":[{"href":"https:\/\/noticiasveracruz.com\/index.php\/wp-json\/wp\/v2\/posts\/12775","targetHints":{"allow":["GET"]}}],"collection":[{"href":"https:\/\/noticiasveracruz.com\/index.php\/wp-json\/wp\/v2\/posts"}],"about":[{"href":"https:\/\/noticiasveracruz.com\/index.php\/wp-json\/wp\/v2\/types\/post"}],"author":[{"embeddable":true,"href":"https:\/\/noticiasveracruz.com\/index.php\/wp-json\/wp\/v2\/users\/4"}],"replies":[{"embeddable":true,"href":"https:\/\/noticiasveracruz.com\/index.php\/wp-json\/wp\/v2\/comments?post=12775"}],"version-history":[{"count":0,"href":"https:\/\/noticiasveracruz.com\/index.php\/wp-json\/wp\/v2\/posts\/12775\/revisions"}],"wp:featuredmedia":[{"embeddable":true,"href":"https:\/\/noticiasveracruz.com\/index.php\/wp-json\/wp\/v2\/media\/12776"}],"wp:attachment":[{"href":"https:\/\/noticiasveracruz.com\/index.php\/wp-json\/wp\/v2\/media?parent=12775"}],"wp:term":[{"taxonomy":"category","embeddable":true,"href":"https:\/\/noticiasveracruz.com\/index.php\/wp-json\/wp\/v2\/categories?post=12775"},{"taxonomy":"post_tag","embeddable":true,"href":"https:\/\/noticiasveracruz.com\/index.php\/wp-json\/wp\/v2\/tags?post=12775"}],"curies":[{"name":"wp","href":"https:\/\/api.w.org\/{rel}","templated":true}]}}