{"id":12772,"date":"2023-02-14T12:08:40","date_gmt":"2023-02-14T18:08:40","guid":{"rendered":"https:\/\/noticiasveracruz.com\/?p=12772"},"modified":"2023-02-14T12:08:40","modified_gmt":"2023-02-14T18:08:40","slug":"inegi-avanza-sector-manufacturero-sube-1-6-el-personal-ocupado","status":"publish","type":"post","link":"https:\/\/noticiasveracruz.com\/index.php\/2023\/02\/14\/inegi-avanza-sector-manufacturero-sube-1-6-el-personal-ocupado\/","title":{"rendered":"Inegi: avanza sector manufacturero, sube 1.6% el personal ocupado\u00a0"},"content":{"rendered":"<p class=\"p1\"><span style=\"font-size: 14pt;\"><em><strong>CIUDAD DE M\u00c9XICO.<\/strong> <\/em>En <strong>diciembre de 2022<\/strong>, el <strong>personal ocupado en la industria manufacturera registr\u00f3 un avance anual de 1.6 por ciento<\/strong>, revelaron los Indicadores del Sector Manufacturero (Emim) del <strong>Instituto Nacional de Estad\u00edstica y Geograf\u00eda<\/strong> (Inegi).<\/span><\/p>\n<p class=\"p1\"><span style=\"font-size: 14pt;\">De acuerdo con la estad\u00edstica de dichos indicadores, el personal ocupado en la industria manufacturera se ubic\u00f3 en 118.5 puntos en diciembre pasado. El crecimiento del personal ocupado creci\u00f3 con cifras originales, pero baj\u00f3 el ritmo con respecto a 2021. El personal ocupado en roles de obrero avanz\u00f3 1.4 por ciento anual en diciembre, mientras que los empleados subieron 4.5 por ciento en el \u00faltimo mes del a\u00f1o pasado con respecto a diciembre de 2021.<\/span><\/p>\n<p class=\"p1\"><span style=\"font-size: 18pt;\"><strong>Con respecto a diciembre de 2021, las horas trabajadas subieron 1.2 por ciento anual y las remuneraciones medias reales pagadas (sueldos, salarios y prestaciones sociales) subieron 1.4 por ciento.<\/strong><\/span><\/p>\n<p class=\"p1\"><span style=\"font-size: 18pt;\"><strong>Fabricaci\u00f3n de equipo de computaci\u00f3n, comunicaci\u00f3n, medici\u00f3n y de otros equipos, componentes y accesorios electr\u00f3nicos y la fabricaci\u00f3n de equipo de transporte reportaron el mayor crecimiento anual de 6.3 por ciento en el personal ocupado, mientras que el mayor retroceso fue en fabricaci\u00f3n de productos textiles, excepto prendas de vestir, con una ca\u00edda de 7.6 por ciento.<\/strong><\/span><\/p>\n<p class=\"p1\"><span style=\"font-size: 14pt;\">En horas trabajadas la fabricaci\u00f3n de transporte aument\u00f3 7.8 por ciento anual, fabricaci\u00f3n de productos textiles, excepto prendas de vestir se contrajo 11.5 por ciento.<\/span><\/p>\n<p class=\"p1\"><span style=\"font-size: 14pt;\">La capacidad de planta utilizada del sector manufacturero se ubic\u00f3 en 83.7 por ciento en diciembre, 2.4 puntos porcentuales superior al reportado durante el mismo mes del a\u00f1o pasado.<\/span><\/p>\n<p class=\"p1\"><span style=\"font-size: 14pt;\">Fabricaci\u00f3n de equipo de computaci\u00f3n, comunicaci\u00f3n, medici\u00f3n y de otros equipos, componentes y accesorios electr\u00f3nicos fue la que mayor capacidad tiene con 94.9 por ciento en 2022.<\/span><\/p>\n<p>&nbsp;<\/p>\n<p>&nbsp;<\/p>\n<p class=\"p1\"><span style=\"font-size: 18pt;\">Con Informaci\u00f3n de La Jornada<\/span><\/p>\n","protected":false},"excerpt":{"rendered":"<p>CIUDAD DE M\u00c9XICO. En diciembre de 2022, el personal ocupado en la industria manufacturera registr\u00f3 un avance anual de 1.6<\/p>\n","protected":false},"author":4,"featured_media":12773,"comment_status":"closed","ping_status":"closed","sticky":false,"template":"","format":"standard","meta":{"colormag_page_container_layout":"default_layout","colormag_page_sidebar_layout":"default_layout","_jetpack_memberships_contains_paid_content":false,"footnotes":"","jetpack_publicize_message":"","jetpack_publicize_feature_enabled":true,"jetpack_social_post_already_shared":true,"jetpack_social_options":{"image_generator_settings":{"template":"highway","default_image_id":0,"font":"","enabled":false},"version":2}},"categories":[1947],"tags":[110,2102],"class_list":["post-12772","post","type-post","status-publish","format-standard","has-post-thumbnail","hentry","category-economia","tag-inegi","tag-manufacturera"],"jetpack_publicize_connections":[],"jetpack_featured_media_url":"https:\/\/noticiasveracruz.com\/wp-content\/uploads\/2023\/02\/P-MANUFACTURERA-INEGI.png","jetpack_sharing_enabled":true,"publishpress_future_action":{"enabled":false,"date":"2026-05-07 16:45:43","action":"change-status","newStatus":"draft","terms":[],"taxonomy":"category","extraData":[]},"publishpress_future_workflow_manual_trigger":{"enabledWorkflows":[]},"_links":{"self":[{"href":"https:\/\/noticiasveracruz.com\/index.php\/wp-json\/wp\/v2\/posts\/12772","targetHints":{"allow":["GET"]}}],"collection":[{"href":"https:\/\/noticiasveracruz.com\/index.php\/wp-json\/wp\/v2\/posts"}],"about":[{"href":"https:\/\/noticiasveracruz.com\/index.php\/wp-json\/wp\/v2\/types\/post"}],"author":[{"embeddable":true,"href":"https:\/\/noticiasveracruz.com\/index.php\/wp-json\/wp\/v2\/users\/4"}],"replies":[{"embeddable":true,"href":"https:\/\/noticiasveracruz.com\/index.php\/wp-json\/wp\/v2\/comments?post=12772"}],"version-history":[{"count":0,"href":"https:\/\/noticiasveracruz.com\/index.php\/wp-json\/wp\/v2\/posts\/12772\/revisions"}],"wp:featuredmedia":[{"embeddable":true,"href":"https:\/\/noticiasveracruz.com\/index.php\/wp-json\/wp\/v2\/media\/12773"}],"wp:attachment":[{"href":"https:\/\/noticiasveracruz.com\/index.php\/wp-json\/wp\/v2\/media?parent=12772"}],"wp:term":[{"taxonomy":"category","embeddable":true,"href":"https:\/\/noticiasveracruz.com\/index.php\/wp-json\/wp\/v2\/categories?post=12772"},{"taxonomy":"post_tag","embeddable":true,"href":"https:\/\/noticiasveracruz.com\/index.php\/wp-json\/wp\/v2\/tags?post=12772"}],"curies":[{"name":"wp","href":"https:\/\/api.w.org\/{rel}","templated":true}]}}