{"id":12750,"date":"2023-02-14T05:15:51","date_gmt":"2023-02-14T11:15:51","guid":{"rendered":"https:\/\/noticiasveracruz.com\/?p=12750"},"modified":"2023-02-14T09:12:07","modified_gmt":"2023-02-14T15:12:07","slug":"incorrectas-interpretaciones-de-la-ley-en-la-manera-de-gobernar","status":"publish","type":"post","link":"https:\/\/noticiasveracruz.com\/index.php\/2023\/02\/14\/incorrectas-interpretaciones-de-la-ley-en-la-manera-de-gobernar\/","title":{"rendered":"Incorrectas interpretaciones de la ley en la manera de gobernar"},"content":{"rendered":"<p class=\"p1\">\n<p>&nbsp;<\/p>\n<p><span style=\"font-size: 18pt;\"><strong>Por Alberto Woolrich Ort\u00edz<\/strong><\/span><\/p>\n<p class=\"p1\"><span style=\"font-size: 14pt;\">Entre los ofrecimientos efectuados por Andr\u00e9s Manuel L\u00f3pez Obrador al juramentar con la mayor solemnidad guardar y hacer guardar la Constituci\u00f3n Pol\u00edtica al momento de protestar el cargo que le confiri\u00f3 el voto popular, existen a\u00fan asignaturas pendientes, entre ellas, se encuentra la aplicaci\u00f3n exacta de la ley, tal como lo mandata la Carta Magna. Su errada pol\u00edtica de \u201cabrazos y besos\u201d a los infractores de la norma es una consecuencia de esa cuesti\u00f3n.<span class=\"Apple-converted-space\">\u00a0 <\/span>La cual lejos de haber sido debilitada o derrotada, se ha incrementado y en la actualidad esa manera de gobernanza refiere una franca competencia por la conquista para obtener el sufragio del pueblo. <\/span><\/p>\n<p class=\"p1\"><span style=\"font-size: 14pt;\">El proceso para lograr lo antepuesto ha sido y es desagradable para M\u00e9xico. De las promesas para combatir a la narco-pol\u00edtica, en el hoy encontramos una delincuencia de poder participativo en lugar de lo que deber\u00eda ser una sana pol\u00edtica partidista, en la que los mexicanos tengamos intervenci\u00f3n de manera directa en las decisiones m\u00e1s importantes para la Rep\u00fablica, debido a esa desacertada pol\u00edtica de \u201cabrazos y besos\u201d se ha pasado a una realidad descarnada, contraria a los principios de la revoluci\u00f3n liberal que nos obsequio con nuestra Constituci\u00f3n pol\u00edtica.<\/span><\/p>\n<p class=\"p1\"><span style=\"font-size: 14pt;\">Es muy sabido por el Derecho Constitucional que entre el pueblo soberano y sus representantes jam\u00e1s deber\u00eda de existir aquel cuerpo delincuencial intermedio. Aunado a ello, nuestros dirigentes y conductores pol\u00edticos no deber\u00edan estar sujetos a mandatos imperativos de esa perversa narco-pol\u00edtica.<\/span><\/p>\n<p class=\"p1\"><span style=\"font-size: 14pt;\">Lo que se debe de perseguir constitucionalmente son los intereses particulares y especiales del pueblo y de M\u00e9xico, no los intereses generales de esos infractores de la ley. Nuestra naci\u00f3n no puede ni debe de doblegarse con exigencias de ninguna clase provenientes de ese incorrecto poder delincuencial.<\/span><\/p>\n<p class=\"p1\"><span style=\"font-size: 14pt;\">En horas muy recientes lo se\u00f1alo correctamente una toga del m\u00e1s alto Tribunal de Justicia de la Naci\u00f3n, por ese motivo fue desprestigiada, ella en su momento expreso: \u201cnunca m\u00e1s se debe de permitir violentar las reglas constitucionales. La corrupci\u00f3n propiciada por la narco-pol\u00edtica en nuestros tribunales ha conducido a realidades impensables e incompatibles con la letra y esp\u00edritu de nuestra carta fundamental\u201d.<\/span><\/p>\n<p class=\"p1\"><span style=\"font-size: 14pt;\">En opini\u00f3n de la Academia de Derecho Penal del Colegio Nacional de Abogados Foro de M\u00e9xico: algunos representantes pol\u00edticos de nuestra patria han sido doblegados por ese poder y como consecuencia de ello se han convertido en c\u00f3mplices de dicha delincuencia. Con ello, su gobernanza deja de ser una verdadera representaci\u00f3n de la soberan\u00eda popular para convertirse en un adendum de la delincuencia.<\/span><\/p>\n<p>&nbsp;<\/p>\n<p class=\"p3\"><span style=\"font-size: 18pt;\"><strong>Es cuanto. <\/strong><\/span><\/p>\n<p>&nbsp;<\/p>\n<hr \/>\n<p>&nbsp;<\/p>\n<p class=\"p1\"><strong><span style=\"font-size: 18pt;\">Lic. Alberto Woolrich Ort\u00edz<\/span><\/strong><\/p>\n<p class=\"p1\"><strong><span style=\"font-size: 18pt;\">Presidente de la Academia de Derecho Penal<\/span><\/strong><\/p>\n<p class=\"p1\"><strong><span style=\"font-size: 18pt;\">del Colegio de Abogados de M\u00e9xico, A.C.<\/span><\/strong><\/p>\n<p>&nbsp;<\/p>\n<p>&nbsp;<\/p>\n<p><img loading=\"lazy\" decoding=\"async\" class=\"aligncenter wp-image-11449\" src=\"http:\/\/noticiasveracruz.com\/wp-content\/uploads\/2023\/01\/FIRMA-EDITORIAL-NV-300x37.png\" alt=\"\" width=\"1000\" height=\"122\" srcset=\"https:\/\/noticiasveracruz.com\/wp-content\/uploads\/2023\/01\/FIRMA-EDITORIAL-NV-300x37.png 300w, https:\/\/noticiasveracruz.com\/wp-content\/uploads\/2023\/01\/FIRMA-EDITORIAL-NV-1024x125.png 1024w, https:\/\/noticiasveracruz.com\/wp-content\/uploads\/2023\/01\/FIRMA-EDITORIAL-NV-768x94.png 768w, https:\/\/noticiasveracruz.com\/wp-content\/uploads\/2023\/01\/FIRMA-EDITORIAL-NV-1536x188.png 1536w, https:\/\/noticiasveracruz.com\/wp-content\/uploads\/2023\/01\/FIRMA-EDITORIAL-NV-2048x250.png 2048w\" sizes=\"auto, (max-width: 1000px) 100vw, 1000px\" \/><\/p>\n<p>&nbsp;<\/p>\n<p class=\"p1\">\n","protected":false},"excerpt":{"rendered":"<p>&nbsp; Por Alberto Woolrich Ort\u00edz Entre los ofrecimientos efectuados por Andr\u00e9s Manuel L\u00f3pez Obrador al juramentar con la mayor solemnidad<\/p>\n","protected":false},"author":4,"featured_media":3616,"comment_status":"closed","ping_status":"closed","sticky":false,"template":"","format":"standard","meta":{"colormag_page_container_layout":"default_layout","colormag_page_sidebar_layout":"default_layout","_jetpack_memberships_contains_paid_content":false,"footnotes":"","jetpack_publicize_message":"","jetpack_publicize_feature_enabled":true,"jetpack_social_post_already_shared":true,"jetpack_social_options":{"image_generator_settings":{"template":"highway","default_image_id":0,"font":"","enabled":false},"version":2}},"categories":[6],"tags":[],"class_list":["post-12750","post","type-post","status-publish","format-standard","has-post-thumbnail","hentry","category-columnistas"],"jetpack_publicize_connections":[],"jetpack_featured_media_url":"https:\/\/noticiasveracruz.com\/wp-content\/uploads\/2022\/04\/NV-ALBERTO-WOOLRICH-1.png","jetpack_sharing_enabled":true,"publishpress_future_action":{"enabled":false,"date":"2026-05-06 18:13:36","action":"change-status","newStatus":"draft","terms":[],"taxonomy":"category","extraData":[]},"publishpress_future_workflow_manual_trigger":{"enabledWorkflows":[]},"_links":{"self":[{"href":"https:\/\/noticiasveracruz.com\/index.php\/wp-json\/wp\/v2\/posts\/12750","targetHints":{"allow":["GET"]}}],"collection":[{"href":"https:\/\/noticiasveracruz.com\/index.php\/wp-json\/wp\/v2\/posts"}],"about":[{"href":"https:\/\/noticiasveracruz.com\/index.php\/wp-json\/wp\/v2\/types\/post"}],"author":[{"embeddable":true,"href":"https:\/\/noticiasveracruz.com\/index.php\/wp-json\/wp\/v2\/users\/4"}],"replies":[{"embeddable":true,"href":"https:\/\/noticiasveracruz.com\/index.php\/wp-json\/wp\/v2\/comments?post=12750"}],"version-history":[{"count":0,"href":"https:\/\/noticiasveracruz.com\/index.php\/wp-json\/wp\/v2\/posts\/12750\/revisions"}],"wp:featuredmedia":[{"embeddable":true,"href":"https:\/\/noticiasveracruz.com\/index.php\/wp-json\/wp\/v2\/media\/3616"}],"wp:attachment":[{"href":"https:\/\/noticiasveracruz.com\/index.php\/wp-json\/wp\/v2\/media?parent=12750"}],"wp:term":[{"taxonomy":"category","embeddable":true,"href":"https:\/\/noticiasveracruz.com\/index.php\/wp-json\/wp\/v2\/categories?post=12750"},{"taxonomy":"post_tag","embeddable":true,"href":"https:\/\/noticiasveracruz.com\/index.php\/wp-json\/wp\/v2\/tags?post=12750"}],"curies":[{"name":"wp","href":"https:\/\/api.w.org\/{rel}","templated":true}]}}