{"id":12738,"date":"2023-02-13T01:21:02","date_gmt":"2023-02-13T07:21:02","guid":{"rendered":"https:\/\/noticiasveracruz.com\/?p=12738"},"modified":"2023-02-13T01:21:02","modified_gmt":"2023-02-13T07:21:02","slug":"la-oposicion-sin-credibilidad","status":"publish","type":"post","link":"https:\/\/noticiasveracruz.com\/index.php\/2023\/02\/13\/la-oposicion-sin-credibilidad\/","title":{"rendered":"La oposici\u00f3n sin credibilidad"},"content":{"rendered":"<p class=\"p1\">\n<p>&nbsp;<\/p>\n<p class=\"p1\"><span style=\"font-size: 18pt;\"><b>Por \u00c1ngel \u00c1lvaro Pe\u00f1a<\/b><\/span><\/p>\n<p class=\"p1\"><span style=\"font-size: 14pt;\">La oposici\u00f3n no s\u00f3lo ha sido rebasada por lo que han tratado de pronosticar sino por la realidad que los muestra como un grupo que no est\u00e1 situado en la realidad, ni en tiempo ni espacio. Vive en otro pa\u00eds, en otra \u00e9poca. Desde la v\u00edspera de la campa\u00f1a pol\u00edtica del actual Presidente de la Rep\u00fablica, empezaron las profec\u00edas de una oposici\u00f3n que disfrazaba su temor con c\u00e1lculos sin fundamento.<\/span><\/p>\n<p class=\"p1\"><span style=\"font-size: 18pt;\"><strong>Desde que vieron la posibilidad de que Andr\u00e9s Manuel L\u00f3pez Obrador fuera presidente del pa\u00eds, aseguraron que el peso se devaluar\u00eda al doble, y ahora est\u00e1 m\u00e1s fuerte que nunca. Que L\u00f3pez Obrador se reelegir\u00eda hasta la muerte, ya se dieron cuenta que no es as\u00ed. Tambi\u00e9n pronosticaron que la inflaci\u00f3n iba a ser alt\u00edsima, actualmente tenemos una de las menores inflaciones del mundo, menos que la de varios pa\u00edses desarrollados y tenemos una econom\u00eda superior a la de pa\u00edses fuertes financieramente como Espa\u00f1a. Que el desempleo aumentar\u00eda hasta el grado de haber hambruna en todo el pa\u00eds, cuando nuestro pa\u00eds est\u00e1 ubicado como los menos afectados en su econom\u00eda, despu\u00e9s de la pandemia. Tambi\u00e9n dijeron que habr\u00eda fuga de capitales cuando hay muchos pa\u00edses interesados en invertir en M\u00e9xico.<\/strong><\/span><\/p>\n<p class=\"p1\"><span style=\"font-size: 14pt;\">A nivel internacional no se quedaron atr\u00e1s, porque aseguraban que M\u00e9xico al caminar al comunismo iba a provocar la invasi\u00f3n militar de Estados Unidos. Aseguraron que era un peligro para M\u00e9xico porque nos acercar\u00eda a una realidad similar a la de Venezuela y Cuba, como si conocieran esos pa\u00edses. Ya se comprob\u00f3 que son escenarios tan diferentes como lejanos.<\/span><\/p>\n<p class=\"p1\"><span style=\"font-size: 18pt;\"><strong>Ahora es momento de hacer un ejercicio de c\u00f3mo estar\u00eda M\u00e9xico si continuaran en el poder el PAN o el PRI, sobre todo despu\u00e9s de la pandemia porque el Sector Salud lo ten\u00edan secuestrado pol\u00edticos sin escr\u00fapulos que negociaban con el sobre precio de los medicamentos y especulaban con su escasez. Donde estaba incluidos funcionarios p\u00fablicos, ex rectores de la UNAM, ex gobernadores, las muertes se hubieran duplicado si el presidente fue el actual pr\u00f3fugo de la justicia Ricardo Anaya, o el que nunca vio como entraba y como sal\u00eda el dinero para Garc\u00eda Luna, Jos\u00e9 Antonio Meade.<\/strong><\/span><\/p>\n<p class=\"p1\"><span style=\"font-size: 14pt;\">Un periodista que recientemente sufri\u00f3 un atentado influido por la inercia de cuestionamientos de la oposici\u00f3n lleg\u00f3 a asegurar que M\u00e9xico se tardar\u00eda 8 a\u00f1os en vacunar a su poblaci\u00f3n, aclar\u00f3 que los pa\u00edses que tiene cerca de su coraz\u00f3n, como Israel, se tardar\u00eda 4 semanas, tiene 9 millones de habitantes, y Estados Unidos 6 meses, pero el vecino pa\u00eds del norte todav\u00eda no vacuna a toda su poblaci\u00f3n que es de 337 millones de habitantes, se han vacunado 300 millones, y por diferentes razones no han concluido totalmente este proceso de inmunizaci\u00f3n.<\/span><\/p>\n<p class=\"p1\"><span style=\"font-size: 18pt;\"><strong>El Sector Salud es un \u00e1rea de la administraci\u00f3n p\u00fablica desconocida para la oposici\u00f3n, porque nunca trabajaron en ella, simplemente la negociaron y le sacaron jugo a costa de la salud y la vida de millones de mexicanos. Ah\u00ed est\u00e1 el caso de m\u00e1s de 300 hospitales que supuestamente inaugur\u00f3 Enrique Pe\u00f1a Nieto, de los cuales s\u00f3lo existe la fachada.<\/strong><\/span><\/p>\n<p>&nbsp;<\/p>\n<p class=\"p1\"><span style=\"font-size: 18pt; color: #e42d33;\"><b>M\u00c9DICOS CUBANOS<\/b><\/span><\/p>\n<p class=\"p1\"><span style=\"font-size: 14pt;\">El caso de los m\u00e9dicos cubanos fue muy claro, y donde tambi\u00e9n han quedado en rid\u00edculo sus cr\u00edticos porque desde los primeros que llegaron a territorio nacional, y prestan sus servicios en 11 estados del pa\u00eds, y han salvado 162 mil vidas mexicanas. Es necesario aclarar que para que los especialistas de la salud provenientes de la isla caribe\u00f1a llegaran a laborar en el pa\u00eds, M\u00e9xico estableci\u00f3 un convenio con Cuba para este objetivo.<\/span><\/p>\n<p class=\"p1\"><span style=\"font-size: 18pt;\"><strong>Adem\u00e1s, el viernes pasado, durante la conferencia presidencial matutina, el presidente Andr\u00e9s Manuel L\u00f3pez Obrador, adelant\u00f3 cu\u00e1les ser\u00edan los temas que tratar\u00eda en la reuni\u00f3n bilateral con su hom\u00f3logo cubano. Entre ellos destac\u00f3 la importaci\u00f3n de balastro, la situaci\u00f3n del bloqueo de Estados Unidos a Cuba y sobre la posible llegada de m\u00e1s m\u00e9dicos cubanos a nuestro pa\u00eds. Hubo alg\u00fan columnista que ni mexicano es que anunci\u00f3 que el Presidente de Cuba ven\u00eda por dinero. Otro rid\u00edculo que desgasta la pol\u00edtica opositora.<\/strong><\/span><\/p>\n<p>&nbsp;<\/p>\n<p><img loading=\"lazy\" decoding=\"async\" class=\"aligncenter wp-image-16074 size-large\" src=\"https:\/\/politicosaldesnudo.com.mx\/wp-content\/uploads\/2023\/02\/P-AMLO-DIAZ-CANEL-1024x573.png\" alt=\"\" width=\"800\" height=\"448\" \/><\/p>\n<p>&nbsp;<\/p>\n<p class=\"p1\"><span style=\"font-size: 14pt;\">La bola de cristal se les descompuso y la br\u00fajula se les perdi\u00f3. Y sigui\u00f3 as\u00ed desde el inicio del sexenio, cuando la oposici\u00f3n se dio cuenta que la poblaci\u00f3n no quiere nada con ellos, a juzgar por el amplio margen de diferencia en el n\u00famero de votos.<\/span><\/p>\n<p class=\"p1\"><span style=\"font-size: 14pt;\">Que a partir de ese momento en el que iniciaron la antipatri\u00f3tica estrategia de los amparos que forzaron al gobierno a gastar m\u00e1s en la obra p\u00fablica ante la suspensi\u00f3n de actividades alas que obligaron esos asuntos legales. El primero fue contra la construcci\u00f3n del Aeropuerto de Texcoco que no hubiera podido funcionar en \u00e9poca de lluvias, como pudo apreciarse una vez suspendida la obra. Y as\u00ed se multiplicaron las denuncias y los amparos como una manera de hacer pol\u00edtica de una oposici\u00f3n que, al carecen de propuestas e ideas pol\u00edticas, llev\u00f3 al terreno judicial, su \u00fanica aportaci\u00f3n a la historia.<\/span><\/p>\n<p class=\"p1\"><span style=\"font-size: 18pt;\"><strong>Las denuncias se multiplicaron contra el Tren Maya por un grupo de traficantes de animales que se opusieron a que sus negocios il\u00edcitos fueran descubiertos al contar en la zona con la presencia de autoridades. As\u00ed, uno a uno los ampararon han mostrado que fueron no s\u00f3lo innecesarios sino mal intencionados y en la intenci\u00f3n de repetir muchas veces la misma pr\u00e1ctica la oposici\u00f3n se fue quedando sin credibilidad y acerc\u00e1ndose al terreno de lo rid\u00edculo.<\/strong><\/span><\/p>\n<p class=\"p1\"><span style=\"font-size: 18pt;\"><strong>En cuanto a las cr\u00edticas al Aeropuerto Internacional Felipe \u00c1ngeles, que quiere destruir Enrique de la Madrid si llega a ser Presidente de la Rep\u00fablica, super\u00f3 desde hace semanas el mill\u00f3n de pasajeros. Por su parte, los logros del AIFA, han creado la figura de los viudos del aeropuerto de Texcoco, dados los reveses que han recibido sus detractores, ya que est\u00e1 dentro de los 10 aeropuertos con m\u00e1s vuelos en el pa\u00eds de los 78 que hay en el pa\u00eds.<\/strong><\/span><\/p>\n<p class=\"p1\"><span style=\"font-size: 14pt;\">Hasta la candidata de la alianza opositora, Alejandra del Moral Vela, se ha expresado en buenos t\u00e9rminos del AIFA, al decir que es un proyecto que beneficia a los mexiquenses, por lo que se tiene que defender y promover\u201d.<\/span><\/p>\n<p class=\"p1\"><span style=\"font-size: 14pt;\">De tal suerte que la oposici\u00f3n se convirti\u00f3 en un adorno primero y en una burla despu\u00e9s. Ah\u00ed est\u00e1 el caso de la obra de ocho escalones que construy\u00f3 la alcaldesa de \u00c1lvaro Obreg\u00f3n para que los ni\u00f1os tuvieran acceso a un parque, donde por esa escalinata se gastaron millones de pesos, a pesar de que carec\u00eda de barandales y de una rampa especial para discapacitados.<\/span><\/p>\n<p class=\"p1\"><span style=\"font-size: 18pt;\"><strong>En su af\u00e1n por destruir el pa\u00eds, trataron de enemistar al gobierno de Estados Unidos con el nuestro, y desde las elecciones que dieron el triunfo a Joe Biden, exigieron al Presidente de la Rep\u00fablica lo felicitara por su victoria antes de que los resultados fueran oficiales, en una falta de seriedad propia de aprendices de peleas de gallos.<\/strong><\/span><\/p>\n<p class=\"p1\"><span style=\"font-size: 18pt;\"><strong>Insistieron en ese pleito hasta el d\u00eda de hoy, porque con la vista del presidente de Cuba, Miguel D\u00edaz-Canel, auguraron que habr\u00eda roces entre el vecino pa\u00eds y el gobierno de M\u00e9xico, cuando en realidad la administraci\u00f3n de la Casa Blanca ve como una posibilidad terminar pronto con el embargo a la isla de Cuba, porque le resulta muy oneroso esta batalla sin fin.<\/strong><\/span><\/p>\n<p class=\"p1\"><span style=\"font-size: 14pt;\">As\u00ed, una vez m\u00e1s la oposici\u00f3n se ve rebasada por una realidad que no acaba de entender, pero c\u00f3mo puede conocer algo por lo que nunca se ha preocupado que es la realidad.<\/span><\/p>\n<p class=\"p1\"><span style=\"font-size: 14pt;\">Sabotearon todas las obras del sexenio desde el Tren Maya hasta la refiner\u00eda Dos Bocas, inventaron que con las lluvias se inundaba cuando en realidad, lo que fue un verdadero lago en esos d\u00edas era lo que ser\u00eda el aeropuerto de Texcoco. Utilizaron a los medios como se les dio la gana y los medios se hicieron c\u00f3mplices de las mentiras de una oposici\u00f3n que mostraba s\u00f3lo desesperaci\u00f3n porque sus mentiras se ca\u00edan una a una, frente a los ojos de la poblaci\u00f3n que exig\u00eda una disidencia madura, estrat\u00e9gica, con propuestas s\u00f3lidas, con ideas congruentes.<\/span><\/p>\n<p class=\"p1\"><span style=\"font-size: 18pt;\"><strong>La oposici\u00f3n perdi\u00f3 el respeto de la poblaci\u00f3n y lo ha demostrado en su votaci\u00f3n que tiene como preferidos a la abstenci\u00f3n o a Morena, pero nada m\u00e1s, donde la oposici\u00f3n se ha nulificado as\u00ed misma como nunca antes hab\u00eda sucedido en M\u00e9xico.<\/strong><\/span><\/p>\n<p class=\"p1\"><span style=\"font-size: 14pt;\">Esta conducta ha hecho que el PRI tenga actualmente tres gubernaturas y el PAN cinco. Movimiento Ciudadano tiene dos, y el resto son de Morena, partido que tiene 12 a\u00f1os de vida. Comparado con el PRI 94, y el PAN, un poco m\u00e1s joven, 84 a\u00f1os.<\/span><\/p>\n<p class=\"p1\"><span style=\"font-size: 18pt;\"><strong>Los mexicanos exigen una oposici\u00f3n seria, que vaya a la vanguardia y no a la zaga de los acontecimientos, que sea seria y tenga conocimiento de su responsabilidad hist\u00f3rica.<\/strong><\/span><\/p>\n<p>&nbsp;<\/p>\n<p class=\"p1\"><span style=\"font-size: 18pt; color: #e42d33;\"><b>PEGA Y CORRE<\/b><\/span><\/p>\n<p class=\"p1\"><span style=\"font-size: 14pt;\">Cerraron las precampa\u00f1as en el Estado de M\u00e9xico. Las encuestas que le dan el triunfo a la alianza opositora fueron desmentidas por el propio Alejandro Morena C\u00e1rdenas, quien dijo que la estrategia del PRI no es la mentira\u2026 Esta columna se publica los lunes, mi\u00e9rcoles y viernes.<\/span><\/p>\n<p>&nbsp;<\/p>\n<p><em><span style=\"font-size: 18pt;\"><strong>Esta columna se publica los lunes, mi\u00e9rcoles y viernes<\/strong><\/span><\/em><\/p>\n<p>&nbsp;<\/p>\n<hr \/>\n<p>&nbsp;<\/p>\n<p><img loading=\"lazy\" decoding=\"async\" class=\"aligncenter wp-image-11449\" src=\"http:\/\/noticiasveracruz.com\/wp-content\/uploads\/2023\/01\/FIRMA-EDITORIAL-NV-300x37.png\" alt=\"\" width=\"1000\" height=\"122\" srcset=\"https:\/\/noticiasveracruz.com\/wp-content\/uploads\/2023\/01\/FIRMA-EDITORIAL-NV-300x37.png 300w, https:\/\/noticiasveracruz.com\/wp-content\/uploads\/2023\/01\/FIRMA-EDITORIAL-NV-1024x125.png 1024w, https:\/\/noticiasveracruz.com\/wp-content\/uploads\/2023\/01\/FIRMA-EDITORIAL-NV-768x94.png 768w, https:\/\/noticiasveracruz.com\/wp-content\/uploads\/2023\/01\/FIRMA-EDITORIAL-NV-1536x188.png 1536w, https:\/\/noticiasveracruz.com\/wp-content\/uploads\/2023\/01\/FIRMA-EDITORIAL-NV-2048x250.png 2048w\" sizes=\"auto, (max-width: 1000px) 100vw, 1000px\" \/><\/p>\n<p>&nbsp;<\/p>\n<p>&nbsp;<\/p>\n<p>&nbsp;<\/p>\n","protected":false},"excerpt":{"rendered":"<p>&nbsp; Por \u00c1ngel \u00c1lvaro Pe\u00f1a La oposici\u00f3n no s\u00f3lo ha sido rebasada por lo que han tratado de pronosticar sino<\/p>\n","protected":false},"author":4,"featured_media":3187,"comment_status":"closed","ping_status":"closed","sticky":false,"template":"","format":"standard","meta":{"colormag_page_container_layout":"default_layout","colormag_page_sidebar_layout":"default_layout","_jetpack_memberships_contains_paid_content":false,"footnotes":"","jetpack_publicize_message":"","jetpack_publicize_feature_enabled":true,"jetpack_social_post_already_shared":true,"jetpack_social_options":{"image_generator_settings":{"template":"highway","default_image_id":0,"font":"","enabled":false},"version":2}},"categories":[6],"tags":[662,65,372,718,31,385,388],"class_list":["post-12738","post","type-post","status-publish","format-standard","has-post-thumbnail","hentry","category-columnistas","tag-aifa","tag-andres-manuel-lopez-obrador","tag-cuba","tag-medicos","tag-mexico","tag-oposicion","tag-tren-maya"],"jetpack_publicize_connections":[],"jetpack_featured_media_url":"https:\/\/noticiasveracruz.com\/wp-content\/uploads\/2022\/04\/A\u0301NGEL-A\u0301LVARO-PEN\u0303A.png","jetpack_sharing_enabled":true,"publishpress_future_action":{"enabled":false,"date":"2026-05-06 16:00:08","action":"change-status","newStatus":"draft","terms":[],"taxonomy":"category","extraData":[]},"publishpress_future_workflow_manual_trigger":{"enabledWorkflows":[]},"_links":{"self":[{"href":"https:\/\/noticiasveracruz.com\/index.php\/wp-json\/wp\/v2\/posts\/12738","targetHints":{"allow":["GET"]}}],"collection":[{"href":"https:\/\/noticiasveracruz.com\/index.php\/wp-json\/wp\/v2\/posts"}],"about":[{"href":"https:\/\/noticiasveracruz.com\/index.php\/wp-json\/wp\/v2\/types\/post"}],"author":[{"embeddable":true,"href":"https:\/\/noticiasveracruz.com\/index.php\/wp-json\/wp\/v2\/users\/4"}],"replies":[{"embeddable":true,"href":"https:\/\/noticiasveracruz.com\/index.php\/wp-json\/wp\/v2\/comments?post=12738"}],"version-history":[{"count":0,"href":"https:\/\/noticiasveracruz.com\/index.php\/wp-json\/wp\/v2\/posts\/12738\/revisions"}],"wp:featuredmedia":[{"embeddable":true,"href":"https:\/\/noticiasveracruz.com\/index.php\/wp-json\/wp\/v2\/media\/3187"}],"wp:attachment":[{"href":"https:\/\/noticiasveracruz.com\/index.php\/wp-json\/wp\/v2\/media?parent=12738"}],"wp:term":[{"taxonomy":"category","embeddable":true,"href":"https:\/\/noticiasveracruz.com\/index.php\/wp-json\/wp\/v2\/categories?post=12738"},{"taxonomy":"post_tag","embeddable":true,"href":"https:\/\/noticiasveracruz.com\/index.php\/wp-json\/wp\/v2\/tags?post=12738"}],"curies":[{"name":"wp","href":"https:\/\/api.w.org\/{rel}","templated":true}]}}