{"id":12735,"date":"2023-02-13T01:12:06","date_gmt":"2023-02-13T07:12:06","guid":{"rendered":"https:\/\/noticiasveracruz.com\/?p=12735"},"modified":"2023-02-13T01:13:15","modified_gmt":"2023-02-13T07:13:15","slug":"los-escalones-de-lia","status":"publish","type":"post","link":"https:\/\/noticiasveracruz.com\/index.php\/2023\/02\/13\/los-escalones-de-lia\/","title":{"rendered":"Los escalones de L\u00eda"},"content":{"rendered":"<p>&nbsp;<\/p>\n<p class=\"p1\"><span style=\"font-size: 18pt;\"><b>Por Jos\u00e9 P\u00e1ramo Castro<\/b><\/span><\/p>\n<p class=\"p1\"><span style=\"font-size: 14pt;\">Algo sucede en los gobiernos del PAN que no encaja en la l\u00f3gica, por elemental que \u00e9sta sea. M\u00e1s de una senadora de ese partido surgi\u00f3 de entre el infierno de su frustraci\u00f3n a decir que la Refiner\u00eda de Dos Bocas, no refiner\u00eda crudo sino hasta dentro de unos meses, que de nada serv\u00eda haberla inaugurado. Se le olvid\u00f3 que su correligionario, Felipe Calder\u00f3n gast\u00f3 el mismo dinero que si hubiera construido una en una barda que ocultara la verg\u00fcenza de no erigirla.<\/span><\/p>\n<p class=\"p1\"><span style=\"font-size: 18pt;\"><strong>El recorrido del tren Maya seguramente ha sido la obra de infraestructura con m\u00e1s amparos, con el pretexto de que da\u00f1aba el patrimonio ecol\u00f3gico. La consigna de los supuestos ecologistas del conservadurismo trata de impedir una obra que en sus gobiernos no han sido capaces de realizar. Pero si tienen el valor de anunciar una obra de ocho escalones en la alcald\u00eda \u00c1lvaro Obreg\u00f3n, como si se tratara de una infraestructura que transforme el habitad de los habitantes del pa\u00eds.<\/strong><\/span><\/p>\n<p class=\"p1\"><span style=\"font-size: 18pt; color: #e42d33;\"><strong>Despu\u00e9s de que la alcaldesa de esa circunscripci\u00f3n fue una delas m\u00e1s rabiosas cr\u00edticas de todas las obras del gobierno dela capital, incluso de las m\u00e1s audaces en culpar de falta de mantenimiento y de exceso de negligencia a gobierno de la Ciudad de M\u00e9xico, no puede menos que realizar obras de esa envergadura en silencio. Cualquier vecino compra dos bultos de cemento y hace no s\u00f3lo ocho escalones sino 16 en silencio en un fin de semana.<\/strong><\/span><\/p>\n<p>&nbsp;<\/p>\n<p><img loading=\"lazy\" decoding=\"async\" class=\"aligncenter wp-image-16071 size-large\" src=\"https:\/\/politicosaldesnudo.com.mx\/wp-content\/uploads\/2023\/02\/P-ESCALERAS-LIA-LIMON-1024x573.png\" alt=\"\" width=\"800\" height=\"448\" \/><\/p>\n<p>&nbsp;<\/p>\n<p class=\"p1\"><span style=\"font-size: 18pt; color: #e42d33;\"><b>TRABAJO DE L\u00cdA<\/b><\/span><\/p>\n<p class=\"p1\"><span style=\"font-size: 14pt;\">Luego de tanta cr\u00edtica a la jefa de gobierno se espera que su trabajo sea no s\u00f3lo espectacular sino asombroso, que se convierta en s\u00edmbolo de la ciudad, en un referente del panorama de esa gran ciudad. Pero su capacidad y su desprecio a la poblaci\u00f3n para que al e debe gobernar el lleva a pensar que con ocho escalones van a calificar de buena su gesti\u00f3n.<\/span><\/p>\n<p class=\"p1\"><span style=\"font-size: 18pt;\"><strong>La verborrea de los panistas es su peor enemigo. No requieren contrincante, ellos mismos se anula y derrotan. La alcaldesa considera que le hizo un favor a los ni\u00f1os de un parque con esos tres juegos. Un par de resbaladillas y un columpio, cuando sabe que su deber es trabajar m\u00e1s e invertir mejor el dinero que s\u00f3lo canaliza a sus similares.<\/strong><\/span><\/p>\n<p class=\"p1\"><span style=\"font-size: 14pt;\">El video donde se encuentran los escalones flamantes, carecen de rampa para ni\u00f1os discapacitados, no tienen barandales, no hay colorido propio de ni\u00f1os. No hay calle, son veredas de lodo que deber\u00edan desaparecer en una alcald\u00eda donde hay muchos vicios y demasiadas carencias. Hay colonias donde muere una persona violentamente cada d\u00eda, donde se vende droga, donde hay ri\u00f1as cotidianas fiestas, escandalosas donde cada semana cierran calles, y una serie de problemas que no ha sido capaz L\u00eda Lim\u00f3n de resolver, por el simple hecho de que eso no le da imagen ni dinero.<\/span><\/p>\n<p>&nbsp;<\/p>\n<p class=\"p1\"><span style=\"font-size: 18pt; color: #e42d33;\"><b>GUARDER\u00cdAS DE PANISTAS<\/b><\/span><\/p>\n<p class=\"p1\"><span style=\"font-size: 18pt;\"><strong>L\u00eda Lim\u00f3n, junto a Margarita Zavala y Mariana G\u00f3mez del Campo, son se\u00f1aladas por la creaci\u00f3n de las guarder\u00edas subrogadas y, de esta manera, del incendio en la Guarder\u00eda ABC. Tras sus omisiones en el incendia, se deslind\u00f3 acusando que era responsabilidad el IMSS.<\/strong><\/span><\/p>\n<p class=\"p1\"><span style=\"font-size: 14pt;\">En 2003 se cas\u00f3 con Luis Carlos Ugalde, instrumentador del fraude electoral en 2006, cuando este fue presidente del IFE.<\/span><\/p>\n<p class=\"p1\"><span style=\"font-size: 14pt;\">Con Enrique Pe\u00f1a Nieto, L\u00eda fue subsecretaria de Gobernaci\u00f3n, desde donde intent\u00f3 repartir dinero a los familiares de las v\u00edctimas de Ayotzinapa para que olvidaran lo sucedido.<\/span><\/p>\n<p class=\"p1\"><span style=\"font-size: 18pt;\"><strong>Durante toda su carrera pol\u00edtica ha acumulado una gran cantidad de inmuebles ubicados en zonas de alto costo como Polanco, Santa Fe, San \u00c1ngel y Valle de Bravo, ella asegura que son donaciones, las cuales forman parte de sus omisiones en sus declaraciones patrimoniales. El valor total de las casas ascienda a los 50 millones de pesos.<\/strong><\/span><\/p>\n<p class=\"p1\"><span style=\"font-size: 14pt;\">La l\u00f3gica no les ayuda a los panistas porque sus gobiernos est\u00e1n copeteados de sospechas sobre malos manejos, opacidad y ma\u00f1as. Y as\u00ed quiere ser jefa de gobierno L\u00eda Lim\u00f3n.<\/span><\/p>\n<p>&nbsp;<\/p>\n<hr \/>\n<p>&nbsp;<\/p>\n<p><img loading=\"lazy\" decoding=\"async\" class=\"aligncenter wp-image-11449\" src=\"http:\/\/noticiasveracruz.com\/wp-content\/uploads\/2023\/01\/FIRMA-EDITORIAL-NV-300x37.png\" alt=\"\" width=\"1000\" height=\"122\" srcset=\"https:\/\/noticiasveracruz.com\/wp-content\/uploads\/2023\/01\/FIRMA-EDITORIAL-NV-300x37.png 300w, https:\/\/noticiasveracruz.com\/wp-content\/uploads\/2023\/01\/FIRMA-EDITORIAL-NV-1024x125.png 1024w, https:\/\/noticiasveracruz.com\/wp-content\/uploads\/2023\/01\/FIRMA-EDITORIAL-NV-768x94.png 768w, https:\/\/noticiasveracruz.com\/wp-content\/uploads\/2023\/01\/FIRMA-EDITORIAL-NV-1536x188.png 1536w, https:\/\/noticiasveracruz.com\/wp-content\/uploads\/2023\/01\/FIRMA-EDITORIAL-NV-2048x250.png 2048w\" sizes=\"auto, (max-width: 1000px) 100vw, 1000px\" \/><\/p>\n<p>&nbsp;<\/p>\n<p>&nbsp;<\/p>\n<p>&nbsp;<\/p>\n<p>&nbsp;<\/p>\n<p>&nbsp;<\/p>\n<p>&nbsp;<\/p>\n","protected":false},"excerpt":{"rendered":"<p>&nbsp; Por Jos\u00e9 P\u00e1ramo Castro Algo sucede en los gobiernos del PAN que no encaja en la l\u00f3gica, por elemental<\/p>\n","protected":false},"author":4,"featured_media":3569,"comment_status":"closed","ping_status":"closed","sticky":false,"template":"","format":"standard","meta":{"colormag_page_container_layout":"default_layout","colormag_page_sidebar_layout":"default_layout","_jetpack_memberships_contains_paid_content":false,"footnotes":"","jetpack_publicize_message":"","jetpack_publicize_feature_enabled":true,"jetpack_social_post_already_shared":true,"jetpack_social_options":{"image_generator_settings":{"template":"highway","default_image_id":0,"font":"","enabled":false},"version":2}},"categories":[6],"tags":[2101,598,2100,74],"class_list":["post-12735","post","type-post","status-publish","format-standard","has-post-thumbnail","hentry","category-columnistas","tag-alcaldia-alvaro-obregon","tag-ciudad-de-mexico","tag-lia-limon","tag-pan"],"jetpack_publicize_connections":[],"jetpack_featured_media_url":"https:\/\/noticiasveracruz.com\/wp-content\/uploads\/2022\/04\/NV-JOSE\u0301-PA\u0301RAMO.png","jetpack_sharing_enabled":true,"publishpress_future_action":{"enabled":false,"date":"2026-05-06 15:18:47","action":"change-status","newStatus":"draft","terms":[],"taxonomy":"category","extraData":[]},"publishpress_future_workflow_manual_trigger":{"enabledWorkflows":[]},"_links":{"self":[{"href":"https:\/\/noticiasveracruz.com\/index.php\/wp-json\/wp\/v2\/posts\/12735","targetHints":{"allow":["GET"]}}],"collection":[{"href":"https:\/\/noticiasveracruz.com\/index.php\/wp-json\/wp\/v2\/posts"}],"about":[{"href":"https:\/\/noticiasveracruz.com\/index.php\/wp-json\/wp\/v2\/types\/post"}],"author":[{"embeddable":true,"href":"https:\/\/noticiasveracruz.com\/index.php\/wp-json\/wp\/v2\/users\/4"}],"replies":[{"embeddable":true,"href":"https:\/\/noticiasveracruz.com\/index.php\/wp-json\/wp\/v2\/comments?post=12735"}],"version-history":[{"count":0,"href":"https:\/\/noticiasveracruz.com\/index.php\/wp-json\/wp\/v2\/posts\/12735\/revisions"}],"wp:featuredmedia":[{"embeddable":true,"href":"https:\/\/noticiasveracruz.com\/index.php\/wp-json\/wp\/v2\/media\/3569"}],"wp:attachment":[{"href":"https:\/\/noticiasveracruz.com\/index.php\/wp-json\/wp\/v2\/media?parent=12735"}],"wp:term":[{"taxonomy":"category","embeddable":true,"href":"https:\/\/noticiasveracruz.com\/index.php\/wp-json\/wp\/v2\/categories?post=12735"},{"taxonomy":"post_tag","embeddable":true,"href":"https:\/\/noticiasveracruz.com\/index.php\/wp-json\/wp\/v2\/tags?post=12735"}],"curies":[{"name":"wp","href":"https:\/\/api.w.org\/{rel}","templated":true}]}}