{"id":12732,"date":"2023-02-13T01:05:46","date_gmt":"2023-02-13T07:05:46","guid":{"rendered":"https:\/\/noticiasveracruz.com\/?p=12732"},"modified":"2023-02-13T01:05:46","modified_gmt":"2023-02-13T07:05:46","slug":"vision-soberanista-antiglobalista","status":"publish","type":"post","link":"https:\/\/noticiasveracruz.com\/index.php\/2023\/02\/13\/vision-soberanista-antiglobalista\/","title":{"rendered":"Visi\u00f3n soberanista, antiglobalista"},"content":{"rendered":"<p class=\"p1\">\n<p>&nbsp;<\/p>\n<p class=\"p1\"><span style=\"font-size: 18pt;\"><b>Por Francisco Blanco Calder\u00f3n<\/b><\/span><\/p>\n<p>&nbsp;<\/p>\n<p class=\"p1\"><span style=\"font-size: 18pt;\">Segunda Parte<\/span><\/p>\n<p class=\"p1\"><span style=\"font-size: 14pt;\">El desaf\u00edo soberanista pone a prueba la visi\u00f3n aut\u00f3noma e independiente de un pa\u00eds. Con el principio de las nacionalidades se pretende pasar del Estado-Naci\u00f3n a la Naci\u00f3n-Estado, con la pretensi\u00f3n de que las naciones culturales se conviertan en Estado y obtengan su propia soberan\u00eda.<\/span><\/p>\n<p class=\"p1\"><span style=\"font-size: 14pt;\">El experto en geopol\u00edtica, Alfredo Jalife-Rahme sostiene que el conflicto actual entre Rusia y Ucrania es una singularidad donde se condensan varias guerras en una: civil, teol\u00f3gica y alimentaria, as\u00ed como las de car\u00e1cter financiero y econ\u00f3mico, por las materias primas, y demogr\u00e1fica; sin embargo, lo que est\u00e1 en pugna es el fin del globalismo y el inicio del mundo multipolar. Por eso el enfoque de gobiernos de izquierda ya han dejado atr\u00e1s, ese paradigma geom\u00e9trico, y propone la visi\u00f3n soberanista para gobiernos progresistas que sustentan sus pol\u00edticas econ\u00f3micas y sociales en el beneficio del pueblo, en contraste con los gobiernos conservadores, antes de derecha, de pretender conservar la explotaci\u00f3n de las riquezas naturales en beneficio de las empresas trasnacionales como socios y c\u00f3mplices para denostar el saqueo despiadado por la corrupci\u00f3n, las privatizaciones y la entrega de los recursos energ\u00e9ticos, minerales, agroalimentarios y costeros. La visi\u00f3n del libre mercado globalista contra la realidad actual del mercado interdependiente y multilateral. No gobernar para muy pocos, sino los recursos y gasto p\u00fablico debe ser para todos. Siendo esta la s\u00edntesis de naciones soberanistas contrapuestas a las conservadoras. Desde hace a\u00f1os insiste en que el mundo camina hacia la desglobalizaci\u00f3n. Ante un mundo convulsionado por los grandes cambios que se avecinan, sus reflexiones aportan valiosos datos para pensar la situaci\u00f3n.<span class=\"Apple-converted-space\">\u00a0 <\/span>La oposici\u00f3n en M\u00e9xico es tonta y capaz de decir cualquier cosa, por eso no crece:<span class=\"Apple-converted-space\">\u00a0 <\/span>A manera de burla el analista geopol\u00edtico,<span class=\"Apple-converted-space\">\u00a0 <\/span>coment\u00f3 que<span class=\"Apple-converted-space\">\u00a0 <\/span>\u201cla oposici\u00f3n es tan tonta que recurre a decir barbaridad y media\u201d, como tambi\u00e9n asever\u00f3 Ad\u00e1n Augusto L\u00f3pez, y a eso se debe su debilidad.<\/span><\/p>\n<p>&nbsp;<\/p>\n<p class=\"p1\"><span style=\"font-size: 18pt; color: #ed4233;\"><b>OPOSICI\u00d3N FANTASMA<\/b><\/span><\/p>\n<p class=\"p1\"><span style=\"font-size: 18pt;\"><strong>La oposici\u00f3n en M\u00e9xico lanz\u00f3 nuevamente, otra organizaci\u00f3n pol\u00edtica, enga\u00f1osamente ciudadana, uniendo a pol\u00edticos neoliberales y a empresarios globalistas, recibiendo el respaldo de Movimiento Ciudadano, con Dante Delgado como promotor y operador principal. Lejos del Va por M\u00e9xico y de S\u00ed por M\u00e9xico, Frena, las marchas del INE No Se Toca, plataformas m\u00e1s visibles en el panorama opositor, surge ahora \u201cMexicolectivo\u201d como una tercera v\u00eda para enfrentar a L\u00f3pez Obrador y a Morena en las urnas 2023-2024. <\/strong><\/span><\/p>\n<p class=\"p1\"><span style=\"font-size: 14pt;\">La ciudadanizaci\u00f3n clasemediera en boga. El documento Punto de Partida pretende movilizar las conciencias de quienes quieren, insisten, en el retorno de los brujos. Neoliberales, \u00e1vidos de poder, v\u00eda corrupci\u00f3n irrefrenable, asociaci\u00f3n delictuosa con el crimen organizado, respaldo manipulador de medios de comunicaci\u00f3n, mensajes<span class=\"Apple-converted-space\">\u00a0 <\/span>desde los p\u00falpitos de la jerarqu\u00eda eclesi\u00e1stica, financiamiento directo del empresariado trasnacional y los intereses internacionalistas del capitalismo en decadencia: El documento describe lo que podr\u00eda contener una dosis de autocr\u00edtica de varios de los presentes, muchos pol\u00edticos y exservidores p\u00fablicos: \u201cNuestra desgracia no empez\u00f3 ayer\u201d. Su desgracia se inici\u00f3 en julio del 2018, sin tener fecha fija de culminaci\u00f3n, que bien podr\u00eda durar m\u00e1s que la de los sexenios neoliberales que destruyeron a la naci\u00f3n.<\/span><\/p>\n<p>&nbsp;<\/p>\n<p class=\"p1\"><span style=\"font-size: 18pt; color: #ed4233;\"><b>CONMEMORACI\u00d3N DE LA CONSTITUCI\u00d3N<\/b><\/span><\/p>\n<p class=\"p1\"><span style=\"font-size: 14pt;\">En conmemoraci\u00f3n del 106 Aniversario de la Promulgaci\u00f3n de la Constituci\u00f3n Pol\u00edtica de los Estados Unidos Mexicanos desde Quer\u00e9taro, el presidente Andr\u00e9s Manuel L\u00f3pez Obrador resalt\u00f3 que durante lo que \u00e9l llama el periodo neoliberal haya habido una reforma a la Carta Magna en beneficio del pueblo sin embargo en ese periodo se modificaron, reformaron y sustituyeron mas de 400 art\u00edculos de la Carta Magna, en dicha ceremonia<span class=\"Apple-converted-space\">\u00a0 <\/span>estuvieron la Ministra Presidenta de la Suprema Corte, Norma Luc\u00eda Pi\u00f1a Hern\u00e1ndez; Santiago Creel, presidente de la C\u00e1mara de Diputados; quienes est\u00e1n cuajando el caso mexicano del Lawfare (guerra judicial)<span class=\"Apple-converted-space\">\u00a0 <\/span>que se avecina para el 2024. <\/span><\/p>\n<p class=\"p1\"><span style=\"font-size: 18pt;\"><strong>L\u00f3pez Obrador asegur\u00f3 que en los 36 a\u00f1os de pol\u00edtica neoliberal se aprobaron reformas completamente antipopulares y contrarias al inter\u00e9s p\u00fablico, por ejemplo, dijo que se modificaron art\u00edculos esenciales para legalizar la venta de empresas p\u00fablicas, bancos, tierras ejidales, minas, entre otros. <\/strong><\/span><\/p>\n<p class=\"p1\"><span style=\"font-size: 14pt;\">Se otorgaron concesiones y contratos en materia de petr\u00f3leo, electricidad, telecomunicaciones se privatizaron los ferrocarriles, los puertos, los aeropuertos y hasta las c\u00e1rceles; se limit\u00f3 la gratuidad de la educaci\u00f3n p\u00fablica, se aumentaron impuestos para la mayor\u00eda de los consumidores mientras se condonaban pagos a grandes contribuyentes, se aprobaron leyes para convertir deudas privadas en deuda p\u00fablica. Ahora, con orgullo y con la frente en alto, puede sostener que millones de mexicanos han logrado la aprobaci\u00f3n de algunas reformas en el Congreso con el distintivo de la honestidad y el humanismo, algo contrario a lo que sucedi\u00f3 durante la administraci\u00f3n de Carlos Salinas de Gortari y los periodos neoliberales que le siguieron.<\/span><\/p>\n<p>&nbsp;<\/p>\n<p class=\"p1\"><span style=\"font-size: 18pt; color: #ed4233;\"><b>CASO GARC\u00cdA LUNA<\/b><\/span><\/p>\n<p class=\"p1\"><span style=\"font-size: 18pt;\"><strong>El titular de la Unidad de Inteligencia Financiera, Pablo G\u00f3mez, exhibi\u00f3 la lista de propiedades que empresas ligadas con el exsecretario de Seguridad P\u00fablica, Genaro Garc\u00eda Luna, adquirieron con recursos p\u00fablicos de M\u00e9xico. Es \u201cuna trama de corrupci\u00f3n\u201d las compras de inmuebles y veh\u00edculos adquiridos con dinero p\u00fablico&#8230;Durante el tiempo que Genaro Garc\u00eda Luna ejerci\u00f3 su cargo como secretario de Seguridad P\u00fablica del gobierno federal y, posteriormente a ello, teji\u00f3 una red de corrupci\u00f3n y lavado de dinero para beneficio personal y de sus socios cercanos.<span class=\"Apple-converted-space\">\u00a0 <\/span>Las redes de corrupci\u00f3n de Garc\u00eda Luna, tuvieron una duraci\u00f3n de 20 a\u00f1os, durante los sexenios de Zedillo a Calder\u00f3n incluyendo los seis a\u00f1os del gobierno del entonces presidente Enrique Pe\u00f1a Nieto.<\/strong><\/span><\/p>\n<p class=\"p1\"><span style=\"font-size: 14pt;\">Pero sobre todo como lo expres\u00f3 Ya\u00edn Ademar Dom\u00ednguez en El Mundo de C\u00f3rdoba: El juicio que se le sigue en Estados Unidos a Genaro Garc\u00eda Luna ha mostrado c\u00f3mo el narcotr\u00e1fico se infiltr\u00f3 en el gobierno de nuestro pa\u00eds, protegido por gobiernos del PRI y del PAN, desde Carlos Salinas de Gortari hasta Enrique Pe\u00f1a Nieto, pasando por los<span class=\"Apple-converted-space\">\u00a0 <\/span>panistas Vicente Fox y Felipe Calder\u00f3n Hinojosa. Fue Calder\u00f3n quien disfraz\u00f3 su lucha contra el crimen organizado en una encarnizada lucha en contra de los intereses a favor de uno de los grupos delincuenciales. El proyecto transexenal que plante\u00f3 Salinas para instaurar el neoliberalismo, con un grupo de tecn\u00f3cratas que buscaron aterrizar los principios del economista norteamericano Milton Friedman. \u00bfPor qu\u00e9 la prensa convencional ha callado el juicio? La respuesta es muy clara, porque Genaro Garc\u00eda Luna estuvo al servicio de estos gobiernos y como enlace con los narcotraficantes a los que dec\u00eda combatir. El personaje, fue empleado del narco, como refiere el periodista Jes\u00fas Lemus, autor de El licenciado, biograf\u00eda no autorizada de Garc\u00eda Luna, que cuenta a detalle c\u00f3mo se construy\u00f3 la cloaca en donde nadaron los gobiernos de PRI y PAN\u201d.<\/span><\/p>\n<p>&nbsp;<\/p>\n<hr \/>\n<p>&nbsp;<\/p>\n<p><img loading=\"lazy\" decoding=\"async\" class=\"aligncenter wp-image-11449\" src=\"http:\/\/noticiasveracruz.com\/wp-content\/uploads\/2023\/01\/FIRMA-EDITORIAL-NV-300x37.png\" alt=\"\" width=\"1000\" height=\"122\" srcset=\"https:\/\/noticiasveracruz.com\/wp-content\/uploads\/2023\/01\/FIRMA-EDITORIAL-NV-300x37.png 300w, https:\/\/noticiasveracruz.com\/wp-content\/uploads\/2023\/01\/FIRMA-EDITORIAL-NV-1024x125.png 1024w, https:\/\/noticiasveracruz.com\/wp-content\/uploads\/2023\/01\/FIRMA-EDITORIAL-NV-768x94.png 768w, https:\/\/noticiasveracruz.com\/wp-content\/uploads\/2023\/01\/FIRMA-EDITORIAL-NV-1536x188.png 1536w, https:\/\/noticiasveracruz.com\/wp-content\/uploads\/2023\/01\/FIRMA-EDITORIAL-NV-2048x250.png 2048w\" sizes=\"auto, (max-width: 1000px) 100vw, 1000px\" \/><\/p>\n<p>&nbsp;<\/p>\n<p>&nbsp;<\/p>\n<p>&nbsp;<\/p>\n<p>&nbsp;<\/p>\n<p>&nbsp;<\/p>\n<p>&nbsp;<\/p>\n<p>&nbsp;<\/p>\n<p>&nbsp;<\/p>\n","protected":false},"excerpt":{"rendered":"<p>&nbsp; Por Francisco Blanco Calder\u00f3n &nbsp; Segunda Parte El desaf\u00edo soberanista pone a prueba la visi\u00f3n aut\u00f3noma e independiente de<\/p>\n","protected":false},"author":4,"featured_media":3566,"comment_status":"closed","ping_status":"closed","sticky":false,"template":"","format":"standard","meta":{"colormag_page_container_layout":"default_layout","colormag_page_sidebar_layout":"default_layout","_jetpack_memberships_contains_paid_content":false,"footnotes":"","jetpack_publicize_message":"","jetpack_publicize_feature_enabled":true,"jetpack_social_post_already_shared":true,"jetpack_social_options":{"image_generator_settings":{"template":"highway","default_image_id":0,"font":"","enabled":false},"version":2}},"categories":[6],"tags":[],"class_list":["post-12732","post","type-post","status-publish","format-standard","has-post-thumbnail","hentry","category-columnistas"],"jetpack_publicize_connections":[],"jetpack_featured_media_url":"https:\/\/noticiasveracruz.com\/wp-content\/uploads\/2022\/04\/NV-FRANCISCO-BLANCO.png","jetpack_sharing_enabled":true,"publishpress_future_action":{"enabled":false,"date":"2026-05-06 14:39:04","action":"change-status","newStatus":"draft","terms":[],"taxonomy":"category","extraData":[]},"publishpress_future_workflow_manual_trigger":{"enabledWorkflows":[]},"_links":{"self":[{"href":"https:\/\/noticiasveracruz.com\/index.php\/wp-json\/wp\/v2\/posts\/12732","targetHints":{"allow":["GET"]}}],"collection":[{"href":"https:\/\/noticiasveracruz.com\/index.php\/wp-json\/wp\/v2\/posts"}],"about":[{"href":"https:\/\/noticiasveracruz.com\/index.php\/wp-json\/wp\/v2\/types\/post"}],"author":[{"embeddable":true,"href":"https:\/\/noticiasveracruz.com\/index.php\/wp-json\/wp\/v2\/users\/4"}],"replies":[{"embeddable":true,"href":"https:\/\/noticiasveracruz.com\/index.php\/wp-json\/wp\/v2\/comments?post=12732"}],"version-history":[{"count":0,"href":"https:\/\/noticiasveracruz.com\/index.php\/wp-json\/wp\/v2\/posts\/12732\/revisions"}],"wp:featuredmedia":[{"embeddable":true,"href":"https:\/\/noticiasveracruz.com\/index.php\/wp-json\/wp\/v2\/media\/3566"}],"wp:attachment":[{"href":"https:\/\/noticiasveracruz.com\/index.php\/wp-json\/wp\/v2\/media?parent=12732"}],"wp:term":[{"taxonomy":"category","embeddable":true,"href":"https:\/\/noticiasveracruz.com\/index.php\/wp-json\/wp\/v2\/categories?post=12732"},{"taxonomy":"post_tag","embeddable":true,"href":"https:\/\/noticiasveracruz.com\/index.php\/wp-json\/wp\/v2\/tags?post=12732"}],"curies":[{"name":"wp","href":"https:\/\/api.w.org\/{rel}","templated":true}]}}