{"id":12729,"date":"2023-02-13T01:00:55","date_gmt":"2023-02-13T07:00:55","guid":{"rendered":"https:\/\/noticiasveracruz.com\/?p=12729"},"modified":"2023-02-13T01:01:27","modified_gmt":"2023-02-13T07:01:27","slug":"alito-quiere-perder-edomex","status":"publish","type":"post","link":"https:\/\/noticiasveracruz.com\/index.php\/2023\/02\/13\/alito-quiere-perder-edomex\/","title":{"rendered":"Alito quiere perder Edomex"},"content":{"rendered":"<p>&nbsp;<\/p>\n<p class=\"p1\"><span style=\"font-size: 18pt;\"><b>Por Jos\u00e9 Garc\u00eda S\u00e1nchez<\/b><\/span><\/p>\n<p class=\"p1\"><span style=\"font-size: 14pt;\">Si hay alguien interesado en que Morena gane las elecciones en el Estado de M\u00e9xico es Alejandro Moreno C\u00e1rdenas, lo cual fortalece la hip\u00f3tesis acerca de una negociaci\u00f3n entre los altos mandos de ese partido el actual gobernador y el l\u00edder nacional del PRI.<\/span><\/p>\n<p class=\"p1\"><span style=\"font-size: 18pt;\"><strong>Desde hace meses ante la poca afluencia en un acto de la abanderada de la coalici\u00f3n, Alejandra del Moral, Alejandro C\u00e1rdenas prefiri\u00f3 salir del evento, antes de salir retratado ante la raqu\u00edtica asistencia.<\/strong><\/span><\/p>\n<p class=\"p1\"><span style=\"font-size: 18pt;\"><strong>Posteriormente, lo anunci\u00f3 en todos los medios a su alcance que rechazaba cualquier responsabilidad en el supuesto \u201cacarreo\u201d de estudiantes del Centro de Bachillerato Tecnol\u00f3gico # 2 de Metepec adjudicado a un evento de precampa\u00f1a de Alejandra del Moral.<\/strong><\/span><\/p>\n<p class=\"p1\"><span style=\"font-size: 14pt;\">Hechos por los que la diputada local Azucena Cisneros de Morena, exigi\u00f3 la destituci\u00f3n del director de la instituci\u00f3n, Ricardo L\u00f3pez; una investigaci\u00f3n de las autoridades electorales para verificar que la priista no haya incumplido la ley al dirigir su mitin a ciudadanos en general y no a militantes.<\/span><\/p>\n<p class=\"p1\"><span style=\"font-size: 18pt; color: #e42d33;\"><strong>A pesar de que el PRI neg\u00f3 la intenci\u00f3n de ensuciar un proceso interno limpio e impecable en su organizaci\u00f3n, insinu\u00f3 que hubo acarreo y lo confirm\u00f3 Alito.<\/strong><\/span><\/p>\n<p>&nbsp;<\/p>\n<p><img loading=\"lazy\" decoding=\"async\" class=\"aligncenter wp-image-16065 size-large\" src=\"https:\/\/politicosaldesnudo.com.mx\/wp-content\/uploads\/2023\/02\/P-ALITO-PRI-EDOMEX-1024x573.png\" alt=\"\" width=\"800\" height=\"448\" \/><\/p>\n<p>&nbsp;<\/p>\n<p class=\"p1\"><span style=\"font-size: 18pt; color: #e42d33;\"><b>ALIANZA MEDIOCRE<\/b><\/span><\/p>\n<p class=\"p1\"><span style=\"font-size: 14pt;\">Pero la bronca de Alito no es solo contra su propio partido en el Edomex sino contra toda la alianza que apoya la candidatura de Alejandra del Moral, al cuestionar al PAN y los panistas distinguidos, al decir que a pesar de los problemas que ha tenido con el actual gobierno \u201cA m\u00ed me sobra car\u00e1cter para enfrentar este gobierno. Siempre me persiguieron, me difamaron, me siguieron, me inventaron, persiguieron a mi familia, hicieron de todo\u201d, pero no por eso, me voy del pa\u00eds, en alusi\u00f3n directa a Ricardo Anaya, quien es pr\u00f3fugo de la justicia mexicana y vive en Estados Unidos y adem\u00e1s lo descalifica as\u00ed de la posibilidad de que Anaya intente ser candidato al Presidencia de la Rep\u00fablica por la alianza opositora.<\/span><\/p>\n<p class=\"p1\"><span style=\"font-size: 18pt;\"><strong>Es decir, debilita la alianza que puede llevar a la priista Alejandra del Moral a la gubernatura, por si fuera poco, Alito anunci\u00f3 que su partido se deslind\u00f3 de las encuestas falsas atribuidas a medios como El Universal y Animal Pol\u00edtico que colocaban a la cabeza de las preferencias rumbo a la gubernatura del Estado de M\u00e9xico a su precandidata Alejandra del Moral, lo cual est\u00e1 muy lejos de ser real, pero tambi\u00e9n con esto se enfrenta a la alianza y, sobre todo y la debilita inevitablemente.<\/strong><\/span><\/p>\n<p class=\"p1\"><span style=\"font-size: 14pt;\">\u201cEl Comit\u00e9 Directivo Estatal del PRI y la oficina de la precandidata rechazan cualquier v\u00ednculo con la serie de encuestas falsas que se publican en las redes sociales\u201d, expusieron los priistas<\/span><\/p>\n<p class=\"p1\"><span style=\"font-size: 18pt;\"><strong>\u00a0\u201cEl PRI mexiquense deja en claro que su estrategia est\u00e1 muy lejos de utilizar encuestas falsas en comunicados, conferencias de prensa o en las redes sociales\u201d, lo cual rompe con su tradici\u00f3n de crear artificialmente ganadores a trav\u00e9s de las encuestas y basarse en ellas para cometer fraude electoral. Alito dice adi\u00f3s a toda una tradici\u00f3n pri\u00edsta para que pierda Alejandra del Moral la gubernatura de su habitual basti\u00f3n.<\/strong><\/span><\/p>\n<p class=\"p1\"><span style=\"font-size: 18pt; color: #e42d33;\"><strong>Alejandro C\u00e1rdenas, quiere limpia su relaci\u00f3n con los medios, la accidentaba comunicaci\u00f3n con los medios del PAN, deja mucho que desear y da\u00f1a principalmente al l\u00edder nacional del PAN, a quien le interesa m\u00e1s su imagen personal que el triunfo electoral de su partido.<\/strong><\/span><\/p>\n<p class=\"p1\"><span style=\"font-size: 14pt;\">De ah\u00ed que Alito haya dicho que tambi\u00e9n observa grupos de inter\u00e9s que buscan lastimar la buena relaci\u00f3n del PRI con los medios de comunicaci\u00f3n. Es decir, la batalla del Edomex es solamente del PAN contra Morena.<\/span><\/p>\n<p>&nbsp;<\/p>\n<hr \/>\n<p>&nbsp;<\/p>\n<p><span style=\"font-size: 18pt;\"><strong>Twitter:\u00a0<a href=\"https:\/\/twitter.com\/Josangasa3\">@Josangasa3<\/a><\/strong><\/span><\/p>\n<p>&nbsp;<\/p>\n<p><img loading=\"lazy\" decoding=\"async\" class=\"aligncenter wp-image-11449\" src=\"http:\/\/noticiasveracruz.com\/wp-content\/uploads\/2023\/01\/FIRMA-EDITORIAL-NV-300x37.png\" alt=\"\" width=\"1000\" height=\"122\" srcset=\"https:\/\/noticiasveracruz.com\/wp-content\/uploads\/2023\/01\/FIRMA-EDITORIAL-NV-300x37.png 300w, https:\/\/noticiasveracruz.com\/wp-content\/uploads\/2023\/01\/FIRMA-EDITORIAL-NV-1024x125.png 1024w, https:\/\/noticiasveracruz.com\/wp-content\/uploads\/2023\/01\/FIRMA-EDITORIAL-NV-768x94.png 768w, https:\/\/noticiasveracruz.com\/wp-content\/uploads\/2023\/01\/FIRMA-EDITORIAL-NV-1536x188.png 1536w, https:\/\/noticiasveracruz.com\/wp-content\/uploads\/2023\/01\/FIRMA-EDITORIAL-NV-2048x250.png 2048w\" sizes=\"auto, (max-width: 1000px) 100vw, 1000px\" \/><\/p>\n<p>&nbsp;<\/p>\n<p>&nbsp;<\/p>\n<p>&nbsp;<\/p>\n<p>&nbsp;<\/p>\n<p>&nbsp;<\/p>\n<p>&nbsp;<\/p>\n<p>&nbsp;<\/p>\n<p>&nbsp;<\/p>\n","protected":false},"excerpt":{"rendered":"<p>&nbsp; Por Jos\u00e9 Garc\u00eda S\u00e1nchez Si hay alguien interesado en que Morena gane las elecciones en el Estado de M\u00e9xico<\/p>\n","protected":false},"author":4,"featured_media":0,"comment_status":"closed","ping_status":"closed","sticky":false,"template":"","format":"standard","meta":{"colormag_page_container_layout":"default_layout","colormag_page_sidebar_layout":"default_layout","_jetpack_memberships_contains_paid_content":false,"footnotes":"","jetpack_publicize_message":"","jetpack_publicize_feature_enabled":true,"jetpack_social_post_already_shared":true,"jetpack_social_options":{"image_generator_settings":{"template":"highway","default_image_id":0,"font":"","enabled":false},"version":2}},"categories":[1],"tags":[1282,380,932,276,578,74,194,213],"class_list":["post-12729","post","type-post","status-publish","format-standard","hentry","category-sin-categoria","tag-alejandra-del-moral","tag-alejandro-moreno","tag-alianza","tag-alito","tag-edomex","tag-pan","tag-pri","tag-va-por-mexico"],"jetpack_publicize_connections":[],"jetpack_featured_media_url":"","jetpack_sharing_enabled":true,"publishpress_future_action":{"enabled":false,"date":"2026-05-06 15:18:47","action":"change-status","newStatus":"draft","terms":[],"taxonomy":"category","extraData":[]},"publishpress_future_workflow_manual_trigger":{"enabledWorkflows":[]},"_links":{"self":[{"href":"https:\/\/noticiasveracruz.com\/index.php\/wp-json\/wp\/v2\/posts\/12729","targetHints":{"allow":["GET"]}}],"collection":[{"href":"https:\/\/noticiasveracruz.com\/index.php\/wp-json\/wp\/v2\/posts"}],"about":[{"href":"https:\/\/noticiasveracruz.com\/index.php\/wp-json\/wp\/v2\/types\/post"}],"author":[{"embeddable":true,"href":"https:\/\/noticiasveracruz.com\/index.php\/wp-json\/wp\/v2\/users\/4"}],"replies":[{"embeddable":true,"href":"https:\/\/noticiasveracruz.com\/index.php\/wp-json\/wp\/v2\/comments?post=12729"}],"version-history":[{"count":0,"href":"https:\/\/noticiasveracruz.com\/index.php\/wp-json\/wp\/v2\/posts\/12729\/revisions"}],"wp:attachment":[{"href":"https:\/\/noticiasveracruz.com\/index.php\/wp-json\/wp\/v2\/media?parent=12729"}],"wp:term":[{"taxonomy":"category","embeddable":true,"href":"https:\/\/noticiasveracruz.com\/index.php\/wp-json\/wp\/v2\/categories?post=12729"},{"taxonomy":"post_tag","embeddable":true,"href":"https:\/\/noticiasveracruz.com\/index.php\/wp-json\/wp\/v2\/tags?post=12729"}],"curies":[{"name":"wp","href":"https:\/\/api.w.org\/{rel}","templated":true}]}}