{"id":12726,"date":"2023-02-13T00:53:37","date_gmt":"2023-02-13T06:53:37","guid":{"rendered":"https:\/\/noticiasveracruz.com\/?p=12726"},"modified":"2023-02-13T01:39:03","modified_gmt":"2023-02-13T07:39:03","slug":"alerta-mexico-peligra-los-depredadores-al-acecho","status":"publish","type":"post","link":"https:\/\/noticiasveracruz.com\/index.php\/2023\/02\/13\/alerta-mexico-peligra-los-depredadores-al-acecho\/","title":{"rendered":"\u00a1Alerta! M\u00e9xico peligra, los depredadores al acecho"},"content":{"rendered":"<p>&nbsp;<\/p>\n<p class=\"p1\"><span style=\"font-size: 18pt;\"><b>Por Jos\u00e9 Lima Cobos<\/b><\/span><\/p>\n<p class=\"p1\"><span style=\"font-size: 14pt;\">Es un \u00a1alerta! a tiempo, a M\u00e9xico y a los mexicanos, ante el peligro que acecha la integridad econ\u00f3mica, democr\u00e1tica, social y pol\u00edtica, pues la voracidad de los enemigos internos y externos por adue\u00f1arse de la riqueza nacional no tiene limites, de ah\u00ed que es necesaria la unidad nacional en torno al proyecto de transformaci\u00f3n, sino queremos que se reduzca la esperanza de nuestros hijos en el bienestar social que reclama la Rep\u00fablica, ya que si bien los depredadores enmascarados en la democracia no tienen escr\u00fapulos de ning\u00fan g\u00e9nero y se advierte por lo mismo, se pueda reflejar en el corto tiempo, siendo una muestra por dem\u00e1s elocuente, la actitud de la ministra presidenta de la Suprema Corte de Justicia, Norma Pi\u00f1a, en el reciente evento del Aniversario de la Constituci\u00f3n de 1917, que manera descarada desprecia con su discurso y su conducta personal, la negaci\u00f3n de la justicia social.<\/span><\/p>\n<p class=\"p1\"><span style=\"font-size: 18pt;\"><strong>No se puede confiar en la calidad moral y social de los ministros de la Suprema Corte, -los ejemplos de perversidad se observan en Brasil, con el juez Moro, en Per\u00fa, con el<span class=\"Apple-converted-space\">\u00a0 <\/span>congreso antipopular que destituye a un presidente electo democr\u00e1ticamente,<span class=\"Apple-converted-space\">\u00a0 <\/span>en Bolivia con Evo Morales o en Argentina que se quiere enjuiciar a los ministros y un juez, de la misma cala\u00f1a ubica a un juez a modo y en Estados Unidos, con Trump para<span class=\"Apple-converted-space\">\u00a0 <\/span>demoler a su democracia y lo \u00faltimo, aunque no sea lo ultimo en M\u00e9xico donde los ministros, violan la constituci\u00f3n que juraron respetar \u2013 Art\u00edculos 127 y 105 constitucionales en cuanto a su atraco al erario p\u00fablico y a las suspensiones provisionales<span class=\"Apple-converted-space\">\u00a0 <\/span>en controversias constitucionales, ello es as\u00ed, cuando vemos quienes son sus integrantes cuyo origen y formaci\u00f3n provienen de las complicidades,<span class=\"Apple-converted-space\">\u00a0 <\/span>pues si est\u00e1 acreditado que de los cuatro ministros propuestos por el presidente L\u00f3pez Obrador -Esquivel, Loreta, Gonz\u00e1lez<span class=\"Apple-converted-space\">\u00a0 <\/span>y R\u00edos- para que se diera un equilibrio constitucionalmente congruente con las circunstancias internas y en base al proyecto social que encabeza, han producido una gran decepci\u00f3n y sin dignidad ni decoro han renunciado o pronunciado al respecto, que se puede esperar de los que ya exist\u00edan.<\/strong><\/span><\/p>\n<p>&nbsp;<\/p>\n<p class=\"p1\"><span style=\"font-size: 18pt; color: #e42d33;\"><b>M\u00c1S CORRUPCI\u00d3N<\/b><\/span><\/p>\n<p class=\"p1\"><span style=\"font-size: 14pt;\">Imaginemos hasta donde se llegar\u00e1 en los momentos cr\u00edticos y si ninguno de ellos se ha pronunciado \u2013por dignidad y decoro en responder a quien los propuso- que se puede esperar de aquellos que est\u00e1n ah\u00ed propuestos por Calder\u00f3n y Pe\u00f1a Nieto, cuando empoder\u00f3 el narco estado y que ahora se abre el drenaje de la corrupci\u00f3n,<span class=\"Apple-converted-space\">\u00a0 <\/span>no solo de los equipos de seguridad nacional interna sino internacional, ya que nadie puede olvidar que la Embajada de Estados Unidos cuestion\u00f3 el actuar del Ej\u00e9rcito, contraponi\u00e9ndolo con la Marina en la lucha contra el narco, cuando la colusi\u00f3n de la DEA, FBI y altos funcionarios convivan y se regocijaban con Garc\u00eda Luna y el presidente Calder\u00f3n para introducir<span class=\"Apple-converted-space\">\u00a0 <\/span>armas a los traficantes mediante<span class=\"Apple-converted-space\">\u00a0 <\/span>el sistema<span class=\"Apple-converted-space\">\u00a0 <\/span>efectivo y eficiente de \u201cR\u00e1pido y Furioso\u201d, sistema utilizado para desestabilizar<span class=\"Apple-converted-space\">\u00a0 <\/span>a los estados y da\u00f1ar a sus pueblos, que sufren esas consecuencias de la guerra a la delincuencia.<\/span><\/p>\n<p>&nbsp;<\/p>\n<p><img loading=\"lazy\" decoding=\"async\" class=\"aligncenter wp-image-16061 size-large\" src=\"https:\/\/politicosaldesnudo.com.mx\/wp-content\/uploads\/2023\/02\/P-GENARO-MEDINA-1024x573.png\" alt=\"\" width=\"800\" height=\"448\" \/><\/p>\n<p>&nbsp;<\/p>\n<p class=\"p1\"><span style=\"font-size: 18pt;\"><strong>Para cerrar este c\u00edrculo, veamos el historial jur\u00eddico y educacional del ministro Alfredo Guti\u00e9rrez Ortiz Mena que propuso Pe\u00f1a Nieto o bien de Medina Mora &#8211; se puede consultar en la<span class=\"Apple-converted-space\">\u00a0 <\/span>p\u00e1gina respectiva de la Corte o bien los criterios jur\u00eddicos-<span class=\"Apple-converted-space\">\u00a0 <\/span>y sin mayores datos de b\u00fasqueda<span class=\"Apple-converted-space\">\u00a0 <\/span>se llega a la conclusi\u00f3n que su actitud<span class=\"Apple-converted-space\">\u00a0 <\/span>no puede estar al servicio de los intereses del pa\u00eds y menos de la justicia que se reclame, pues el primero, siendo titular del Servicio de Administraci\u00f3n Tributaria de la Secretar\u00eda de Hacienda,- dependencia que tiene que recaudar los recursos p\u00fablicos para que sirvan a los mexicano y de eso vivan los ministros-<span class=\"Apple-converted-space\">\u00a0 <\/span>ya que durante su gesti\u00f3n se condonaron miles de millones de pesos a los grandes empresarios y tiburones nacionales y as\u00ed empobrecer m\u00e1s la finanzas p\u00fablicas, lo que no se ha desmentido, pues as\u00ed lo dio a conocer por el presidente de la Rep\u00fablica, que era uno de los ministros m\u00e1s rico de ese poder, porque vine de estar al servicio de empresas particulares para de ah\u00ed ascender a la Secretar\u00eda de Hacienda y de ah\u00ed participar de las grandes condonaciones.<\/strong><\/span><\/p>\n<p class=\"p1\"><span style=\"font-size: 14pt;\">El otro angelito ministro -Medina Mora- desde la procuradur\u00eda con Fox permiti\u00f3 la violaci\u00f3n a once mujeres de Atenco que luchaban por las tierras de Texcoco en contra de ese aeropuerto y la condena de la Corte Interamericana lo hace responsable, pero esa condena duerme el sue\u00f1o de los justos y no menos trascendente es la jurisprudencia de la segunda sala de la Suprema Corte que le impide al gobierno investigar los atracos que sufra el pa\u00eds en cuanto al manejo de recursos de procedencia il\u00edcita dudosa, sino existe una petici\u00f3n de un pa\u00eds extranjero, infamia que lleva a la alta corrupci\u00f3n de que se tenga memoria.<\/span><\/p>\n<p class=\"p1\"><span style=\"font-size: 18pt;\"><strong>Sin embargo, el caso de Garc\u00eda Luna nos puede abrir la esperanza de que haya un cambio en M\u00e9xico y en el gobierno de Estados Unidos para llevar a la c\u00e1rcel a los grandes atracadores y que ese precedente sirva a M\u00e9xico para hacer lo propio, porque si all\u00e1 se tolera, aqu\u00ed se consolida la corrupci\u00f3n.<\/strong><\/span><\/p>\n<p>&nbsp;<\/p>\n<hr \/>\n<p>&nbsp;<\/p>\n<p><span style=\"font-size: 18pt;\"><strong>Correo:<a href=\"mailto:limacobos@hotmail.com\"> limacobos@hotmail.com<\/a><\/strong><\/span><\/p>\n<p><span style=\"font-size: 18pt;\"><strong>Twitter: <a href=\"https:\/\/twitter.com\/limacobos1\">@limacobos1<\/a><\/strong><\/span><\/p>\n<p>&nbsp;<\/p>\n<p><img loading=\"lazy\" decoding=\"async\" class=\"aligncenter wp-image-11449\" src=\"http:\/\/noticiasveracruz.com\/wp-content\/uploads\/2023\/01\/FIRMA-EDITORIAL-NV-300x37.png\" alt=\"\" width=\"1000\" height=\"122\" srcset=\"https:\/\/noticiasveracruz.com\/wp-content\/uploads\/2023\/01\/FIRMA-EDITORIAL-NV-300x37.png 300w, https:\/\/noticiasveracruz.com\/wp-content\/uploads\/2023\/01\/FIRMA-EDITORIAL-NV-1024x125.png 1024w, https:\/\/noticiasveracruz.com\/wp-content\/uploads\/2023\/01\/FIRMA-EDITORIAL-NV-768x94.png 768w, https:\/\/noticiasveracruz.com\/wp-content\/uploads\/2023\/01\/FIRMA-EDITORIAL-NV-1536x188.png 1536w, https:\/\/noticiasveracruz.com\/wp-content\/uploads\/2023\/01\/FIRMA-EDITORIAL-NV-2048x250.png 2048w\" sizes=\"auto, (max-width: 1000px) 100vw, 1000px\" \/><\/p>\n<p>&nbsp;<\/p>\n<p>&nbsp;<\/p>\n<p>&nbsp;<\/p>\n<p>&nbsp;<\/p>\n<p>&nbsp;<\/p>\n<p>&nbsp;<\/p>\n<p>&nbsp;<\/p>\n<p>&nbsp;<\/p>\n","protected":false},"excerpt":{"rendered":"<p>&nbsp; Por Jos\u00e9 Lima Cobos Es un \u00a1alerta! a tiempo, a M\u00e9xico y a los mexicanos, ante el peligro que<\/p>\n","protected":false},"author":4,"featured_media":3425,"comment_status":"closed","ping_status":"closed","sticky":false,"template":"","format":"standard","meta":{"colormag_page_container_layout":"default_layout","colormag_page_sidebar_layout":"default_layout","_jetpack_memberships_contains_paid_content":false,"footnotes":"","jetpack_publicize_message":"","jetpack_publicize_feature_enabled":true,"jetpack_social_post_already_shared":true,"jetpack_social_options":{"image_generator_settings":{"template":"highway","default_image_id":0,"font":"","enabled":false},"version":2}},"categories":[6],"tags":[1144,1081,1592,2099,31,1915,502],"class_list":["post-12726","post","type-post","status-publish","format-standard","has-post-thumbnail","hentry","category-columnistas","tag-corrupcion","tag-felipe-calderon","tag-genaro-garcia-luna","tag-medina-mora","tag-mexico","tag-norma-lucia-pina","tag-suprema-corte-de-justicia"],"jetpack_publicize_connections":[],"jetpack_featured_media_url":"https:\/\/noticiasveracruz.com\/wp-content\/uploads\/2022\/04\/NV-JOSE\u0301-LUIS-COBOS.png","jetpack_sharing_enabled":true,"publishpress_future_action":{"enabled":false,"date":"2026-05-06 16:00:08","action":"change-status","newStatus":"draft","terms":[],"taxonomy":"category","extraData":[]},"publishpress_future_workflow_manual_trigger":{"enabledWorkflows":[]},"_links":{"self":[{"href":"https:\/\/noticiasveracruz.com\/index.php\/wp-json\/wp\/v2\/posts\/12726","targetHints":{"allow":["GET"]}}],"collection":[{"href":"https:\/\/noticiasveracruz.com\/index.php\/wp-json\/wp\/v2\/posts"}],"about":[{"href":"https:\/\/noticiasveracruz.com\/index.php\/wp-json\/wp\/v2\/types\/post"}],"author":[{"embeddable":true,"href":"https:\/\/noticiasveracruz.com\/index.php\/wp-json\/wp\/v2\/users\/4"}],"replies":[{"embeddable":true,"href":"https:\/\/noticiasveracruz.com\/index.php\/wp-json\/wp\/v2\/comments?post=12726"}],"version-history":[{"count":0,"href":"https:\/\/noticiasveracruz.com\/index.php\/wp-json\/wp\/v2\/posts\/12726\/revisions"}],"wp:featuredmedia":[{"embeddable":true,"href":"https:\/\/noticiasveracruz.com\/index.php\/wp-json\/wp\/v2\/media\/3425"}],"wp:attachment":[{"href":"https:\/\/noticiasveracruz.com\/index.php\/wp-json\/wp\/v2\/media?parent=12726"}],"wp:term":[{"taxonomy":"category","embeddable":true,"href":"https:\/\/noticiasveracruz.com\/index.php\/wp-json\/wp\/v2\/categories?post=12726"},{"taxonomy":"post_tag","embeddable":true,"href":"https:\/\/noticiasveracruz.com\/index.php\/wp-json\/wp\/v2\/tags?post=12726"}],"curies":[{"name":"wp","href":"https:\/\/api.w.org\/{rel}","templated":true}]}}