{"id":12717,"date":"2023-02-13T00:36:24","date_gmt":"2023-02-13T06:36:24","guid":{"rendered":"https:\/\/noticiasveracruz.com\/?p=12717"},"modified":"2023-02-13T00:36:24","modified_gmt":"2023-02-13T06:36:24","slug":"pri-demostracion-de-fuerza-o-regreso-al-pasado","status":"publish","type":"post","link":"https:\/\/noticiasveracruz.com\/index.php\/2023\/02\/13\/pri-demostracion-de-fuerza-o-regreso-al-pasado\/","title":{"rendered":"PRI: \u00bfdemostraci\u00f3n de fuerza o regreso al pasado?"},"content":{"rendered":"<p class=\"p1\">\n<p>&nbsp;<\/p>\n<p class=\"p1\"><span style=\"font-size: 18pt;\"><b>Por Jos\u00e9 Ure\u00f1a<\/b><\/span><\/p>\n<p class=\"p1\"><span style=\"font-size: 14pt;\">El domingo habr\u00e1 dos actos simb\u00f3licos. El Partido Revolucionario Institucional (PRI) pretende hacer una exhibici\u00f3n de fuerza rumbo a las elecciones de junio en Coahuila y en el Estado de M\u00e9xico. Cada uno con sus caracter\u00edsticas.<\/span><\/p>\n<p class=\"p1\"><span style=\"font-size: 14pt;\">En la entidad norte\u00f1a har\u00e1 una gran movilizaci\u00f3n de masas, exclusivamente militantes y simpatizantes, para convertir en candidato a Manolo Jim\u00e9nez.<\/span><\/p>\n<p class=\"p1\"><span style=\"font-size: 14pt;\">Montar\u00e1 alrededor de dos mil casillas para, con voto directo, expresen sus simpat\u00edas por el expresidente municipal de Saltillo y exsecretario de Inclusi\u00f3n y Desarrollo Social con Miguel Riquelme.<\/span><\/p>\n<p class=\"p1\"><span style=\"font-size: 14pt;\">Considerado el priismo mejor organizado del pa\u00eds, con un gobernador bien evaluado y un morenismo en divisi\u00f3n y desesperanza, se busca concitar a unos 450 mil electores.<\/span><\/p>\n<p class=\"p1\"><span style=\"font-size: 14pt;\">A un punto de la victoria: <\/span><span style=\"font-size: 14pt;\">Los cuatro precandidatos aspiran a convocar a 550 mil votantes porque con ellos alcanzar\u00edan la gubernatura: Jim\u00e9nez (PRI, PAN, PRD), Armando Guadiana (Morena), Ricardo Mej\u00eda (PT) y Lenin P\u00e9rez (UDC, Verde).<\/span><\/p>\n<p>&nbsp;<\/p>\n<p class=\"p1\"><span style=\"font-size: 18pt; color: #e42d33;\"><b>UNA MULTITUD<\/b><\/span><\/p>\n<p class=\"p1\"><span style=\"font-size: 14pt;\">En el Estado de M\u00e9xico el plan es distinto. El priismo (ojo: no la coalici\u00f3n opositora) retar\u00e1 la sede del cacicazgo del Grupo Texcoco, formado por Higinio Mart\u00ednez y de donde han surgido Horacio Duarte y Delfina G\u00f3mez -apodada como la maestra moches- con una concentraci\u00f3n masiva.<\/span><\/p>\n<p class=\"p1\"><span style=\"font-size: 14pt;\">-Ser\u00e1n 50 mil priistas en asamblea, todos delegados, quienes voten por Alejandra del Moral como su candidata -me dijo el dirigente nacional Alejandro Moreno, Alito.<\/span><\/p>\n<p class=\"p1\"><span style=\"font-size: 14pt;\">Del Moral redujo las expectativas: <\/span><span style=\"font-size: 14pt;\">-Ser\u00e1n m\u00e1s de 33 mil, exactamente 33 mil 16 delegados con derecho a voto.<\/span><\/p>\n<p class=\"p1\"><span style=\"font-size: 14pt;\">Despu\u00e9s cada uno de los otros partidos del frente -PAN, PRD y Panal, con registro local- har\u00e1n sus respectivas asambleas o convenciones para declarar candidata propia a Alejandra del Moral.<\/span><\/p>\n<p class=\"p1\"><span style=\"font-size: 14pt;\">Hubo invitaciones puntuales para sus dirigentes Marko Cort\u00e9s, Jes\u00fas Zambrano y Luis Castro Obreg\u00f3n, pero no est\u00e1 confirmada su asistencia a Texcoco, aunque s\u00ed sellada la alianza.<\/span><\/p>\n<p>&nbsp;<\/p>\n<p class=\"p1\"><span style=\"font-size: 18pt; color: #e42d33;\"><b>COTO VIOLADO<\/b><\/span><\/p>\n<p class=\"p1\"><span style=\"font-size: 14pt;\">1. El oficialismo quiso arrogarse el derecho de propiedad del oriente del Valle de M\u00e9xico y protest\u00f3 por la osad\u00eda del PRI y de Alejandra del Moral.<\/span><\/p>\n<p class=\"p1\"><span style=\"font-size: 14pt;\">Nada nuevo. <\/span><span style=\"font-size: 14pt;\">Desde 1997, cuando la izquierda se hizo gobierno en el Distrito Federal, neg\u00f3 en varias ocasiones la Plaza de la Constituci\u00f3n y espacios al PRI y al PAN.<\/span><\/p>\n<p class=\"p1\"><span style=\"font-size: 14pt;\">Contra esa cerraz\u00f3n lucharon Francisco Labastida en 2000, Roberto Madrazo en 2006 y Enrique Pe\u00f1a en 2012, pero ahora Del Moral quiere romper el tab\u00fa de las zonas reservadas.<\/span><\/p>\n<p class=\"p1\"><span style=\"font-size: 14pt;\">2. Para quienes dudaban de la lealtad partidista de la diputada Ana Lilia Herrera: espera mayores tareas en la alianza Va por el Estado de M\u00e9xico y ya aparecer\u00e1 del brazo de Alejandra del Moral.<\/span><\/p>\n<p class=\"p1\"><span style=\"font-size: 14pt;\">Tuite\u00f3 ayer: <\/span><span style=\"font-size: 14pt;\">\u201cM\u00e9xico est\u00e1 por encima de todo, merecemos vivir sin miedo, es tiempo de mujeres, ya basta de retrocesos y necesitamos un gobierno para todas y todos. \u00a1Hagamos que suceda!\u201d<\/span><\/p>\n<p class=\"p1\"><span style=\"font-size: 14pt;\">Y 3. En contraste, la alcaldesa morenista de M\u00fazquiz, Coahuila, Tania Flores exhibe la pesadumbre en el partido del Gobierno. <\/span><span style=\"font-size: 14pt;\">Por estar en pleitos internamente, dijo do\u00f1a Tania, se pierde la fuerza de Morena y eso \u201cno nos traer\u00e1 buenos resultados\u201d. <\/span><span style=\"font-size: 14pt;\">M\u00e1s a\u00fan, agreg\u00f3 en redes sociales: \u201cLa alianza PRI-PAN-PRD que encabeza Manolo Jim\u00e9nez ser\u00e1 un tsunami en la pr\u00f3xima elecci\u00f3n\u201d.<\/span><\/p>\n<p>&nbsp;<\/p>\n<hr \/>\n<p>&nbsp;<\/p>\n<p><img loading=\"lazy\" decoding=\"async\" class=\"aligncenter wp-image-11449\" src=\"http:\/\/noticiasveracruz.com\/wp-content\/uploads\/2023\/01\/FIRMA-EDITORIAL-NV-300x37.png\" alt=\"\" width=\"1000\" height=\"122\" srcset=\"https:\/\/noticiasveracruz.com\/wp-content\/uploads\/2023\/01\/FIRMA-EDITORIAL-NV-300x37.png 300w, https:\/\/noticiasveracruz.com\/wp-content\/uploads\/2023\/01\/FIRMA-EDITORIAL-NV-1024x125.png 1024w, https:\/\/noticiasveracruz.com\/wp-content\/uploads\/2023\/01\/FIRMA-EDITORIAL-NV-768x94.png 768w, https:\/\/noticiasveracruz.com\/wp-content\/uploads\/2023\/01\/FIRMA-EDITORIAL-NV-1536x188.png 1536w, https:\/\/noticiasveracruz.com\/wp-content\/uploads\/2023\/01\/FIRMA-EDITORIAL-NV-2048x250.png 2048w\" sizes=\"auto, (max-width: 1000px) 100vw, 1000px\" \/><\/p>\n<p>&nbsp;<\/p>\n<p>&nbsp;<\/p>\n<p>&nbsp;<\/p>\n<p>&nbsp;<\/p>\n<p>&nbsp;<\/p>\n","protected":false},"excerpt":{"rendered":"<p>&nbsp; Por Jos\u00e9 Ure\u00f1a El domingo habr\u00e1 dos actos simb\u00f3licos. El Partido Revolucionario Institucional (PRI) pretende hacer una exhibici\u00f3n de<\/p>\n","protected":false},"author":4,"featured_media":3258,"comment_status":"closed","ping_status":"closed","sticky":false,"template":"","format":"standard","meta":{"colormag_page_container_layout":"default_layout","colormag_page_sidebar_layout":"default_layout","_jetpack_memberships_contains_paid_content":false,"footnotes":"","jetpack_publicize_message":"","jetpack_publicize_feature_enabled":true,"jetpack_social_post_already_shared":true,"jetpack_social_options":{"image_generator_settings":{"template":"highway","default_image_id":0,"font":"","enabled":false},"version":2}},"categories":[6],"tags":[],"class_list":["post-12717","post","type-post","status-publish","format-standard","has-post-thumbnail","hentry","category-columnistas"],"jetpack_publicize_connections":[],"jetpack_featured_media_url":"https:\/\/noticiasveracruz.com\/wp-content\/uploads\/2022\/04\/JOSE\u0301-UREN\u0303A.png","jetpack_sharing_enabled":true,"publishpress_future_action":{"enabled":false,"date":"2026-05-06 18:13:10","action":"change-status","newStatus":"draft","terms":[],"taxonomy":"category","extraData":[]},"publishpress_future_workflow_manual_trigger":{"enabledWorkflows":[]},"_links":{"self":[{"href":"https:\/\/noticiasveracruz.com\/index.php\/wp-json\/wp\/v2\/posts\/12717","targetHints":{"allow":["GET"]}}],"collection":[{"href":"https:\/\/noticiasveracruz.com\/index.php\/wp-json\/wp\/v2\/posts"}],"about":[{"href":"https:\/\/noticiasveracruz.com\/index.php\/wp-json\/wp\/v2\/types\/post"}],"author":[{"embeddable":true,"href":"https:\/\/noticiasveracruz.com\/index.php\/wp-json\/wp\/v2\/users\/4"}],"replies":[{"embeddable":true,"href":"https:\/\/noticiasveracruz.com\/index.php\/wp-json\/wp\/v2\/comments?post=12717"}],"version-history":[{"count":0,"href":"https:\/\/noticiasveracruz.com\/index.php\/wp-json\/wp\/v2\/posts\/12717\/revisions"}],"wp:featuredmedia":[{"embeddable":true,"href":"https:\/\/noticiasveracruz.com\/index.php\/wp-json\/wp\/v2\/media\/3258"}],"wp:attachment":[{"href":"https:\/\/noticiasveracruz.com\/index.php\/wp-json\/wp\/v2\/media?parent=12717"}],"wp:term":[{"taxonomy":"category","embeddable":true,"href":"https:\/\/noticiasveracruz.com\/index.php\/wp-json\/wp\/v2\/categories?post=12717"},{"taxonomy":"post_tag","embeddable":true,"href":"https:\/\/noticiasveracruz.com\/index.php\/wp-json\/wp\/v2\/tags?post=12717"}],"curies":[{"name":"wp","href":"https:\/\/api.w.org\/{rel}","templated":true}]}}