{"id":12672,"date":"2023-02-10T04:30:20","date_gmt":"2023-02-10T10:30:20","guid":{"rendered":"https:\/\/noticiasveracruz.com\/?p=12672"},"modified":"2023-02-10T06:06:59","modified_gmt":"2023-02-10T12:06:59","slug":"eric-cisneros-violador-profesional","status":"publish","type":"post","link":"https:\/\/noticiasveracruz.com\/index.php\/2023\/02\/10\/eric-cisneros-violador-profesional\/","title":{"rendered":"Eric Cisneros, violador profesional"},"content":{"rendered":"<p class=\"p1\">\n<p>&nbsp;<\/p>\n<p class=\"p1\"><span style=\"font-size: 18pt;\"><strong>Por Luis Ram\u00edrez Baqueiro<\/strong><\/span><\/p>\n<p class=\"p1\">\n<p>&nbsp;<\/p>\n<p>&nbsp;<\/p>\n<p class=\"p1\" style=\"text-align: center;\"><em><span style=\"font-size: 18pt;\"><strong>\u201cYo no hablo de venganzas ni perdones, el olvido es la \u00fanica venganza y el \u00fanico perd\u00f3n\u201d <\/strong><\/span><\/em><\/p>\n<p class=\"p1\" style=\"text-align: center;\"><span style=\"font-size: 18pt;\">\u2013 Jorge Luis Borges \u2013\u00a0<\/span><\/p>\n<p class=\"p1\">\n<p>&nbsp;<\/p>\n<p class=\"p1\"><span style=\"font-size: 14pt;\">Una vez m\u00e1s los integrantes de la administraci\u00f3n estatal son la nota, era una verdad de todos conocida que algunos de los colaboradores del Gobernador Cuitl\u00e1huac Garc\u00eda Jim\u00e9nez son violadores expertos de la ley.<\/span><\/p>\n<p class=\"p1\"><span style=\"font-size: 14pt;\">El m\u00e1s reciente se\u00f1alamiento proviene de la misma justicia federal, quien, a trav\u00e9s de la Sala Superior del Tribunal Electoral del Poder Judicial de la Federaci\u00f3n, se confirma que el a\u00fan secretario de Gobierno, Eric Patrocinio Cisneros Burgos incurri\u00f3 en violencia pol\u00edtica de g\u00e9nero.<\/span><\/p>\n<p class=\"p1\"><span style=\"font-size: 14pt;\">La valiente, la diputada local por Movimiento Ciudadano (MC), Ruth Callejas Rold\u00e1n quien aleg\u00f3 la afectaci\u00f3n a su derecho pol\u00edtico-electoral, de ejercer efectivamente su cargo, pues estim\u00f3 que Patrocinio Cisneros emiti\u00f3 expresiones constitutivas de Violencia Pol\u00edtica de G\u00e9nero en su contra durante una comparecencia ante el \u00f3rgano legislativo local.<\/span><\/p>\n<p class=\"p1\"><span style=\"font-size: 14pt;\">Los hechos se remontan al momento en que la legisladora, acudi\u00f3 al Tribunal Electoral de Veracruz (TEV), para solicitar su amparo, ante la evidente violencia empleada en su contra, solo que la legisladora no contaba que el Organismo est\u00e1 controlado desde hace tiempo por el propio Cisneros Burgos, aun cuando diga lo contrario.<\/span><\/p>\n<p class=\"p1\"><span style=\"font-size: 14pt;\">En su momento el TEV consider\u00f3 que eso era materia del derecho parlamentario y no del electoral, con lo cual lo desech\u00f3; posteriormente acudi\u00f3 a la Sala Regional del Tribunal Electoral Federal, el cual confirm\u00f3 la resoluci\u00f3n inicial.<\/span><\/p>\n<p class=\"p1\"><span style=\"font-size: 14pt;\">Bajo ese escenario, Ruth Callejas Rold\u00e1n llev\u00f3 el expediente SUP-REC-506\/2022 ante la Sala Superior, la cual revoc\u00f3 la sentencia de la Sala Regional Xalapa y orden\u00f3 dar un engrose al expediente para que se determine la resoluci\u00f3n final.<\/span><\/p>\n<p class=\"p1\"><span style=\"font-size: 14pt;\">El recurso de la Diputada Local veracruzana gener\u00f3 una discusi\u00f3n de una hora por parte de los ministros, donde la mayor\u00eda se pronunci\u00f3 en contra de la resoluci\u00f3n original, y resaltaron que el Tribunal Electoral de Veracruz debi\u00f3 haber analizado el expediente y proponer una sanci\u00f3n hacia el titular de la Secretar\u00eda de Gobierno.<\/span><\/p>\n<p class=\"p1\"><span style=\"font-size: 14pt;\">Los magistrados que estuvieron a favor de proteger el derecho de la diputada local argumentaron que, si bien lo ocurrido fue dentro del marco de una comparecencia, el derecho parlamentario s\u00f3lo protege la inmunidad de los diputados locales y no de un funcionario del Poder Ejecutivo.<\/span><\/p>\n<p class=\"p1\"><span style=\"font-size: 14pt;\">Algo que fue evidente durante su participaci\u00f3n en las comparecencias en donde no s\u00f3lo agredi\u00f3 a la legisladora de MC, sino tambi\u00e9n a la diputada del PRI, Anil\u00fa Ingram a quien de igual forma no supo ni c\u00f3mo responderles a los cuestionamientos de proteger a violadores y violentadores de algunas f\u00e9minas al interior de su dependencia, temas que por cierto contin\u00faan sin soluci\u00f3n.<\/span><\/p>\n<p class=\"p1\"><span style=\"font-size: 14pt;\">Los togados precisaron, que las preguntas hechas por Ruth Callejas a Cisneros Burgos estaban precisamente relacionadas al tema de la violencia de g\u00e9nero y la respuesta del funcionario excedieron la propia libertad de expresi\u00f3n.<\/span><\/p>\n<p class=\"p1\"><span style=\"font-size: 14pt;\">El caso de Eric Cisneros no es nuevo su proclividad a violentar y violar la ley no son nuevos, casos muchos, uno de ellos y que pesar\u00e1 en su conciencia \u2013si es que acaso tiene una- es la finada alcaldesa de Jamapa, Florisel R\u00edos Delf\u00edn que qued\u00f3 ah\u00ed como muestra clara de dicha pol\u00edtica operativa.\u00a0<\/span><\/p>\n<p class=\"p1\"><span style=\"font-size: 14pt;\">Pero la que quiz\u00e1 sea la muestra m\u00e1s clara de que a nuestro Secretario de Gobierno le vale madre la Ley, es en la violaci\u00f3n flagrante de los derechos humanos de algunas trabajadoras de su dependencia, que se\u00f1alaron en su momento ser v\u00edctimas de acoso sexual por parte de sus queridos subordinados.<\/span><\/p>\n<p class=\"p1\"><span style=\"font-size: 14pt;\">A esos a los que ni el p\u00e9talo de una rosa, los ha sancionado, pero que como se la han hecho cansada a las v\u00edctimas.<\/span><\/p>\n<p class=\"p1\"><span style=\"font-size: 14pt;\">Hace m\u00e1s de un a\u00f1o se dio a conocer una recomendaci\u00f3n por parte de la misma Comisi\u00f3n Estatal de Derechos Humanos (CEDH) en la que se da cuenta de un solo caso, en donde queda claramente documentada, la flagrante serie de violaciones a la Ley, por el simple hecho de intentar tapar un acto deplorable.<\/span><\/p>\n<p class=\"p1\"><span style=\"font-size: 14pt;\">As\u00ed la recomendaci\u00f3n 02\/2022 emitida por la referida dependencia exhibe la proclividad por perjudicar a la v\u00edctima generando con ello toda una cadena de violaciones por parte de dependencias y actores pol\u00edticos a cargo de las mismas.\u00a0<\/span><\/p>\n<p class=\"p1\"><span style=\"font-size: 14pt;\">En conclusi\u00f3n, el \u00fanico y m\u00e1s importante responsable detr\u00e1s de esto es el mismo Secretario de Gobierno, Eric Patrocinio Cisneros Burgos, quien se ha encargado de enlodar toda la administraci\u00f3n estatal, al punto de que, gracias a sus recomendaciones, el mismo Tribunal Electoral del Poder Judicial de la Federaci\u00f3n (TEPJF) ha inhabilitado desde abril de 2022 para poder ser candidato a cualquier cargo de elecci\u00f3n popular al mismo Gobernador, Cuitl\u00e1huac Garc\u00eda Jim\u00e9nez y sino aqu\u00ed le dejamos la informaci\u00f3n al respecto.\u00a0<\/span><\/p>\n<p class=\"p1\"><span style=\"font-size: 14pt;\">La pregunta es \u00bfhasta cu\u00e1ndo se mantendr\u00e1 en el poder a un violador profesional de la Ley? \u00bfHasta cu\u00e1ndo?<\/span><\/p>\n<p>&nbsp;<\/p>\n<p class=\"p1\"><span style=\"font-size: 18pt;\"><strong>Al tiempo.<\/strong><\/span><\/p>\n<p>&nbsp;<\/p>\n<hr \/>\n<p>&nbsp;<\/p>\n<p class=\"p1\"><span style=\"font-size: 18pt;\"><strong>Correo: <a href=\"mailto:astrolabiopoliticomx@gmail.com\">astrolabiopoliticomx@gmail.com<\/a><\/strong><\/span><\/p>\n<p class=\"p1\"><span style=\"font-size: 18pt;\"><strong>Twitter: <a href=\"http:\/\/www.twitter.com\/LuisBaqueiro_mx\">@LuisBaqueiro_mx<\/a><\/strong><\/span><\/p>\n<p>&nbsp;<\/p>\n<p><img loading=\"lazy\" decoding=\"async\" class=\"aligncenter wp-image-11449\" src=\"http:\/\/noticiasveracruz.com\/wp-content\/uploads\/2023\/01\/FIRMA-EDITORIAL-NV-300x37.png\" alt=\"\" width=\"1000\" height=\"122\" srcset=\"https:\/\/noticiasveracruz.com\/wp-content\/uploads\/2023\/01\/FIRMA-EDITORIAL-NV-300x37.png 300w, https:\/\/noticiasveracruz.com\/wp-content\/uploads\/2023\/01\/FIRMA-EDITORIAL-NV-1024x125.png 1024w, https:\/\/noticiasveracruz.com\/wp-content\/uploads\/2023\/01\/FIRMA-EDITORIAL-NV-768x94.png 768w, https:\/\/noticiasveracruz.com\/wp-content\/uploads\/2023\/01\/FIRMA-EDITORIAL-NV-1536x188.png 1536w, https:\/\/noticiasveracruz.com\/wp-content\/uploads\/2023\/01\/FIRMA-EDITORIAL-NV-2048x250.png 2048w\" sizes=\"auto, (max-width: 1000px) 100vw, 1000px\" \/><\/p>\n<p>&nbsp;<\/p>\n<p>&nbsp;<\/p>\n","protected":false},"excerpt":{"rendered":"<p>&nbsp; Por Luis Ram\u00edrez Baqueiro &nbsp; &nbsp; \u201cYo no hablo de venganzas ni perdones, el olvido es la \u00fanica venganza<\/p>\n","protected":false},"author":4,"featured_media":3572,"comment_status":"closed","ping_status":"closed","sticky":false,"template":"","format":"standard","meta":{"colormag_page_container_layout":"default_layout","colormag_page_sidebar_layout":"default_layout","_jetpack_memberships_contains_paid_content":false,"footnotes":"","jetpack_publicize_message":"","jetpack_publicize_feature_enabled":true,"jetpack_social_post_already_shared":true,"jetpack_social_options":{"image_generator_settings":{"template":"highway","default_image_id":0,"font":"","enabled":false},"version":2}},"categories":[6],"tags":[],"class_list":["post-12672","post","type-post","status-publish","format-standard","has-post-thumbnail","hentry","category-columnistas"],"jetpack_publicize_connections":[],"jetpack_featured_media_url":"https:\/\/noticiasveracruz.com\/wp-content\/uploads\/2022\/04\/LUIS-RAMI\u0301REZ-BAQUEIRO.png","jetpack_sharing_enabled":true,"publishpress_future_action":{"enabled":false,"date":"2026-05-07 18:32:09","action":"change-status","newStatus":"draft","terms":[],"taxonomy":"category","extraData":[]},"publishpress_future_workflow_manual_trigger":{"enabledWorkflows":[]},"_links":{"self":[{"href":"https:\/\/noticiasveracruz.com\/index.php\/wp-json\/wp\/v2\/posts\/12672","targetHints":{"allow":["GET"]}}],"collection":[{"href":"https:\/\/noticiasveracruz.com\/index.php\/wp-json\/wp\/v2\/posts"}],"about":[{"href":"https:\/\/noticiasveracruz.com\/index.php\/wp-json\/wp\/v2\/types\/post"}],"author":[{"embeddable":true,"href":"https:\/\/noticiasveracruz.com\/index.php\/wp-json\/wp\/v2\/users\/4"}],"replies":[{"embeddable":true,"href":"https:\/\/noticiasveracruz.com\/index.php\/wp-json\/wp\/v2\/comments?post=12672"}],"version-history":[{"count":0,"href":"https:\/\/noticiasveracruz.com\/index.php\/wp-json\/wp\/v2\/posts\/12672\/revisions"}],"wp:featuredmedia":[{"embeddable":true,"href":"https:\/\/noticiasveracruz.com\/index.php\/wp-json\/wp\/v2\/media\/3572"}],"wp:attachment":[{"href":"https:\/\/noticiasveracruz.com\/index.php\/wp-json\/wp\/v2\/media?parent=12672"}],"wp:term":[{"taxonomy":"category","embeddable":true,"href":"https:\/\/noticiasveracruz.com\/index.php\/wp-json\/wp\/v2\/categories?post=12672"},{"taxonomy":"post_tag","embeddable":true,"href":"https:\/\/noticiasveracruz.com\/index.php\/wp-json\/wp\/v2\/tags?post=12672"}],"curies":[{"name":"wp","href":"https:\/\/api.w.org\/{rel}","templated":true}]}}