{"id":12655,"date":"2023-02-09T17:02:52","date_gmt":"2023-02-09T23:02:52","guid":{"rendered":"https:\/\/noticiasveracruz.com\/?p=12655"},"modified":"2023-02-09T17:05:55","modified_gmt":"2023-02-09T23:05:55","slug":"este-viernes-reanuda-gobierno-de-tuxpan-la-segunda-jornada-de-salud-visual","status":"publish","type":"post","link":"https:\/\/noticiasveracruz.com\/index.php\/2023\/02\/09\/este-viernes-reanuda-gobierno-de-tuxpan-la-segunda-jornada-de-salud-visual\/","title":{"rendered":"Con entrega de lentes, reanuda Gobierno de Tuxpan la segunda Jornada de Salud Visual"},"content":{"rendered":"<p>&nbsp;<\/p>\n<p class=\"p1\" style=\"text-align: center;\"><span style=\"font-size: 18pt;\"><strong>&lt;&lt; La atenci\u00f3n se brindar\u00e1 en los bajos de la Presidencia Municipal a partir de las 10:00 horas &gt;&gt;<\/strong><\/span><\/p>\n<p>&nbsp;<\/p>\n<p class=\"p1\"><span style=\"font-size: 14pt;\"><em><strong>TUXPAN, VERACRUZ.<\/strong> <\/em>Este viernes 10 de febrero se <strong>realizar\u00e1 la primera entrega de lentes de este a\u00f1o<\/strong>, dentro de la <strong>Jornada de Salud Visual que realizan el Gobierno de Tuxpan<\/strong> en conjunto con <\/span><span style=\"font-size: 14pt;\">el DIF municipal, <span style=\"font-family: -apple-system, BlinkMacSystemFont, 'Segoe UI', Roboto, Oxygen-Sans, Ubuntu, Cantarell, 'Helvetica Neue', sans-serif;\">la s\u00edndica \u00fanica Beatriz Pi\u00f1a Vergara y la \u00d3ptica Servilens.<\/span><\/span><\/p>\n<p class=\"p1\"><span style=\"font-size: 18pt;\"><strong>Especialistas en oftalmolog\u00eda de \u00d3ptica Servilens realizar\u00e1n valoraciones visuales gratuitas de 10:00 a 15:00 horas en la planta baja de la Presidencia Municipal, adem\u00e1s ofrecer\u00e1n anteojos a bajo costo.<\/strong><\/span><\/p>\n<p>&nbsp;<\/p>\n<p><img loading=\"lazy\" decoding=\"async\" class=\"aligncenter wp-image-15980 size-large\" src=\"https:\/\/politicosaldesnudo.com.mx\/wp-content\/uploads\/2023\/02\/P-JORNADA-VISUAL-2-1024x573.png\" alt=\"\" width=\"800\" height=\"448\" \/><\/p>\n<p>&nbsp;<\/p>\n<p class=\"p1\"><span style=\"font-size: 18pt;\"><strong>El objetivo de estas jornadas es promover acciones en materia de salud contrarrestando afectaciones oculares y de esta manera mejorar la calidad de vida visual de la poblaci\u00f3n.<\/strong><\/span><\/p>\n<p class=\"p1\"><span style=\"font-size: 14pt;\">Asimismo, se llevar\u00e1 a cabo la Jornada de Salud Integral donde personal de Salud de la cl\u00ednica del ISSSTE practicar\u00e1 estudios de ant\u00edgeno prost\u00e1tico, toma de glucosa y presi\u00f3n arterial, por su parte, el DIF Municipal har\u00e1 entrega de medicamentos que tiene en su inventario a personas que acudan con su receta m\u00e9dica. <\/span><\/p>\n<p class=\"p1\"><span style=\"font-size: 14pt;\">El personal de CATVER estar\u00e1 realizando cortes de cabello gratuitamente.<\/span><\/p>\n<p>&nbsp;<\/p>\n<p><img loading=\"lazy\" decoding=\"async\" class=\"aligncenter wp-image-15981\" src=\"https:\/\/politicosaldesnudo.com.mx\/wp-content\/uploads\/2023\/02\/P-JORNADA-VISUAL-3-225x300.png\" alt=\"\" width=\"600\" height=\"800\" \/><\/p>\n<p>&nbsp;<\/p>\n<p>&nbsp;<\/p>\n<p>&nbsp;<\/p>\n","protected":false},"excerpt":{"rendered":"<p>&nbsp; &lt;&lt; La atenci\u00f3n se brindar\u00e1 en los bajos de la Presidencia Municipal a partir de las 10:00 horas &gt;&gt;<\/p>\n","protected":false},"author":4,"featured_media":12656,"comment_status":"closed","ping_status":"closed","sticky":false,"template":"","format":"standard","meta":{"colormag_page_container_layout":"default_layout","colormag_page_sidebar_layout":"default_layout","_jetpack_memberships_contains_paid_content":false,"footnotes":"","jetpack_publicize_message":"","jetpack_publicize_feature_enabled":true,"jetpack_social_post_already_shared":true,"jetpack_social_options":{"image_generator_settings":{"template":"highway","default_image_id":0,"font":"","enabled":false},"version":2}},"categories":[356],"tags":[],"class_list":["post-12655","post","type-post","status-publish","format-standard","has-post-thumbnail","hentry","category-veracruz"],"jetpack_publicize_connections":[],"jetpack_featured_media_url":"https:\/\/noticiasveracruz.com\/wp-content\/uploads\/2023\/02\/P-JORNADA-VISUAL-1.png","jetpack_sharing_enabled":true,"publishpress_future_action":{"enabled":false,"date":"2026-05-07 23:42:06","action":"change-status","newStatus":"draft","terms":[],"taxonomy":"category","extraData":[]},"publishpress_future_workflow_manual_trigger":{"enabledWorkflows":[]},"_links":{"self":[{"href":"https:\/\/noticiasveracruz.com\/index.php\/wp-json\/wp\/v2\/posts\/12655","targetHints":{"allow":["GET"]}}],"collection":[{"href":"https:\/\/noticiasveracruz.com\/index.php\/wp-json\/wp\/v2\/posts"}],"about":[{"href":"https:\/\/noticiasveracruz.com\/index.php\/wp-json\/wp\/v2\/types\/post"}],"author":[{"embeddable":true,"href":"https:\/\/noticiasveracruz.com\/index.php\/wp-json\/wp\/v2\/users\/4"}],"replies":[{"embeddable":true,"href":"https:\/\/noticiasveracruz.com\/index.php\/wp-json\/wp\/v2\/comments?post=12655"}],"version-history":[{"count":0,"href":"https:\/\/noticiasveracruz.com\/index.php\/wp-json\/wp\/v2\/posts\/12655\/revisions"}],"wp:featuredmedia":[{"embeddable":true,"href":"https:\/\/noticiasveracruz.com\/index.php\/wp-json\/wp\/v2\/media\/12656"}],"wp:attachment":[{"href":"https:\/\/noticiasveracruz.com\/index.php\/wp-json\/wp\/v2\/media?parent=12655"}],"wp:term":[{"taxonomy":"category","embeddable":true,"href":"https:\/\/noticiasveracruz.com\/index.php\/wp-json\/wp\/v2\/categories?post=12655"},{"taxonomy":"post_tag","embeddable":true,"href":"https:\/\/noticiasveracruz.com\/index.php\/wp-json\/wp\/v2\/tags?post=12655"}],"curies":[{"name":"wp","href":"https:\/\/api.w.org\/{rel}","templated":true}]}}