{"id":12628,"date":"2023-02-09T06:49:59","date_gmt":"2023-02-09T12:49:59","guid":{"rendered":"https:\/\/noticiasveracruz.com\/?p=12628"},"modified":"2023-02-09T06:51:35","modified_gmt":"2023-02-09T12:51:35","slug":"huerta-mete-el-acelerador","status":"publish","type":"post","link":"https:\/\/noticiasveracruz.com\/index.php\/2023\/02\/09\/huerta-mete-el-acelerador\/","title":{"rendered":"Huerta mete el acelerador"},"content":{"rendered":"<p>&nbsp;<\/p>\n<p class=\"p1\"><span style=\"font-size: 18pt;\"><strong>Por Luis Ram\u00edrez Baqueiro<\/strong><\/span><\/p>\n<p>&nbsp;<\/p>\n<p class=\"p1\" style=\"text-align: center;\"><em><span style=\"font-size: 18pt;\"><strong>\u201cCualquier esfuerzo resulta ligero con el h\u00e1bito\u201d <\/strong><\/span><\/em><\/p>\n<p class=\"p1\" style=\"text-align: center;\"><span style=\"font-size: 18pt;\">\u2013 Tito Livio \u2013\u00a0<\/span><\/p>\n<p>&nbsp;<\/p>\n<p class=\"p1\"><span style=\"font-size: 14pt;\">Vaya que esta movida la carrera por la sucesi\u00f3n en Veracruz, nadie quiere quedarse fuera de la posibilidad de suceder al actual gobernador Cuitl\u00e1huac Garc\u00eda Jim\u00e9nez, confirmando que los tiempos de la 4T, no son los tiempos de la clase pol\u00edtica convencional.<\/span><\/p>\n<p class=\"p1\"><span style=\"font-size: 14pt;\">Y as\u00ed como en su momento se inscribiere en el anecdotario pol\u00edtico mexicano aquella m\u00e1xima del otrora poderoso l\u00edder de la Confederaci\u00f3n de Trabajadores de M\u00e9xico (CTM), Fidel Vel\u00e1zquez S\u00e1nchez, \u201cel que se mueva no sale en la foto\u201d, pareciera que muchos la mantiene m\u00e1s vigente que nunca.<\/span><\/p>\n<p class=\"p1\"><span style=\"font-size: 14pt;\">Pero claro que tambi\u00e9n dice el cat\u00e1logo de citas de la Realpolitik<span class=\"Apple-converted-space\">\u00a0 <\/span>que \u201cpol\u00edtico que respira, aspira\u201d y en ese sentido, no todos cumplen con m\u00e9ritos suficientes para poder acceder a la posibilidad de ser tomado en cuenta y llegar a la famosa silla embrujada del Palacio de Gobierno.<\/span><\/p>\n<p class=\"p1\"><span style=\"font-size: 14pt;\">Entre los pocos con reales y verdaderas probabilidades de concursar est\u00e1 el delegado de la Secretar\u00eda del Bienestar, Manuel Huerta Ladr\u00f3n de Guevara, quien con 40 a\u00f1os de lucha pol\u00edtica, siempre del lado de la izquierda, parece apretar el acelerador en la ruta por la sucesi\u00f3n.<\/span><\/p>\n<p class=\"p1\"><span style=\"font-size: 14pt;\">El dos veces legislador federal, ha mantenido un ritmo de trabajo sin precedente recorriendo de norte a sur y de este a oeste la entidad, supervisando de manera personal la implementaci\u00f3n de la parafernalia de Programas del Bienestar, mismo que le ha dado un handycam especial a su trayectoria.<\/span><\/p>\n<p class=\"p1\"><span style=\"font-size: 14pt;\">Hombre cercan\u00edsimo al presidente Andr\u00e9s Manuel L\u00f3pez Obrador, Huerta Ladr\u00f3n de Guevara capitaliza la oferta que el cargo le ofrece, pues su labor al frente de la dependencia ha servido como la principal herramienta para garantizar el triunfo de Morena en los pasados procesos electorales.<\/span><\/p>\n<p class=\"p1\"><span style=\"font-size: 14pt;\">Simple, al ser el responsable de los programas de apoyo, el capital y activo que le representa ha mantenido a la maquinaria pol\u00edtico-electoral bien aceitada, garantiz\u00e1ndole a la 4T un volumen importante de votos a favor.<\/span><\/p>\n<p class=\"p1\"><span style=\"font-size: 14pt;\">As\u00ed su gesti\u00f3n al frente de la delegaci\u00f3n del Bienestar representa a m\u00e1s de un mill\u00f3n 526 mil 658 beneficiarios que llegado el momento podr\u00e1n ser capitalizados a favor del proyecto transformador.<\/span><\/p>\n<p class=\"p1\"><span style=\"font-size: 14pt;\">Ah\u00ed van los beneficiarios del Programa de Pensiones de Adultos Mayores, los del pago asistido pensi\u00f3n para el bienestar de las Personas con Discapacidad, los de producci\u00f3n del Bienestar, entre otros.<\/span><\/p>\n<p class=\"p1\"><span style=\"font-size: 14pt;\">S\u00famele usted las cerca de 13 millones 517 mil 780 dosis de vacunaci\u00f3n AntiCovid que el gobierno federal ha aplicado en el estado, m\u00e1s las 115 mil dosis de vacuna cubana Abdal\u00e1 que ya se han aplicado en la entidad.<\/span><\/p>\n<p class=\"p1\"><span style=\"font-size: 14pt;\">Pero Huerta Ladr\u00f3n de Guevara est\u00e1 empecinado en evidenciar la transformaci\u00f3n de Veracruz, y una de esas causas la construyen a trav\u00e9s del inici\u00f3 el ciclo escolar de la Licenciatura en Medicina Integral y Salud Comunitaria, de la Universidad Benito Ju\u00e1rez que sus campus del municipio de Ixtaczoquitl\u00e1n y Perote son ya una realidad.<\/span><\/p>\n<p class=\"p1\"><span style=\"font-size: 14pt;\">El objetivo de transformar la educaci\u00f3n en el pa\u00eds, otorgando oportunidades a los j\u00f3venes para que aporten su conocimiento a la sociedad, se crearon especialmente para los j\u00f3venes de las zonas m\u00e1s pobres que menos oportunidades tienen de estudiar una carrera debido al abandono en que se dej\u00f3 a las comunidades, haciendo honor al derecho constitucional a la educaci\u00f3n.<\/span><\/p>\n<p class=\"p1\"><span style=\"font-size: 14pt;\">El naolinque\u00f1o se\u00f1al\u00f3 que las disciplinas m\u00e9dicas en M\u00e9xico redujeron su matr\u00edcula durante las pasadas administraciones volvi\u00e9ndose un privilegio la oportunidad de estudiar carreras en esta \u00e1rea; \u00abpero esto ha cambiado gracias al Gobierno Federal que ha buscado incrementar la matr\u00edcula de estudiantes en educaci\u00f3n superior, y ahora con la pol\u00edtica de federalizaci\u00f3n del sector salud al ofertar licenciaturas en medicina y enfermer\u00eda \u00ab.<\/span><\/p>\n<p class=\"p1\"><span style=\"font-size: 14pt;\">Coatzintla, Coscomatepec, Coyutla, Las Choapas, Oluta, Tierra Blanca, Tlacojalpan y Zomajapan en Zongolica son algunos de los municipios que se ver\u00e1n beneficiados con la construcci\u00f3n y desarrollo de las Universidades Benito Ju\u00e1rez.<\/span><\/p>\n<p class=\"p1\"><span style=\"font-size: 14pt;\">El funcionario federal pidi\u00f3 a los alcaldes veracruzanos que formen parte de esta transformaci\u00f3n apoyar con la donaci\u00f3n de predios para que se ampli\u00e9 la construcci\u00f3n de Universidades Benito Ju\u00e1rez y asegur\u00f3 que la mejor manera de aportar es cambiar la forma en que se hacen las cosas.<\/span><\/p>\n<p class=\"p1\"><span style=\"font-size: 14pt;\">Es evidente que la aspiraci\u00f3n de Manuel Huerta es real y cuenta con el respaldo del presidente Andr\u00e9s Manuel L\u00f3pez Obrador, quien le ha dicho mu\u00e9vete, porque eso de que los actores pol\u00edticos act\u00faen por su propia iniciativa es insensato pensarlo bajo los estilos de gobernar del presidente.<\/span><\/p>\n<p class=\"p1\"><span style=\"font-size: 14pt;\">El acelerador de Huerta est\u00e1 a fondo a ver qui\u00e9n lo para.<\/span><\/p>\n<p class=\"p1\"><span style=\"font-size: 18pt;\"><strong>Al tiempo.<\/strong><\/span><\/p>\n<p>&nbsp;<\/p>\n<hr \/>\n<p>&nbsp;<\/p>\n<p class=\"p1\"><span style=\"font-size: 18pt;\"><strong>Correo: <a href=\"mailto:astrolabiopoliticomx@gmail.com\">astrolabiopoliticomx@gmail.com<\/a><\/strong><\/span><\/p>\n<p class=\"p1\"><span style=\"font-size: 18pt;\"><strong>Twitter: <a href=\"http:\/\/www.twitter.com\/LuisBaqueiro_mx\">@LuisBaqueiro_mx<\/a><\/strong><\/span><\/p>\n<p>&nbsp;<\/p>\n<p><img loading=\"lazy\" decoding=\"async\" class=\"aligncenter wp-image-11449\" src=\"http:\/\/noticiasveracruz.com\/wp-content\/uploads\/2023\/01\/FIRMA-EDITORIAL-NV-300x37.png\" alt=\"\" width=\"1000\" height=\"122\" srcset=\"https:\/\/noticiasveracruz.com\/wp-content\/uploads\/2023\/01\/FIRMA-EDITORIAL-NV-300x37.png 300w, https:\/\/noticiasveracruz.com\/wp-content\/uploads\/2023\/01\/FIRMA-EDITORIAL-NV-1024x125.png 1024w, https:\/\/noticiasveracruz.com\/wp-content\/uploads\/2023\/01\/FIRMA-EDITORIAL-NV-768x94.png 768w, https:\/\/noticiasveracruz.com\/wp-content\/uploads\/2023\/01\/FIRMA-EDITORIAL-NV-1536x188.png 1536w, https:\/\/noticiasveracruz.com\/wp-content\/uploads\/2023\/01\/FIRMA-EDITORIAL-NV-2048x250.png 2048w\" sizes=\"auto, (max-width: 1000px) 100vw, 1000px\" \/><\/p>\n<p>&nbsp;<\/p>\n<p>&nbsp;<\/p>\n<p style=\"font-weight: 400;\"><span style=\"font-size: 14pt;\">\u00a0<\/span><\/p>\n<p class=\"p2\"><span style=\"font-size: 14pt;\"><b>\u00a0<\/b><\/span><\/p>\n","protected":false},"excerpt":{"rendered":"<p>&nbsp; Por Luis Ram\u00edrez Baqueiro &nbsp; \u201cCualquier esfuerzo resulta ligero con el h\u00e1bito\u201d \u2013 Tito Livio \u2013\u00a0 &nbsp; Vaya que<\/p>\n","protected":false},"author":4,"featured_media":3572,"comment_status":"closed","ping_status":"closed","sticky":false,"template":"","format":"standard","meta":{"colormag_page_container_layout":"default_layout","colormag_page_sidebar_layout":"default_layout","_jetpack_memberships_contains_paid_content":false,"footnotes":"","jetpack_publicize_message":"","jetpack_publicize_feature_enabled":true,"jetpack_social_post_already_shared":true,"jetpack_social_options":{"image_generator_settings":{"template":"highway","default_image_id":0,"font":"","enabled":false},"version":2}},"categories":[6],"tags":[],"class_list":["post-12628","post","type-post","status-publish","format-standard","has-post-thumbnail","hentry","category-columnistas"],"jetpack_publicize_connections":[],"jetpack_featured_media_url":"https:\/\/noticiasveracruz.com\/wp-content\/uploads\/2022\/04\/LUIS-RAMI\u0301REZ-BAQUEIRO.png","jetpack_sharing_enabled":true,"publishpress_future_action":{"enabled":false,"date":"2026-05-06 22:46:58","action":"change-status","newStatus":"draft","terms":[],"taxonomy":"category","extraData":[]},"publishpress_future_workflow_manual_trigger":{"enabledWorkflows":[]},"_links":{"self":[{"href":"https:\/\/noticiasveracruz.com\/index.php\/wp-json\/wp\/v2\/posts\/12628","targetHints":{"allow":["GET"]}}],"collection":[{"href":"https:\/\/noticiasveracruz.com\/index.php\/wp-json\/wp\/v2\/posts"}],"about":[{"href":"https:\/\/noticiasveracruz.com\/index.php\/wp-json\/wp\/v2\/types\/post"}],"author":[{"embeddable":true,"href":"https:\/\/noticiasveracruz.com\/index.php\/wp-json\/wp\/v2\/users\/4"}],"replies":[{"embeddable":true,"href":"https:\/\/noticiasveracruz.com\/index.php\/wp-json\/wp\/v2\/comments?post=12628"}],"version-history":[{"count":0,"href":"https:\/\/noticiasveracruz.com\/index.php\/wp-json\/wp\/v2\/posts\/12628\/revisions"}],"wp:featuredmedia":[{"embeddable":true,"href":"https:\/\/noticiasveracruz.com\/index.php\/wp-json\/wp\/v2\/media\/3572"}],"wp:attachment":[{"href":"https:\/\/noticiasveracruz.com\/index.php\/wp-json\/wp\/v2\/media?parent=12628"}],"wp:term":[{"taxonomy":"category","embeddable":true,"href":"https:\/\/noticiasveracruz.com\/index.php\/wp-json\/wp\/v2\/categories?post=12628"},{"taxonomy":"post_tag","embeddable":true,"href":"https:\/\/noticiasveracruz.com\/index.php\/wp-json\/wp\/v2\/tags?post=12628"}],"curies":[{"name":"wp","href":"https:\/\/api.w.org\/{rel}","templated":true}]}}