{"id":12623,"date":"2023-02-09T06:42:41","date_gmt":"2023-02-09T12:42:41","guid":{"rendered":"https:\/\/noticiasveracruz.com\/?p=12623"},"modified":"2023-02-09T06:42:55","modified_gmt":"2023-02-09T12:42:55","slug":"ceguera-juridica-del-ejecutivo","status":"publish","type":"post","link":"https:\/\/noticiasveracruz.com\/index.php\/2023\/02\/09\/ceguera-juridica-del-ejecutivo\/","title":{"rendered":"Ceguera jur\u00eddica del ejecutivo"},"content":{"rendered":"<p>&nbsp;<\/p>\n<p class=\"p1\"><span style=\"font-size: 18pt;\"><strong>Por Alberto Woolrich Ort\u00edz<\/strong><\/span><\/p>\n<p class=\"p1\"><span style=\"font-size: 14pt;\">La confronta que existe entre la Abogac\u00eda Independiente de la Rep\u00fablica y el Poder Ejecutivo Federal es de un pasado reciente. En estos enfrentamientos existen dos vertientes, la de los letrados que dicen es blanco y la de Andr\u00e9s Manuel L\u00f3pez Obrador que dice es negro, la veracidad no la pueden expresar conjuntamente las dos partes, toda vez que se sostienen opiniones contrarias; por lo tanto, una de esas partes sostiene una inexactitud, una falacia. Esto autorizar\u00eda a expresar a los hombres de buen pensar que lo que refiere el Presidente Constitucional de los Estados Unidos Mexicanos es un embuste, una irrealidad pero c\u00f3mo los letrados dicen tener la raz\u00f3n \u2014en cuanto a qu\u00e9 el ejecutivo no respeta la Constituci\u00f3n\u2014, los hombres de leyes tienen el entendimiento, quiere ello decir que la autoridad sostiene en esos enfrentamientos causas jur\u00eddicamente perdidas.<\/span><\/p>\n<p class=\"p1\"><span style=\"font-size: 14pt;\">En las referidas confrontaciones \u2014eso se tiene que decir\u2014 los togados sostienen tesis diametralmente opuestas a las de la Cuarta Transformaci\u00f3n de la Naci\u00f3n, proceden, siempre proceden, de buena fe porque esos letrados defienden la Constituci\u00f3n Pol\u00edtica de los Estados Unidos Mexicanos la cual representa la verdad tal como se ve desde el \u00e1ngulo visual del Estado de Derecho que rige a M\u00e9xico.<\/span><\/p>\n<p class=\"p1\"><span style=\"font-size: 14pt;\">En esa divergencia de opiniones siempre se apersona la balanza de la justicia, la cual es y constituye su s\u00edmbolo tradicional, esa balanza con su mecanismo es la que va a decidir y decide cu\u00e1l de las dos opiniones dice la verdad. La abogac\u00eda, por una parte, pone en su plato correspondiente la Carta Magna, la verdad y por sobre todo a M\u00e9xico.<\/span><\/p>\n<p class=\"p1\"><span style=\"font-size: 14pt;\">En el plato opuesto Andr\u00e9s Manuel L\u00f3pez Obrador en su car\u00e1cter de Presidente Constitucional de los Estados Unidos Mexicanos, pone su natural forma de gobernar, de pensar, es decir la manera de interpretar su <span class=\"Apple-converted-space\">\u00a0 <\/span>combate a la corrupci\u00f3n, su simulado respeto a la ley y su deseo de dar continuidad a su proyecto de Naci\u00f3n.<\/span><\/p>\n<p class=\"p1\"><span style=\"font-size: 14pt;\">El abogado, como jurista, tiene la virtud de descubrir y revelar los aspectos m\u00e1s rec\u00f3nditos y secretos de la verdad, hasta el punto de dar al profano, el cual carece de esa virtud, el conocimiento para actuar. La Abogac\u00eda Independiente de la Rep\u00fablica no altera esa veracidad, por el contrario, la dice y fuerte, no la oculta.<\/span><\/p>\n<p class=\"p1\"><span style=\"font-size: 14pt;\">Esas son las dos vertientes que existen ante los ojos de nuestro M\u00e9xico.<\/span><\/p>\n<p class=\"p1\"><span style=\"font-size: 14pt;\">\u00bfCu\u00e1l de esas dos posiciones traiciona la verdad? .<\/span><\/p>\n<p class=\"p1\"><span style=\"font-size: 14pt;\">Los abogados que refieren que el ejecutivo protege a la narco-pol\u00edtica o el presidente que dice que se deben de dar abrazos y besos a la delincuencia.<\/span><\/p>\n<p class=\"p1\"><span style=\"font-size: 14pt;\">La Justicia, tiene la palabra y en su balanza se contiene la verdad.<\/span><\/p>\n<p>&nbsp;<\/p>\n<p class=\"p3\"><span style=\"font-size: 18pt;\"><strong>Es cuanto. <\/strong><\/span><\/p>\n<p>&nbsp;<\/p>\n<hr \/>\n<p>&nbsp;<\/p>\n<p class=\"p1\"><strong><span style=\"font-size: 18pt;\">Lic. Alberto Woolrich Ort\u00edz<\/span><\/strong><\/p>\n<p class=\"p1\"><strong><span style=\"font-size: 18pt;\">Presidente de la Academia de Derecho Penal<\/span><\/strong><\/p>\n<p class=\"p1\"><strong><span style=\"font-size: 18pt;\">del Colegio de Abogados de M\u00e9xico, A.C.<\/span><\/strong><\/p>\n<p>&nbsp;<\/p>\n<p>&nbsp;<\/p>\n<p><img loading=\"lazy\" decoding=\"async\" class=\"aligncenter wp-image-11449\" src=\"http:\/\/noticiasveracruz.com\/wp-content\/uploads\/2023\/01\/FIRMA-EDITORIAL-NV-1024x125.png\" alt=\"\" width=\"1000\" height=\"122\" srcset=\"https:\/\/noticiasveracruz.com\/wp-content\/uploads\/2023\/01\/FIRMA-EDITORIAL-NV-1024x125.png 1024w, https:\/\/noticiasveracruz.com\/wp-content\/uploads\/2023\/01\/FIRMA-EDITORIAL-NV-300x37.png 300w, https:\/\/noticiasveracruz.com\/wp-content\/uploads\/2023\/01\/FIRMA-EDITORIAL-NV-768x94.png 768w, https:\/\/noticiasveracruz.com\/wp-content\/uploads\/2023\/01\/FIRMA-EDITORIAL-NV-1536x188.png 1536w, https:\/\/noticiasveracruz.com\/wp-content\/uploads\/2023\/01\/FIRMA-EDITORIAL-NV-2048x250.png 2048w\" sizes=\"auto, (max-width: 1000px) 100vw, 1000px\" \/><\/p>\n<p>&nbsp;<\/p>\n<p>&nbsp;<\/p>\n<p>&nbsp;<\/p>\n<p>&nbsp;<\/p>\n<p>&nbsp;<\/p>\n","protected":false},"excerpt":{"rendered":"<p>&nbsp; Por Alberto Woolrich Ort\u00edz La confronta que existe entre la Abogac\u00eda Independiente de la Rep\u00fablica y el Poder Ejecutivo<\/p>\n","protected":false},"author":4,"featured_media":3616,"comment_status":"closed","ping_status":"closed","sticky":false,"template":"","format":"standard","meta":{"colormag_page_container_layout":"default_layout","colormag_page_sidebar_layout":"default_layout","_jetpack_memberships_contains_paid_content":false,"footnotes":"","jetpack_publicize_message":"","jetpack_publicize_feature_enabled":true,"jetpack_social_post_already_shared":true,"jetpack_social_options":{"image_generator_settings":{"template":"highway","default_image_id":0,"font":"","enabled":false},"version":2}},"categories":[6],"tags":[],"class_list":["post-12623","post","type-post","status-publish","format-standard","has-post-thumbnail","hentry","category-columnistas"],"jetpack_publicize_connections":[],"jetpack_featured_media_url":"https:\/\/noticiasveracruz.com\/wp-content\/uploads\/2022\/04\/NV-ALBERTO-WOOLRICH-1.png","jetpack_sharing_enabled":true,"publishpress_future_action":{"enabled":false,"date":"2026-05-06 23:34:23","action":"change-status","newStatus":"draft","terms":[],"taxonomy":"category","extraData":[]},"publishpress_future_workflow_manual_trigger":{"enabledWorkflows":[]},"_links":{"self":[{"href":"https:\/\/noticiasveracruz.com\/index.php\/wp-json\/wp\/v2\/posts\/12623","targetHints":{"allow":["GET"]}}],"collection":[{"href":"https:\/\/noticiasveracruz.com\/index.php\/wp-json\/wp\/v2\/posts"}],"about":[{"href":"https:\/\/noticiasveracruz.com\/index.php\/wp-json\/wp\/v2\/types\/post"}],"author":[{"embeddable":true,"href":"https:\/\/noticiasveracruz.com\/index.php\/wp-json\/wp\/v2\/users\/4"}],"replies":[{"embeddable":true,"href":"https:\/\/noticiasveracruz.com\/index.php\/wp-json\/wp\/v2\/comments?post=12623"}],"version-history":[{"count":0,"href":"https:\/\/noticiasveracruz.com\/index.php\/wp-json\/wp\/v2\/posts\/12623\/revisions"}],"wp:featuredmedia":[{"embeddable":true,"href":"https:\/\/noticiasveracruz.com\/index.php\/wp-json\/wp\/v2\/media\/3616"}],"wp:attachment":[{"href":"https:\/\/noticiasveracruz.com\/index.php\/wp-json\/wp\/v2\/media?parent=12623"}],"wp:term":[{"taxonomy":"category","embeddable":true,"href":"https:\/\/noticiasveracruz.com\/index.php\/wp-json\/wp\/v2\/categories?post=12623"},{"taxonomy":"post_tag","embeddable":true,"href":"https:\/\/noticiasveracruz.com\/index.php\/wp-json\/wp\/v2\/tags?post=12623"}],"curies":[{"name":"wp","href":"https:\/\/api.w.org\/{rel}","templated":true}]}}