{"id":12620,"date":"2023-02-01T14:43:22","date_gmt":"2023-02-01T20:43:22","guid":{"rendered":"https:\/\/noticiasveracruz.com\/?p=12620"},"modified":"2023-02-01T14:43:52","modified_gmt":"2023-02-01T20:43:52","slug":"tantoyuca-la-danza-de-los-millones","status":"publish","type":"post","link":"https:\/\/noticiasveracruz.com\/index.php\/2023\/02\/01\/tantoyuca-la-danza-de-los-millones\/","title":{"rendered":"Tantoyuca la danza de los millones"},"content":{"rendered":"<p>&nbsp;<\/p>\n<p class=\"p1\" style=\"text-align: center;\"><span style=\"font-size: 18pt;\"><strong>&lt;&lt;\u00a0Detecta el ORFIS 252 millones en la administraci\u00f3n pasada &gt;&gt;<\/strong><\/span><\/p>\n<p class=\"p1\" style=\"text-align: center;\"><span style=\"font-size: 18pt;\"><strong>&lt;&lt; Tan solo en el \u00faltimo a\u00f1o del gobierno de Amado Guzm\u00e1n Avil\u00e9s &gt;&gt;<\/strong><\/span><\/p>\n<p class=\"p1\" style=\"text-align: center;\"><span style=\"font-size: 18pt;\"><strong>&lt;&lt; Se le deber\u00e1n fincar responsabilidades penales por da\u00f1o patrimonial &gt;&gt;<\/strong><\/span><\/p>\n<p>&nbsp;<\/p>\n<p class=\"p1\"><span style=\"font-size: 18pt;\"><strong>Por Miguel \u00c1ngel Cristiani Gonz\u00e1lez<\/strong><\/span><\/p>\n<p class=\"p1\"><span style=\"font-size: 14pt;\">Posiblemente confiado en que su hermano era el dirigente estatal del PAN en la pasada administraci\u00f3n, el presidente municipal de Tantoyuca Amado Guzm\u00e1n Avil\u00e9s no se preocup\u00f3 por justificar -tan solo en el \u00faltimo a\u00f1o de su gobierno- un total de 250 millones de pesos que fueron observados en las auditor\u00edas que le practic\u00f3 el ORFIS.<\/span><\/p>\n<p class=\"p1\"><span style=\"font-size: 14pt;\">Por eso es que el panista Amado Guzm\u00e1n Avil\u00e9s, hermano del ex dirigente del PAN en el estado, Joaqu\u00edn Guzm\u00e1n Avil\u00e9s encabeza la lista de las observaciones que no fueron justificadas y que ahora que esta semana el Congreso del Estado acaba de aprobar el Informe de la Cuenta P\u00fablica 2021, se le deber\u00e1n fincar responsabilidades penales por da\u00f1o patrimonial.<\/span><\/p>\n<p class=\"p1\"><span style=\"font-size: 14pt;\">Como se recordar\u00e1, en la anterior administraci\u00f3n estatal que gobern\u00f3 el panista Miguel Angel Yunes, el dirigente estatal del PAN fue Joaqu\u00edn Guzm\u00e1n Avil\u00e9s y su hermano lleg\u00f3 a la presidencia municipal de Tantoyuca, en donde tan solo en el \u00faltimo a\u00f1o se detectaron irregularidades por 252 millones de pesos.<\/span><\/p>\n<p class=\"p1\"><span style=\"font-size: 14pt;\">Esos millones son tan solo del \u00faltimo a\u00f1o del gobierno municipal, hay que agregar lo de los otros primeros a\u00f1os de su mala administraci\u00f3n.<\/span><\/p>\n<p class=\"p1\"><span style=\"font-size: 14pt;\">En el informe particular que entreg\u00f3 el ORFIS al Congreso del Estado y que ya fue aprobado este martes pasado, el total de las irregularidades detectadas en el \u00faltimo a\u00f1o de Amado Guzm\u00e1n Avil\u00e9s suma un total de $252,502,008.97. <\/span><span style=\"font-size: 14pt;\">Las observaciones por da\u00f1o patrimonial suman $62,180,909.79.<\/span><\/p>\n<p class=\"p1\"><span style=\"font-size: 14pt;\">Aparte hay 187 observaciones T\u00e9cnicas a la Obra P\u00fablica por $190,321,099.18.<\/span><\/p>\n<p class=\"p1\"><span style=\"font-size: 14pt;\">Cuando en su oportunidad se le hicieron las observaciones financieras y t\u00e9cnicas a las malas obras, Amado Guzm\u00e1n Avil\u00e9s nunca las atendi\u00f3 ni les dio respuesta, hasta que le empezaron a llover las multas, pero en ese entonces, ya era muy tarde.<\/span><\/p>\n<p class=\"p1\"><span style=\"font-size: 14pt;\">Ahora, como las observaciones que hacen presumir la existencia de un da\u00f1o patrimonial a la Hacienda P\u00fablica Municipal y de las cuales el ORFIS promover\u00e1 el fincamiento de responsabilidades y determinaci\u00f3n de da\u00f1os y perjuicios de conformidad con el T\u00edtulo Quinto de la Ley de Fiscalizaci\u00f3n Superior y Rendici\u00f3n de Cuentas del Estado de Veracruz, as\u00ed como con las Leyes General de Responsabilidades Administrativas y de Responsabilidades Administrativas para el Estado de Veracruz de Ignacio de la Llave.<\/span><\/p>\n<p class=\"p1\"><span style=\"font-size: 14pt;\">Aunque la Auditora General del ORFIS la maestra Delia Gonz\u00e1lez Cobos no ha revelado los nombres de los 40 alcaldes que habr\u00e1n de ser denunciados ante la Fiscal\u00eda General del Estado por posibles actos de corrupci\u00f3n y responsabilidades, en esta misma semana, el municipio de Tantoyuca deber\u00e1 de ser incluido en lista.<\/span><\/p>\n<p class=\"p1\"><span style=\"font-size: 14pt;\">Es una larga lista de malas obras ejecutadas en el municipio y que nunca fueron atendidas, pero ahora ya es muy tarde para tratar de justificarlas.<\/span><\/p>\n<p class=\"p1\"><span style=\"font-size: 14pt;\">Habr\u00e1 que estar pendiente y esperar a que la Fiscal\u00eda General del Estado continua con el proceso y se den a conocer los ex alcaldes -que ya terminaron en las pasadas administraciones- pero que a\u00fan puede y deben ser llamados a cuentas.<\/span><\/p>\n<p class=\"p1\"><span style=\"font-size: 14pt;\">De acuerdo con la ley son siete a\u00f1os despu\u00e9s de concluida la administraci\u00f3n en que se pueden fincar responsabilidades.<\/span><\/p>\n<p class=\"p1\"><span style=\"font-size: 14pt;\">Aunque existe un consenso generalizado de que es demasiado tiempo y demasiadas las facilidades que se les otorgan para que quienes tuvieron la responsabilidad de administrar los recursos p\u00fablicos puedan justificarlos, o salir huyendo. <\/span><span style=\"font-size: 14pt;\">Habr\u00e1 que esperar para ver qu\u00e9 sucede.<\/span><\/p>\n<p class=\"p1\"><span style=\"font-size: 14pt;\">Mientras tanto, habr\u00e1 que seguir desmenuzando la lista de observaciones detectadas por el ORFIS tan solo en las cuentas p\u00fablicas del \u00faltimo a\u00f1o de las administraciones municipales.<\/span><\/p>\n<p class=\"p1\"><span style=\"font-size: 14pt;\">En la lista del Top Ten que observaciones a comprobar, se encuentra el municipio de Veracruz, que bajo el gobierno del tambi\u00e9n panista Fernando Yunes M\u00e1rquez, en el \u00faltimo a\u00f1o cuando su papa era gobernador del estado, result\u00f3 con una observaci\u00f3n de da\u00f1o patrimonial por 117 millones 507 mil pesos.<\/span><\/p>\n<p class=\"p1\"><span style=\"font-size: 14pt;\">Pero como dir\u00eda la Nana Goya, esa es otra historia que habremos de contar ma\u00f1ana, en esta Bit\u00e1cora Pol\u00edtica.<\/span><\/p>\n<p>&nbsp;<\/p>\n<hr \/>\n<p>&nbsp;<\/p>\n<p class=\"p1\"><span style=\"font-size: 18pt;\"><strong>Cont\u00e1ctanos en nuestras redes sociales:<\/strong><\/span><\/p>\n<p class=\"p1\"><span style=\"font-size: 18pt;\"><strong><a href=\"https:\/\/www.canva.com\/design\/DAEN5B9DWgs\/ZCHd2Z8KueYjlg_d59Op3A\/view\">https:\/\/www.canva.com\/design\/DAEN5B9DWgs\/ZCHd2Z8KueYjlg_d59Op3A\/view<\/a><\/strong><\/span><\/p>\n<p>&nbsp;<\/p>\n<p><img loading=\"lazy\" decoding=\"async\" class=\"aligncenter wp-image-11449\" src=\"http:\/\/noticiasveracruz.com\/wp-content\/uploads\/2023\/01\/FIRMA-EDITORIAL-NV-300x37.png\" alt=\"\" width=\"1000\" height=\"122\" srcset=\"https:\/\/noticiasveracruz.com\/wp-content\/uploads\/2023\/01\/FIRMA-EDITORIAL-NV-300x37.png 300w, https:\/\/noticiasveracruz.com\/wp-content\/uploads\/2023\/01\/FIRMA-EDITORIAL-NV-1024x125.png 1024w, https:\/\/noticiasveracruz.com\/wp-content\/uploads\/2023\/01\/FIRMA-EDITORIAL-NV-768x94.png 768w, https:\/\/noticiasveracruz.com\/wp-content\/uploads\/2023\/01\/FIRMA-EDITORIAL-NV-1536x188.png 1536w, https:\/\/noticiasveracruz.com\/wp-content\/uploads\/2023\/01\/FIRMA-EDITORIAL-NV-2048x250.png 2048w\" sizes=\"auto, (max-width: 1000px) 100vw, 1000px\" \/><\/p>\n<p>&nbsp;<\/p>\n<p>&nbsp;<\/p>\n<p class=\"p1\">\n","protected":false},"excerpt":{"rendered":"<p>&nbsp; &lt;&lt;\u00a0Detecta el ORFIS 252 millones en la administraci\u00f3n pasada &gt;&gt; &lt;&lt; Tan solo en el \u00faltimo a\u00f1o del gobierno<\/p>\n","protected":false},"author":4,"featured_media":3280,"comment_status":"closed","ping_status":"closed","sticky":false,"template":"","format":"standard","meta":{"colormag_page_container_layout":"default_layout","colormag_page_sidebar_layout":"default_layout","_jetpack_memberships_contains_paid_content":false,"footnotes":"","jetpack_publicize_message":"","jetpack_publicize_feature_enabled":true,"jetpack_social_post_already_shared":true,"jetpack_social_options":{"image_generator_settings":{"template":"highway","default_image_id":0,"font":"","enabled":false},"version":2}},"categories":[6],"tags":[],"class_list":["post-12620","post","type-post","status-publish","format-standard","has-post-thumbnail","hentry","category-columnistas"],"jetpack_publicize_connections":[],"jetpack_featured_media_url":"https:\/\/noticiasveracruz.com\/wp-content\/uploads\/2022\/04\/NV-MIGUEL-A\u0301NGEL-CRISTIANI.png","jetpack_sharing_enabled":true,"publishpress_future_action":{"enabled":false,"date":"2026-05-07 01:14:17","action":"change-status","newStatus":"draft","terms":[],"taxonomy":"category","extraData":[]},"publishpress_future_workflow_manual_trigger":{"enabledWorkflows":[]},"_links":{"self":[{"href":"https:\/\/noticiasveracruz.com\/index.php\/wp-json\/wp\/v2\/posts\/12620","targetHints":{"allow":["GET"]}}],"collection":[{"href":"https:\/\/noticiasveracruz.com\/index.php\/wp-json\/wp\/v2\/posts"}],"about":[{"href":"https:\/\/noticiasveracruz.com\/index.php\/wp-json\/wp\/v2\/types\/post"}],"author":[{"embeddable":true,"href":"https:\/\/noticiasveracruz.com\/index.php\/wp-json\/wp\/v2\/users\/4"}],"replies":[{"embeddable":true,"href":"https:\/\/noticiasveracruz.com\/index.php\/wp-json\/wp\/v2\/comments?post=12620"}],"version-history":[{"count":0,"href":"https:\/\/noticiasveracruz.com\/index.php\/wp-json\/wp\/v2\/posts\/12620\/revisions"}],"wp:featuredmedia":[{"embeddable":true,"href":"https:\/\/noticiasveracruz.com\/index.php\/wp-json\/wp\/v2\/media\/3280"}],"wp:attachment":[{"href":"https:\/\/noticiasveracruz.com\/index.php\/wp-json\/wp\/v2\/media?parent=12620"}],"wp:term":[{"taxonomy":"category","embeddable":true,"href":"https:\/\/noticiasveracruz.com\/index.php\/wp-json\/wp\/v2\/categories?post=12620"},{"taxonomy":"post_tag","embeddable":true,"href":"https:\/\/noticiasveracruz.com\/index.php\/wp-json\/wp\/v2\/tags?post=12620"}],"curies":[{"name":"wp","href":"https:\/\/api.w.org\/{rel}","templated":true}]}}