{"id":12615,"date":"2023-02-01T07:31:00","date_gmt":"2023-02-01T13:31:00","guid":{"rendered":"https:\/\/noticiasveracruz.com\/?p=12615"},"modified":"2023-02-01T07:31:00","modified_gmt":"2023-02-01T13:31:00","slug":"osx-presenta-la-sinfonia-no-38-praga-de-mozart","status":"publish","type":"post","link":"https:\/\/noticiasveracruz.com\/index.php\/2023\/02\/01\/osx-presenta-la-sinfonia-no-38-praga-de-mozart\/","title":{"rendered":"OSX presenta la Sinfon\u00eda No. 38 Praga de Mozart"},"content":{"rendered":"<p class=\"p1\">\n<p>&nbsp;<\/p>\n<p class=\"p1\" style=\"text-align: center;\"><span style=\"font-size: 18pt;\"><strong>&lt;&lt; Alice Dade, solista invitada &gt;&gt;<\/strong><\/span><\/p>\n<p class=\"p1\" style=\"text-align: center;\"><span style=\"font-size: 18pt;\"><strong>&lt;&lt; Estreno en Xalapa: Concierto para flauta de Aram Khachaturian &gt;&gt;<\/strong><\/span><\/p>\n<p>&nbsp;<\/p>\n<p>&nbsp;<\/p>\n<p class=\"p1\" style=\"text-align: left;\">\n<span style=\"font-size: 14pt;\"><strong><em>XALAPA, VERACRUZ.<\/em> La Orquesta Sinf\u00f3nica de Xalapa<\/strong> (OSX) de la <strong>Universidad Veracruzana<\/strong> (UV), presenta desde <strong>Tlaqn\u00e1, Centro Cultural<\/strong>, el prodigioso sonido del <strong>\u201cConcierto para flauta\u201d de Aram Khachaturian<\/strong> (por primera vez en Xalapa) con la virtuosa ejecuci\u00f3n de la solista internacional: <strong>Alice Dade<\/strong>. Y la distinguida <strong>Sinfon\u00eda No. 38 (Praga), de Wolfgang A. Mozart, adem\u00e1s de la Sinfon\u00eda No. 1 de Federico Ibarra Groth<\/strong> para completar el Programa 3 de la Temporada Uno de Conciertos. Bajo la direcci\u00f3n de Scott Yoo, Director Invitado.<\/span><\/p>\n<p class=\"p1\" style=\"text-align: left;\"><span style=\"font-size: 18pt; color: #e42d33;\"><strong>Este concierto se realizar\u00e1 el viernes 3 de febrero, a las 20:30 hrs.<\/strong><\/span><\/p>\n<p>&nbsp;<\/p>\n<p><span style=\"font-size: 18pt; color: #e42d33;\"><strong>EL CONCIERTO<\/strong><\/span><\/p>\n<p class=\"p1\" style=\"text-align: left;\"><span style=\"font-size: 18pt;\"><strong>Creada por encargo del director Enrique Diemecke para una dotaci\u00f3n orquestal mozartiana (una orquesta reducida t\u00edpica del s. XVIII), la \u201cSinfon\u00eda No. 1\u201d de Federico Ibarra Groth, fue escrita con una duraci\u00f3n l\u00edmite de diez minutos, haciendo un cuidado preciso sobre cada detalle de la obra. Comprimiendo la idea y materiales de una sinfon\u00eda tradicional de cuatro movimientos en uno solo, proceso que siguieron otros compositores destacados como Scriabin o Nielsen. <\/strong><\/span><\/p>\n<p class=\"p1\" style=\"text-align: left;\"><span style=\"font-size: 14pt;\">Debido al inconmensurable \u00e9xito de Mozart con \u201cLas Bodas de F\u00edgaro\u201d en Praga, este decidi\u00f3 visitar la ciudad checa en uno de sus viajes m\u00e1s satisfactorios de su carrera. Tras vastos festines con abundante comida, pomposos bailes y c\u00e9lebres menciones a su \u00f3pera aqu\u00ed y all\u00e1; la visita de Mozart finaliz\u00f3 con dos apariciones p\u00fablicas que cautivaron a la ciudad con el estreno de su Sinfon\u00eda No. 38, Praga. Fechado al 6 de diciembre de 1786, la partitura reflej\u00f3 su estilo sofisticado de composici\u00f3n, omitiendo el minueto para reforzar el dramatismo de la misma. Pieza que pone en tela de juicio toda muestra de aparente alegr\u00eda, m\u00fasica que exhibe luz con oscuridad eternamente al acecho.<\/span><\/p>\n<p class=\"p1\" style=\"text-align: left;\"><span style=\"font-size: 18pt;\"><strong>Por el caracter\u00edstico estilo de composici\u00f3n de la obra, los pronunciados pasajes que requieren incluso respiraci\u00f3n circular, as\u00ed como la vasta duraci\u00f3n que posee; el Concierto para flauta de Aram Khachaturian grita en todo sentido: \u201cConcierto para viol\u00edn\u201d. Y es que se trata de la adaptaci\u00f3n del Concierto para viol\u00edn escrito en 1940 por Khachaturian, adaptado para flauta por Jean-Pierre Rampal en 1968 a petici\u00f3n del mismo creador.<\/strong><\/span><\/p>\n<p class=\"p1\" style=\"text-align: left;\"><span style=\"font-size: 18pt; color: #e42d33;\"><strong>Su famosa introducci\u00f3n, el exotismo que prevalece durante toda la obra y la brillante armon\u00eda en la que convergen los tres movimientos la hacen una pieza solamente para los m\u00e1s valientes y capaces flautistas. La virtuosa solista invitada responsable de ejecutarla ser\u00e1 Alice Dade.<\/strong><\/span><\/p>\n<p>&nbsp;<\/p>\n<p><img loading=\"lazy\" decoding=\"async\" class=\"aligncenter wp-image-15775 size-large\" src=\"https:\/\/politicosaldesnudo.com.mx\/wp-content\/uploads\/2023\/02\/P-ALICE-DADE-OSX-2-1024x573.png\" alt=\"\" width=\"800\" height=\"448\" \/><\/p>\n<p class=\"p1\" style=\"text-align: left;\">\n<span style=\"font-size: 18pt;\"><strong><span style=\"color: #e42d33;\">Scott Yoo, director invitado<\/span>, es director principal y director art\u00edstico de la Orquesta Filarm\u00f3nica de la Ciudad de M\u00e9xico y director musical del Festival Mozaic. Es tambi\u00e9n anfitri\u00f3n y productor ejecutivo de la nueva serie de PBS Now Hear This, primera serie sobre m\u00fasica cl\u00e1sica en la televisi\u00f3n estadounidense agendada para prime time en 50 a\u00f1os. Es director del festival de m\u00fasica de Colorado College y fundador del Medell\u00edn Festic\u00e1mara, programa de m\u00fasica de c\u00e1mara que re\u00fane a artistas de talla mundial con j\u00f3venes m\u00fasicos desfavorecidos.<\/strong><\/span><\/p>\n<p class=\"p1\" style=\"text-align: left;\"><span style=\"font-size: 14pt;\">Alice K. Dade, solista invitada, tiene una carrera de gran variedad art\u00edstica incluyendo conciertos solistas, m\u00fasica de c\u00e1mara, proyectos de grabaci\u00f3n apariciones en televisi\u00f3n, y ser invitada principal en actuaciones con orquestas de Asia y la Pen\u00ednsula Escandinava. Dade fue premiada en la Olga Koussevitsky Wind Competition of the Musicians Club of New York y The New York Flute Club Competition.<\/span><br \/>\n<span style=\"font-size: 14pt;\">Como solista en m\u00fasica de c\u00e1mara ha participado en Busan One Asia Festival, Chestnut Hill Chamber Series, Concordia Chamber Players at The Princeton Festival, Summerfest of Kansas City, y National Flute Association Conventions.<\/span><\/p>\n<p><span style=\"font-size: 14pt;\">Asiste a la Charla de Concierto a realizarse en la Sala Did\u00e1ctica dentro de Tlaqn\u00e1, Centro Cultural, en punto de las 19:00 hrs con el siguiente panel: Mtro. Alfonso Rodr\u00edguez Pulido, de la Facultad de Arquitectura UV.<\/span><\/p>\n<p>&nbsp;<\/p>\n<hr \/>\n<p>&nbsp;<\/p>\n<p class=\"p1\" style=\"text-align: left;\"><span style=\"color: #e42d33;\"><span style=\"font-size: 18pt;\"><strong>No te pierdas ninguno de los conciertos, la OSX tiene actividad todos los viernes a las 20:30 hrs desde Tlaqn\u00e1, Centro Cultural. Adquiere el Abono OSX en las Oficinas de la OSX de lunes a viernes de 8:30 a 14:30 hrs o compra tus boletos en l\u00ednea en<span class=\"Apple-converted-space\">\u00a0 <\/span><\/strong><\/span><span style=\"font-size: 18pt;\"><strong><a style=\"color: #e42d33;\" href=\"http:\/\/www.orquestasinfonicadexalapa.com\">www.orquestasinfonicadexalapa.com<\/a>, Tienda UV y Taquilla Tlaqn\u00e1.<\/strong><\/span><\/span><\/p>\n<p class=\"p1\" style=\"text-align: left;\"><span style=\"font-size: 18pt;\"><strong>Tel\u00e9fono: 228 818 0834 y correo electr\u00f3nico: mercadotecnia.osx@gmail.com.<\/strong><\/span><\/p>\n<p>&nbsp;<\/p>\n","protected":false},"excerpt":{"rendered":"<p>&nbsp; &lt;&lt; Alice Dade, solista invitada &gt;&gt; &lt;&lt; Estreno en Xalapa: Concierto para flauta de Aram Khachaturian &gt;&gt; &nbsp; &nbsp;<\/p>\n","protected":false},"author":4,"featured_media":12617,"comment_status":"closed","ping_status":"closed","sticky":false,"template":"","format":"standard","meta":{"colormag_page_container_layout":"default_layout","colormag_page_sidebar_layout":"default_layout","_jetpack_memberships_contains_paid_content":false,"footnotes":"","jetpack_publicize_message":"","jetpack_publicize_feature_enabled":true,"jetpack_social_post_already_shared":true,"jetpack_social_options":{"image_generator_settings":{"template":"highway","default_image_id":0,"font":"","enabled":false},"version":2}},"categories":[358],"tags":[2088,1652,728],"class_list":["post-12615","post","type-post","status-publish","format-standard","has-post-thumbnail","hentry","category-cultura","tag-alice-dade","tag-mozart","tag-osx"],"jetpack_publicize_connections":[],"jetpack_featured_media_url":"https:\/\/noticiasveracruz.com\/wp-content\/uploads\/2023\/02\/P-ALICE-DADE-OSX-3.png","jetpack_sharing_enabled":true,"publishpress_future_action":{"enabled":false,"date":"2026-05-07 02:22:15","action":"change-status","newStatus":"draft","terms":[],"taxonomy":"category","extraData":[]},"publishpress_future_workflow_manual_trigger":{"enabledWorkflows":[]},"_links":{"self":[{"href":"https:\/\/noticiasveracruz.com\/index.php\/wp-json\/wp\/v2\/posts\/12615","targetHints":{"allow":["GET"]}}],"collection":[{"href":"https:\/\/noticiasveracruz.com\/index.php\/wp-json\/wp\/v2\/posts"}],"about":[{"href":"https:\/\/noticiasveracruz.com\/index.php\/wp-json\/wp\/v2\/types\/post"}],"author":[{"embeddable":true,"href":"https:\/\/noticiasveracruz.com\/index.php\/wp-json\/wp\/v2\/users\/4"}],"replies":[{"embeddable":true,"href":"https:\/\/noticiasveracruz.com\/index.php\/wp-json\/wp\/v2\/comments?post=12615"}],"version-history":[{"count":0,"href":"https:\/\/noticiasveracruz.com\/index.php\/wp-json\/wp\/v2\/posts\/12615\/revisions"}],"wp:featuredmedia":[{"embeddable":true,"href":"https:\/\/noticiasveracruz.com\/index.php\/wp-json\/wp\/v2\/media\/12617"}],"wp:attachment":[{"href":"https:\/\/noticiasveracruz.com\/index.php\/wp-json\/wp\/v2\/media?parent=12615"}],"wp:term":[{"taxonomy":"category","embeddable":true,"href":"https:\/\/noticiasveracruz.com\/index.php\/wp-json\/wp\/v2\/categories?post=12615"},{"taxonomy":"post_tag","embeddable":true,"href":"https:\/\/noticiasveracruz.com\/index.php\/wp-json\/wp\/v2\/tags?post=12615"}],"curies":[{"name":"wp","href":"https:\/\/api.w.org\/{rel}","templated":true}]}}