{"id":12610,"date":"2023-02-01T05:45:21","date_gmt":"2023-02-01T11:45:21","guid":{"rendered":"https:\/\/noticiasveracruz.com\/?p=12610"},"modified":"2023-02-01T07:11:13","modified_gmt":"2023-02-01T13:11:13","slug":"matalo-o-perdonalo","status":"publish","type":"post","link":"https:\/\/noticiasveracruz.com\/index.php\/2023\/02\/01\/matalo-o-perdonalo\/","title":{"rendered":"\u00a1M\u00e1talo o perd\u00f3nalo!\u00a0"},"content":{"rendered":"<p>&nbsp;<\/p>\n<p class=\"p2\"><span style=\"font-size: 18pt;\"><strong>Por Herlindo Robles<\/strong><\/span><\/p>\n<p class=\"p1\"><span style=\"font-size: 14pt;\">\u201cTransparencia Internacional\u201d apareci\u00f3 el pasado martes en CNN, pidiendo \u201ccondenas\u201d, as\u00ed literalmente se le\u00eda en el cintillo, mientras el vocero del organismo, v\u00eda Skype proyectaba sus ideas respecto de la falta de condenas importantes por corrupci\u00f3n en el gobierno del presidente L\u00f3pez Obrador. <\/span><\/p>\n<p class=\"p2\"><span style=\"font-size: 18pt;\"><strong>El canibalismo de aquella organizaci\u00f3n de filia neoliberal que pide castigo para los voraces pol\u00edticos ladrones de pasados sexenios. Cu\u00e1l espectador de circo romano, la \u201cTransparencia Internacional\u201d pide sangre en la arena pol\u00edtica, \u00bfSer\u00e1 acicate para dar la puntilla a los delincuentazos del C\u00e1rtel Inmobiliario todos cobijados en manto de la pureza en que pretenden convertir su cleptoman\u00eda?<\/strong><\/span><\/p>\n<p class=\"p2\"><span style=\"font-size: 18pt;\"><strong>Como ellos mismos dir\u00edan \u201ca cada capillita le llega su fiestecita\u201d y a los pol\u00edticos ladrones les llega ya \u201cla lumbre a los aparejos\u201d. Es claro que Genaro Garc\u00eda Luna es la insignia de la corrupci\u00f3n, o sea un Negro Durazo exponencialmente superado, orgullo de Calder\u00f3n que sali\u00f3 por piernas rumbo a Espa\u00f1a que rara valent\u00eda ejerce, el se dice el presidente del empleo, mismo que se lo quit\u00f3 a miles de trabajadores de Luz y Fuerza del Centro para negociar las l\u00edneas de conducci\u00f3n con empresas de fibra \u00f3ptica. <\/strong><\/span><\/p>\n<p class=\"p2\"><span style=\"font-size: 18pt; color: #e42d33;\"><strong>El gris acomplejado de militar modosito, o sea de cachucha y<span class=\"Apple-converted-space\">\u00a0 <\/span>camisola de campa\u00f1a, desat\u00f3 tal masacre en M\u00e9xico que no se termina despu\u00e9s de dos sexenios, o sea doce a\u00f1os de sangre inducida por el programa \u201cR\u00e1pido y Furioso\u201d que dicho sea de paso, Barak Obama lo sonsac\u00f3, pues el por sus propios medios es claro que no pod\u00eda ni mover un alfiler, para eso ten\u00eda al brillante jefe Genaro Garc\u00eda Luna y sus secuaces. <\/strong><\/span><\/p>\n<p>&nbsp;<\/p>\n<p><img loading=\"lazy\" decoding=\"async\" class=\"aligncenter wp-image-15768 size-large\" src=\"https:\/\/politicosaldesnudo.com.mx\/wp-content\/uploads\/2023\/02\/P-GENARO-GARCIA-FELIPE-CALDERON-1024x573.png\" alt=\"\" width=\"800\" height=\"448\" \/><\/p>\n<p>&nbsp;<\/p>\n<p class=\"p2\"><span style=\"font-size: 18pt;\"><strong>Ahora bien \u00bfCu\u00e1ndo se har\u00e1 justicia a las v\u00edctimas de la guarder\u00eda ABC?, es otra gran oportunidad de llevar espect\u00e1culo al circo. O qu\u00e9 tal destapar los fraudes en Pemex que se realizaron durante la gesti\u00f3n de representante legal por Germ\u00e1n Mart\u00ednez que se hizo millonario en unos pocos meses. <\/strong><\/span><\/p>\n<p class=\"p2\"><span style=\"font-size: 18pt;\"><strong>Sin olvidar la Estafa Maestra, de la cual al parecer ya se saf\u00f3 la se\u00f1ora Robles. As\u00ed un sin n\u00famero de robos, asesinatos y fraudes cometidos por \u201cyunquetos\u201d y adem\u00e1s sectarios que se esconden tras las sotanas de inocentes cl\u00e9rigos que piensan legislar\u00e1n a favor de la axiolog\u00eda, pero al menor descuido se convierten en la m\u00e1s fiel reproducci\u00f3n del Izcariote. <\/strong><\/span><\/p>\n<p class=\"p2\"><span style=\"font-size: 14pt;\">Pero a\u00fan el clero les sigue creyendo a rufianes que empobrecen al pueblo y se mantienen en el poder pol\u00edtico a base de las cuotas plurinominales en un ejercicio de nepotismo, amasiato o componenda, pues como dicen \u201ccon dinero baila el perro\u201d y as\u00ed las candidaturas van y vienen en la danza de los millones. <\/span><\/p>\n<p class=\"p2\"><span style=\"font-size: 14pt;\">Bueno no para todos pues los verdaderos fif\u00eds, no se manchan las manos de democracia y mandan a sus empleados de confianza para que sean t\u00edteres legislativos y poder negociar a la distancia, en este tema nada tiene que ver Claudio<span class=\"Apple-converted-space\">\u00a0 <\/span>Xoconostle, dijera la canci\u00f3n: \u201cson rumores\u201d. Pues as\u00ed las cosas, ya es tiempo de ejercer el monopolio de ejercicio de la acci\u00f3n penal por parte del Estado y que les den el espect\u00e1culo deseado por la \u201cTransparencia Internacionales\u201d y su filial mexicana, a efecto de que alcen el grito y puedan decir: M\u00e1talo o perd\u00f3nalo, ante el tribunal de los medios de comunicaci\u00f3n que desde tiempos lejanos ha perdido credibilidad, pero mantiene su rating a base de sensacionalismo no siempre veraz, pero si atrayente.<\/span><\/p>\n<p>&nbsp;<\/p>\n<hr \/>\n<p>&nbsp;<\/p>\n<p><span style=\"font-size: 18pt;\"><strong>Twitter: <a href=\"https:\/\/twitter.com\/zorvha\">@zorvha<\/a><\/strong><\/span><\/p>\n<p>&nbsp;<\/p>\n<p><img loading=\"lazy\" decoding=\"async\" class=\"aligncenter wp-image-11449\" src=\"http:\/\/noticiasveracruz.com\/wp-content\/uploads\/2023\/01\/FIRMA-EDITORIAL-NV-300x37.png\" alt=\"\" width=\"1000\" height=\"122\" srcset=\"https:\/\/noticiasveracruz.com\/wp-content\/uploads\/2023\/01\/FIRMA-EDITORIAL-NV-300x37.png 300w, https:\/\/noticiasveracruz.com\/wp-content\/uploads\/2023\/01\/FIRMA-EDITORIAL-NV-1024x125.png 1024w, https:\/\/noticiasveracruz.com\/wp-content\/uploads\/2023\/01\/FIRMA-EDITORIAL-NV-768x94.png 768w, https:\/\/noticiasveracruz.com\/wp-content\/uploads\/2023\/01\/FIRMA-EDITORIAL-NV-1536x188.png 1536w, https:\/\/noticiasveracruz.com\/wp-content\/uploads\/2023\/01\/FIRMA-EDITORIAL-NV-2048x250.png 2048w\" sizes=\"auto, (max-width: 1000px) 100vw, 1000px\" \/><\/p>\n<p>&nbsp;<\/p>\n<p>&nbsp;<\/p>\n<p>&nbsp;<\/p>\n<p>&nbsp;<\/p>\n<p>&nbsp;<\/p>\n<p>&nbsp;<\/p>\n<p>&nbsp;<\/p>\n","protected":false},"excerpt":{"rendered":"<p>&nbsp; Por Herlindo Robles \u201cTransparencia Internacional\u201d apareci\u00f3 el pasado martes en CNN, pidiendo \u201ccondenas\u201d, as\u00ed literalmente se le\u00eda en el<\/p>\n","protected":false},"author":4,"featured_media":6142,"comment_status":"closed","ping_status":"closed","sticky":false,"template":"","format":"standard","meta":{"colormag_page_container_layout":"default_layout","colormag_page_sidebar_layout":"default_layout","_jetpack_memberships_contains_paid_content":false,"footnotes":"","jetpack_publicize_message":"","jetpack_publicize_feature_enabled":true,"jetpack_social_post_already_shared":true,"jetpack_social_options":{"image_generator_settings":{"template":"highway","default_image_id":0,"font":"","enabled":false},"version":2}},"categories":[6],"tags":[1144,1081,1592,2087],"class_list":["post-12610","post","type-post","status-publish","format-standard","has-post-thumbnail","hentry","category-columnistas","tag-corrupcion","tag-felipe-calderon","tag-genaro-garcia-luna","tag-transparencia-internacional"],"jetpack_publicize_connections":[],"jetpack_featured_media_url":"https:\/\/noticiasveracruz.com\/wp-content\/uploads\/2022\/07\/P-HERLINDO-ROBLES-NV.png","jetpack_sharing_enabled":true,"publishpress_future_action":{"enabled":false,"date":"2026-05-07 03:55:42","action":"change-status","newStatus":"draft","terms":[],"taxonomy":"category","extraData":[]},"publishpress_future_workflow_manual_trigger":{"enabledWorkflows":[]},"_links":{"self":[{"href":"https:\/\/noticiasveracruz.com\/index.php\/wp-json\/wp\/v2\/posts\/12610","targetHints":{"allow":["GET"]}}],"collection":[{"href":"https:\/\/noticiasveracruz.com\/index.php\/wp-json\/wp\/v2\/posts"}],"about":[{"href":"https:\/\/noticiasveracruz.com\/index.php\/wp-json\/wp\/v2\/types\/post"}],"author":[{"embeddable":true,"href":"https:\/\/noticiasveracruz.com\/index.php\/wp-json\/wp\/v2\/users\/4"}],"replies":[{"embeddable":true,"href":"https:\/\/noticiasveracruz.com\/index.php\/wp-json\/wp\/v2\/comments?post=12610"}],"version-history":[{"count":0,"href":"https:\/\/noticiasveracruz.com\/index.php\/wp-json\/wp\/v2\/posts\/12610\/revisions"}],"wp:featuredmedia":[{"embeddable":true,"href":"https:\/\/noticiasveracruz.com\/index.php\/wp-json\/wp\/v2\/media\/6142"}],"wp:attachment":[{"href":"https:\/\/noticiasveracruz.com\/index.php\/wp-json\/wp\/v2\/media?parent=12610"}],"wp:term":[{"taxonomy":"category","embeddable":true,"href":"https:\/\/noticiasveracruz.com\/index.php\/wp-json\/wp\/v2\/categories?post=12610"},{"taxonomy":"post_tag","embeddable":true,"href":"https:\/\/noticiasveracruz.com\/index.php\/wp-json\/wp\/v2\/tags?post=12610"}],"curies":[{"name":"wp","href":"https:\/\/api.w.org\/{rel}","templated":true}]}}