{"id":12608,"date":"2023-02-01T05:15:07","date_gmt":"2023-02-01T11:15:07","guid":{"rendered":"https:\/\/noticiasveracruz.com\/?p=12608"},"modified":"2023-02-01T06:51:56","modified_gmt":"2023-02-01T12:51:56","slug":"por-que-estan-tan-nerviosos-en-morena","status":"publish","type":"post","link":"https:\/\/noticiasveracruz.com\/index.php\/2023\/02\/01\/por-que-estan-tan-nerviosos-en-morena\/","title":{"rendered":"\u00bfPor qu\u00e9 est\u00e1n tan nerviosos en Morena?"},"content":{"rendered":"<p class=\"p1\">\n<p>&nbsp;<\/p>\n<p class=\"p1\"><strong><span style=\"font-size: 18pt;\">Por Luis Ram\u00edrez Baqueiro<\/span><\/strong><\/p>\n<p class=\"p1\">\n<p>&nbsp;<\/p>\n<p>&nbsp;<\/p>\n<p class=\"p1\" style=\"text-align: center;\"><em><strong><span style=\"font-size: 18pt;\">\u201cEl miedo puede llevar a los hombres a cualquier extremo\u201d <\/span><\/strong><\/em><\/p>\n<p class=\"p1\" style=\"text-align: center;\"><span style=\"font-size: 18pt;\">\u2013 George Bernard Shaw \u2013<\/span><\/p>\n<p class=\"p1\">\n<p>&nbsp;<\/p>\n<p class=\"p1\"><span style=\"font-size: 14pt;\">\u00bfQu\u00e9 est\u00e1 pasando al interior de Morena que aparentemente est\u00e1n tan nerviosos?<\/span><\/p>\n<p class=\"p1\"><span style=\"font-size: 14pt;\">La reciente visita a Veracruz del Secretario de Gobernaci\u00f3n, Ad\u00e1n Augusto L\u00f3pez Hern\u00e1ndez ha generado una extra\u00f1a corriente de nerviosismo entre los militantes de Morena.<\/span><\/p>\n<p class=\"p1\"><span style=\"font-size: 14pt;\">Su cercan\u00eda con el diputado federal Sergio Guti\u00e9rrez Luna, ha puesto sumamente sensibles a los diversos actores pol\u00edticos del proyecto transformador.<\/span><\/p>\n<p class=\"p1\"><span style=\"font-size: 14pt;\">La pregunta es \u00bfporque?<\/span><\/p>\n<p class=\"p1\"><span style=\"font-size: 14pt;\">Algunos actores de la oposici\u00f3n afirman que las posibilidades de que el proyecto transformador se tope con pared en la pr\u00f3xima elecci\u00f3n son muy viables, muchos factores habr\u00edan tambi\u00e9n de alinear para consumar la gran haza\u00f1a, pero ven posibilidades de \u00e9xito.<\/span><\/p>\n<p class=\"p1\"><span style=\"font-size: 14pt;\">Como era de esperarse las reacciones y los se\u00f1alamientos poco ortodoxos no se han hecho esperar, las expresiones por dem\u00e1s soeces y pasadas de tono de parte del Secretario de Gobierno Estatal, E. Patrocinio Cisneros Burgos, son la evidencia tangible de que el temor a la derrota los carcome por dentro, aun cuando aparentan otra cosa.<\/span><\/p>\n<p class=\"p1\"><span style=\"font-size: 14pt;\">\u00bfQu\u00e9 otra cosa pudiera ponerles tan intensos, tan nerviosos?<\/span><\/p>\n<p class=\"p1\"><span style=\"font-size: 14pt;\">Acaso ser\u00e1 que sabedores del p\u00e9simo trabajo y trato brindado a muchos ciudadanos, actores pol\u00edticos y sociales, el karma los alcanzar\u00e1.<\/span><\/p>\n<p class=\"p1\"><span style=\"font-size: 14pt;\">Lo verdaderamente extra\u00f1o e incomprensible para cualquier pol\u00edtico es que saben que en el ejercicio del poder muchos pueden ser los da\u00f1os que se van generando como resultado de su desempe\u00f1o en la administraci\u00f3n.<\/span><\/p>\n<p class=\"p1\"><span style=\"font-size: 14pt;\">El caso de Patrocinio Cisneros evidencia que ese terror los comienza alcanzar, pues aun cuando hubiera recibido una instrucci\u00f3n para fijar un posicionamiento en contra de la visita y placeo de Sergio Guti\u00e9rrez Luna, la cortes\u00eda pol\u00edtica no desdora, ni convierte en menos a nadie, pero al personaje ya sabemos que los resentimientos lo invaden y sin pensarlo reacciona.<\/span><\/p>\n<p class=\"p1\"><span style=\"font-size: 14pt;\">En la realidad una pudiera ser la preocupaci\u00f3n que lo tiene tan nervioso, y es que sabe que el Gobierno de Estados Unidos lo tendr\u00eda en la mira con tremendo expediente por su proclividad a mantener extra\u00f1as alianzas con grupos de la delincuencia organizada.<\/span><\/p>\n<p class=\"p1\"><span style=\"font-size: 14pt;\">Informaci\u00f3n que se sabe tienen en Palacio Nacional y especialmente en el Palacio de Cobi\u00e1n, en donde desde hace meses preparan la estrategia para cobrarle las facturas al personaje, el cual fue literalmente corrido de presentarse en cualquier evento a donde se presentar\u00e1 el Secretario de Gobernaci\u00f3n, Ad\u00e1n Augusto L\u00f3pez Hern\u00e1ndez a su reciente visita a Veracruz.<\/span><\/p>\n<p class=\"p1\"><span style=\"font-size: 14pt;\">Parte de la informaci\u00f3n habr\u00eda sido solicitada por el activista Bryan LeBaron Jones quien solicit\u00f3 al Departamento de Justicia y de Estado norteamericano investigar a dos pol\u00edticos mexicanos, uno de ellos, el veracruzano de Otatitl\u00e1n.\u00a0<\/span><\/p>\n<p class=\"p1\"><span style=\"font-size: 14pt;\">El nerviosismo morenista pudiera tener fundamento, basta recordar que el \u00faltimo funcionario veracruzano que abri\u00f3 un frente de guerra contra el Secretario de Gobernaci\u00f3n termin\u00f3 en la c\u00e1rcel, sino preg\u00fantenle al reo Javier \u201cN\u201d.<\/span><\/p>\n<p class=\"p1\">\n<p class=\"p1\"><span style=\"font-size: 18pt; color: #e42d33;\"><strong>SEXTANTE<\/strong><\/span><\/p>\n<p class=\"p1\"><span style=\"font-size: 14pt;\">El juego perverso de Dante Alfonso Delgado Rannauro y su Movimiento Ciudadano es la muestra m\u00e1s clara de mezquindad pol\u00edtica en aras de conseguir beneficios unilaterales.<\/span><\/p>\n<p class=\"p1\"><span style=\"font-size: 14pt;\">El no consumar una coalici\u00f3n total para los pr\u00f3ximos comicios electorales en Veracruz o a nivel nacional, han sido la mejor apuesta de negociaci\u00f3n pol\u00edtica y econ\u00f3mica del veracruzano, a quien solo le importa su futuro y no el de M\u00e9xico.<\/span><\/p>\n<p>&nbsp;<\/p>\n<p class=\"p1\"><span style=\"font-size: 18pt;\"><strong>Al tiempo.<\/strong><\/span><\/p>\n<p>&nbsp;<\/p>\n<hr \/>\n<p>&nbsp;<\/p>\n<p class=\"p1\"><span style=\"font-size: 18pt;\"><strong>Correo: <a href=\"mailto:astrolabiopoliticomx@gmail.com\">astrolabiopoliticomx@gmail.com<\/a><\/strong><\/span><\/p>\n<p class=\"p1\"><span style=\"font-size: 18pt;\"><strong>Twitter: <a href=\"http:\/\/www.twitter.com\/LuisBaqueiro_mx\">@LuisBaqueiro_mx<\/a><\/strong><\/span><\/p>\n<p>&nbsp;<\/p>\n<p><img loading=\"lazy\" decoding=\"async\" class=\"aligncenter wp-image-11449\" src=\"http:\/\/noticiasveracruz.com\/wp-content\/uploads\/2023\/01\/FIRMA-EDITORIAL-NV-300x37.png\" alt=\"\" width=\"1000\" height=\"122\" srcset=\"https:\/\/noticiasveracruz.com\/wp-content\/uploads\/2023\/01\/FIRMA-EDITORIAL-NV-300x37.png 300w, https:\/\/noticiasveracruz.com\/wp-content\/uploads\/2023\/01\/FIRMA-EDITORIAL-NV-1024x125.png 1024w, https:\/\/noticiasveracruz.com\/wp-content\/uploads\/2023\/01\/FIRMA-EDITORIAL-NV-768x94.png 768w, https:\/\/noticiasveracruz.com\/wp-content\/uploads\/2023\/01\/FIRMA-EDITORIAL-NV-1536x188.png 1536w, https:\/\/noticiasveracruz.com\/wp-content\/uploads\/2023\/01\/FIRMA-EDITORIAL-NV-2048x250.png 2048w\" sizes=\"auto, (max-width: 1000px) 100vw, 1000px\" \/><\/p>\n<p>&nbsp;<\/p>\n<p>&nbsp;<\/p>\n<p>&nbsp;<\/p>\n<p>&nbsp;<\/p>\n<p>&nbsp;<\/p>\n<p>&nbsp;<\/p>\n<p>&nbsp;<\/p>\n<p class=\"p1\">\n","protected":false},"excerpt":{"rendered":"<p>&nbsp; Por Luis Ram\u00edrez Baqueiro &nbsp; &nbsp; \u201cEl miedo puede llevar a los hombres a cualquier extremo\u201d \u2013 George Bernard<\/p>\n","protected":false},"author":4,"featured_media":3572,"comment_status":"closed","ping_status":"closed","sticky":false,"template":"","format":"standard","meta":{"colormag_page_container_layout":"default_layout","colormag_page_sidebar_layout":"default_layout","_jetpack_memberships_contains_paid_content":false,"footnotes":"","jetpack_publicize_message":"","jetpack_publicize_feature_enabled":true,"jetpack_social_post_already_shared":true,"jetpack_social_options":{"image_generator_settings":{"template":"highway","default_image_id":0,"font":"","enabled":false},"version":2}},"categories":[6],"tags":[],"class_list":["post-12608","post","type-post","status-publish","format-standard","has-post-thumbnail","hentry","category-columnistas"],"jetpack_publicize_connections":[],"jetpack_featured_media_url":"https:\/\/noticiasveracruz.com\/wp-content\/uploads\/2022\/04\/LUIS-RAMI\u0301REZ-BAQUEIRO.png","jetpack_sharing_enabled":true,"publishpress_future_action":{"enabled":false,"date":"2026-05-07 04:40:12","action":"change-status","newStatus":"draft","terms":[],"taxonomy":"category","extraData":[]},"publishpress_future_workflow_manual_trigger":{"enabledWorkflows":[]},"_links":{"self":[{"href":"https:\/\/noticiasveracruz.com\/index.php\/wp-json\/wp\/v2\/posts\/12608","targetHints":{"allow":["GET"]}}],"collection":[{"href":"https:\/\/noticiasveracruz.com\/index.php\/wp-json\/wp\/v2\/posts"}],"about":[{"href":"https:\/\/noticiasveracruz.com\/index.php\/wp-json\/wp\/v2\/types\/post"}],"author":[{"embeddable":true,"href":"https:\/\/noticiasveracruz.com\/index.php\/wp-json\/wp\/v2\/users\/4"}],"replies":[{"embeddable":true,"href":"https:\/\/noticiasveracruz.com\/index.php\/wp-json\/wp\/v2\/comments?post=12608"}],"version-history":[{"count":0,"href":"https:\/\/noticiasveracruz.com\/index.php\/wp-json\/wp\/v2\/posts\/12608\/revisions"}],"wp:featuredmedia":[{"embeddable":true,"href":"https:\/\/noticiasveracruz.com\/index.php\/wp-json\/wp\/v2\/media\/3572"}],"wp:attachment":[{"href":"https:\/\/noticiasveracruz.com\/index.php\/wp-json\/wp\/v2\/media?parent=12608"}],"wp:term":[{"taxonomy":"category","embeddable":true,"href":"https:\/\/noticiasveracruz.com\/index.php\/wp-json\/wp\/v2\/categories?post=12608"},{"taxonomy":"post_tag","embeddable":true,"href":"https:\/\/noticiasveracruz.com\/index.php\/wp-json\/wp\/v2\/tags?post=12608"}],"curies":[{"name":"wp","href":"https:\/\/api.w.org\/{rel}","templated":true}]}}