{"id":12606,"date":"2023-02-01T05:00:08","date_gmt":"2023-02-01T11:00:08","guid":{"rendered":"https:\/\/noticiasveracruz.com\/?p=12606"},"modified":"2023-02-01T06:47:41","modified_gmt":"2023-02-01T12:47:41","slug":"el-fraude-de-la-ley-nahle","status":"publish","type":"post","link":"https:\/\/noticiasveracruz.com\/index.php\/2023\/02\/01\/el-fraude-de-la-ley-nahle\/","title":{"rendered":"El fraude de la \u201cLey Nahle\u201d"},"content":{"rendered":"<p class=\"p1\">\n<p>&nbsp;<\/p>\n<p class=\"p1\"><span style=\"font-size: 18pt;\"><strong>Por Aurelio Contreras Moreno<\/strong><\/span><\/p>\n<p class=\"p1\"><span style=\"font-size: 14pt;\">La resoluci\u00f3n de este martes con la que el Pleno de la Suprema Corte de Justicia de la Naci\u00f3n (SCJN) invalid\u00f3 la llamada \u201cLey Nahle\u201d, signific\u00f3 un golpe pol\u00edtico dur\u00edsimo para la secretaria de Energ\u00eda y el grupo que la apoya para que sea candidata a la gubernatura de Veracruz.<\/span><\/p>\n<p class=\"p1\"><span style=\"font-size: 14pt;\">Y no porque se le haya ca\u00eddo la candidatura, como err\u00f3neamente se interpret\u00f3 en algunos medios el alcance de la resoluci\u00f3n de la SCJN, sino porque quedaron exhibidos en su incompetencia, en su desprecio por la legalidad y adem\u00e1s, por el mensaje pol\u00edtico impl\u00edcito.<\/span><\/p>\n<p class=\"p1\"><span style=\"font-size: 14pt;\">La Corte elimin\u00f3 del Art\u00edculo 11 de la Constituci\u00f3n de Veracruz el supuesto introducido en la reforma aprobada el a\u00f1o pasado por los legisladores de Morena y sus aliados en la LXVI Legislatura del Estado \u2013incluidos tres panistas-, en el que se establec\u00eda que son veracruzanos las o los mexicanos nacidos fuera del territorio del estado \u201ccon hijos veracruzanos\u201d.<\/span><\/p>\n<p class=\"p1\"><span style=\"font-size: 14pt;\">Sin embargo, eso no la inhabilita para ocupar el cargo de gobernadora, ya que el Art\u00edculo 116 de la Constituci\u00f3n Pol\u00edtica de los Estados Unidos Mexicanos establece que \u201cs\u00f3lo podr\u00e1 ser gobernador constitucional de un Estado un ciudadano mexicano por nacimiento y nativo de \u00e9l, o con residencia efectiva no menor de cinco a\u00f1os inmediatamente anteriores al d\u00eda de los comicios, y tener 30 a\u00f1os cumplidos el d\u00eda de la elecci\u00f3n, o menos, si as\u00ed lo establece la Constituci\u00f3n Pol\u00edtica de la Entidad Federativa\u201d.<\/span><\/p>\n<p class=\"p1\"><span style=\"font-size: 14pt;\">\u00bfPor qu\u00e9 entonces el Congreso de Veracruz hizo esa reforma absurda, con clara dedicatoria, que los meti\u00f3 en este brete en el que la Corte los ha vuelto a dejar en rid\u00edculo?<\/span><\/p>\n<p class=\"p1\"><span style=\"font-size: 14pt;\">Porque con esta artima\u00f1a, los diputados \u201c4T\u201d pretendieron \u201cacomodarle\u201d la Constituci\u00f3n local a Roc\u00edo Nahle Garc\u00eda y regalarle la veracruzan\u00eda de la que carece, pues como es sabido, es oriunda del estado de Zacatecas. <\/span><\/p>\n<p class=\"p1\"><span style=\"font-size: 14pt;\">Y aun cuando eso no le impide buscar el cargo de gobernadora y ocuparlo si llegase a ganar la elecci\u00f3n del a\u00f1o entrante, pues cumple con el requisito de elegibilidad de una residencia no menor de cinco a\u00f1os en el estado \u2013su domicilio est\u00e1 en Coatzacoalcos desde hace m\u00e1s de 30 a\u00f1os-, se trataba de un tema de imagen pol\u00edtica para lograr alguna empat\u00eda con un electorado que no la conoce m\u00e1s all\u00e1 del sur de Veracruz.<\/span><\/p>\n<p class=\"p1\"><span style=\"font-size: 14pt;\">La fallida maniobra legaloide lo que dej\u00f3 de manifiesto, adem\u00e1s del pobre apego a la legalidad de la funcionaria federal y de su falta de respeto a los veracruzanos al pretender enga\u00f1arlos, es la incompetencia del que se publicita a s\u00ed mismo a trav\u00e9s de corifeos y textoservidores como el \u201cprincipal operador\u201d de la \u201c4T\u201d en Veracruz: el coordinador de la bancada de Morena y presidente de la Junta de Coordinaci\u00f3n Pol\u00edtica de la LXVI Legislatura local, Juan Javier G\u00f3mez Cazar\u00edn.<\/span><\/p>\n<p class=\"p1\"><span style=\"font-size: 14pt;\">La absoluta ignorancia en temas legales y constitucionales de este sujeto le ha costado ya al Congreso del Estado varios hazmerre\u00edres, al tirarles la Corte leyes y reformas hechas verdaderamente con las patas, con desconocimiento del m\u00ednimo proceso legislativo y que se aprueban gracias a la mayor\u00eda con ilegal sobrerrepresentaci\u00f3n que mantienen Morena y sus sat\u00e9lites en el Poder Legislativo estatal. Porque no es lo mismo hacer leyes que vender coches usados.<\/span><\/p>\n<p class=\"p1\"><span style=\"font-size: 14pt;\">La nueva pifia de G\u00f3mez Cazar\u00edn ahora exhibi\u00f3 y expuso tambi\u00e9n a Roc\u00edo Nahle y la manera en la que el r\u00e9gimen en Veracruz tuerce la ley y legisla a modo y con dedicatoria para apuntalar las ambiciones de una funcionaria altamente cuestionada y que desde su encargo nada ha hecho por Veracruz, pues ni para gestionar una reclasificaci\u00f3n de las tarifas el\u00e9ctricas \u2013asunto en la esfera de su competencia como secretaria de Energ\u00eda- ha servido.<\/span><\/p>\n<p class=\"p1\"><span style=\"font-size: 14pt;\">Pero el mensaje impl\u00edcito de la decisi\u00f3n de la Corte es todav\u00eda m\u00e1s interesante. Al explicar el sentido de su voto \u2013que fue en contra de ratificar la \u201cLey Nahle\u201d- el ministro Arturo Zald\u00edvar Lelo de Larrea se\u00f1al\u00f3 que de avalarse se abrir\u00eda \u201cla puerta a un fraude a la Constituci\u00f3n\u201d.<\/span><\/p>\n<p class=\"p1\"><span style=\"font-size: 14pt;\">Como tambi\u00e9n es sabido, como presidente de la Corte Arturo Zald\u00edvar se distingui\u00f3 por su afinidad con la mal llamada \u201ccuarta transformaci\u00f3n\u201d y el lopezobradorismo. As\u00ed que su reflexi\u00f3n y su voto no pueden separarse del contexto pol\u00edtico-electoral de la sucesi\u00f3n, tanto a nivel federal como en el estado de Veracruz.<\/span><\/p>\n<p class=\"p1\"><span style=\"font-size: 14pt;\">Para ello, no hay que perder de vista el intenso activismo electorero del secretario de Gobernaci\u00f3n Ad\u00e1n Augusto L\u00f3pez Hern\u00e1ndez, que en las \u00faltimas semanas ha venido dos veces a hacer pol\u00edtica partidista a Veracruz y a expresar su abierto apoyo a las aspiraciones del diputado Sergio Guti\u00e9rrez Luna para ser candidato de Morena a la gubernatura, lo que le vali\u00f3 ataques de los integrantes de la \u201cpandilla\u201d de Nahle, encabezados por el secretario de Gobierno Eric Patrocinio Cisneros.<\/span><\/p>\n<p class=\"p1\"><span style=\"font-size: 14pt;\">La decisi\u00f3n de la Corte no invalida legalmente las aspiraciones de Roc\u00edo Nahle. Pero pol\u00edticamente, est\u00e1 por verse.<\/span><\/p>\n<p>&nbsp;<\/p>\n<hr \/>\n<p>&nbsp;<\/p>\n<p class=\"p1\"><span style=\"font-size: 18pt;\"><strong>Correo: <a href=\"mailto:aureliocontreras@gmail.com\">aureliocontreras@gmail.com<\/a><\/strong><\/span><\/p>\n<p class=\"p1\"><span style=\"font-size: 18pt;\"><strong>Twitter: <a href=\"http:\/\/www.twitter.com\/yeyocontreras\">@yeyocontreras<\/a><\/strong><\/span><\/p>\n<p>&nbsp;<\/p>\n<p><img loading=\"lazy\" decoding=\"async\" class=\"aligncenter wp-image-11449\" src=\"http:\/\/noticiasveracruz.com\/wp-content\/uploads\/2023\/01\/FIRMA-EDITORIAL-NV-300x37.png\" alt=\"\" width=\"1000\" height=\"122\" srcset=\"https:\/\/noticiasveracruz.com\/wp-content\/uploads\/2023\/01\/FIRMA-EDITORIAL-NV-300x37.png 300w, https:\/\/noticiasveracruz.com\/wp-content\/uploads\/2023\/01\/FIRMA-EDITORIAL-NV-1024x125.png 1024w, https:\/\/noticiasveracruz.com\/wp-content\/uploads\/2023\/01\/FIRMA-EDITORIAL-NV-768x94.png 768w, https:\/\/noticiasveracruz.com\/wp-content\/uploads\/2023\/01\/FIRMA-EDITORIAL-NV-1536x188.png 1536w, https:\/\/noticiasveracruz.com\/wp-content\/uploads\/2023\/01\/FIRMA-EDITORIAL-NV-2048x250.png 2048w\" sizes=\"auto, (max-width: 1000px) 100vw, 1000px\" \/><\/p>\n<p>&nbsp;<\/p>\n<p>&nbsp;<\/p>\n<p>&nbsp;<\/p>\n","protected":false},"excerpt":{"rendered":"<p>&nbsp; Por Aurelio Contreras Moreno La resoluci\u00f3n de este martes con la que el Pleno de la Suprema Corte de<\/p>\n","protected":false},"author":4,"featured_media":3578,"comment_status":"closed","ping_status":"closed","sticky":false,"template":"","format":"standard","meta":{"colormag_page_container_layout":"default_layout","colormag_page_sidebar_layout":"default_layout","_jetpack_memberships_contains_paid_content":false,"footnotes":"","jetpack_publicize_message":"","jetpack_publicize_feature_enabled":true,"jetpack_social_post_already_shared":true,"jetpack_social_options":{"image_generator_settings":{"template":"highway","default_image_id":0,"font":"","enabled":false},"version":2}},"categories":[6],"tags":[],"class_list":["post-12606","post","type-post","status-publish","format-standard","has-post-thumbnail","hentry","category-columnistas"],"jetpack_publicize_connections":[],"jetpack_featured_media_url":"https:\/\/noticiasveracruz.com\/wp-content\/uploads\/2022\/04\/P-AURELIO-CONTRERAS.png","jetpack_sharing_enabled":true,"publishpress_future_action":{"enabled":false,"date":"2026-05-07 05:15:20","action":"change-status","newStatus":"draft","terms":[],"taxonomy":"category","extraData":[]},"publishpress_future_workflow_manual_trigger":{"enabledWorkflows":[]},"_links":{"self":[{"href":"https:\/\/noticiasveracruz.com\/index.php\/wp-json\/wp\/v2\/posts\/12606","targetHints":{"allow":["GET"]}}],"collection":[{"href":"https:\/\/noticiasveracruz.com\/index.php\/wp-json\/wp\/v2\/posts"}],"about":[{"href":"https:\/\/noticiasveracruz.com\/index.php\/wp-json\/wp\/v2\/types\/post"}],"author":[{"embeddable":true,"href":"https:\/\/noticiasveracruz.com\/index.php\/wp-json\/wp\/v2\/users\/4"}],"replies":[{"embeddable":true,"href":"https:\/\/noticiasveracruz.com\/index.php\/wp-json\/wp\/v2\/comments?post=12606"}],"version-history":[{"count":0,"href":"https:\/\/noticiasveracruz.com\/index.php\/wp-json\/wp\/v2\/posts\/12606\/revisions"}],"wp:featuredmedia":[{"embeddable":true,"href":"https:\/\/noticiasveracruz.com\/index.php\/wp-json\/wp\/v2\/media\/3578"}],"wp:attachment":[{"href":"https:\/\/noticiasveracruz.com\/index.php\/wp-json\/wp\/v2\/media?parent=12606"}],"wp:term":[{"taxonomy":"category","embeddable":true,"href":"https:\/\/noticiasveracruz.com\/index.php\/wp-json\/wp\/v2\/categories?post=12606"},{"taxonomy":"post_tag","embeddable":true,"href":"https:\/\/noticiasveracruz.com\/index.php\/wp-json\/wp\/v2\/tags?post=12606"}],"curies":[{"name":"wp","href":"https:\/\/api.w.org\/{rel}","templated":true}]}}