{"id":12603,"date":"2023-02-01T06:38:45","date_gmt":"2023-02-01T12:38:45","guid":{"rendered":"https:\/\/noticiasveracruz.com\/?p=12603"},"modified":"2023-02-01T07:33:13","modified_gmt":"2023-02-01T13:33:13","slug":"que-dice-cuauhtemoc-que-siempre-no","status":"publish","type":"post","link":"https:\/\/noticiasveracruz.com\/index.php\/2023\/02\/01\/que-dice-cuauhtemoc-que-siempre-no\/","title":{"rendered":"Que dice Cuauht\u00e9moc que siempre no"},"content":{"rendered":"<p>&nbsp;<\/p>\n<p class=\"p1\"><span style=\"font-size: 18pt;\"><b>Por \u00c1ngel \u00c1lvaro Pe\u00f1a<\/b><\/span><\/p>\n<p class=\"p1\"><span style=\"font-size: 14pt;\">Si hay un pol\u00edtico en M\u00e9xico que se caracterice por echarse para atr\u00e1s en momentos dif\u00edciles, es Cuauht\u00e9moc C\u00e1rdenas, luego de crear grandes expectativas sobre el proyecto denominado Mexicolectivo, que encabezara junto con Francisco Labastida y el ex rector de la UNAM, Jos\u00e9 Narro Robles, renunci\u00f3 a unas horas de presentarse las acciones del colectivo.<\/span><\/p>\n<p class=\"p1\"><span style=\"font-size: 18pt;\"><strong>En la inauguraci\u00f3n se ausent\u00f3 y no fue capaz ni de disculparse por no asistir a las 10 de la ma\u00f1ana del lunes 30 de enero en el Polyforum Siqueiros de la Ciudad de M\u00e9xico.<\/strong><\/span><\/p>\n<p class=\"p1\"><span style=\"font-size: 18pt; color: #e42d33;\"><strong>Horas despu\u00e9s del evento, Cuauht\u00e9moc C\u00e1rdenas difundi\u00f3 una carta explicando su renuncia a la plataforma Mexicolectivo, donde habla de un proyecto que advierte intereses puramente pol\u00edtico y no social.<\/strong><\/span><\/p>\n<p class=\"p1\"><span style=\"font-size: 18pt;\"><strong>En este colectivo C\u00e1rdenas se asociar\u00eda con personajes que en el pasado fueron sus contrincantes por la Presidencia de la Rep\u00fablica como Francisco Labastida, con quien, despu\u00e9s de m\u00e1s de 20 a\u00f1os de rivalidad, se hab\u00eda hermanado en el proyecto que ahora abandona.<\/strong><\/span><\/p>\n<p>&nbsp;<\/p>\n<p><img loading=\"lazy\" decoding=\"async\" class=\"aligncenter wp-image-15760 size-large\" src=\"https:\/\/politicosaldesnudo.com.mx\/wp-content\/uploads\/2023\/02\/P-MEXICOLECTIVO-2-1024x573.png\" alt=\"\" width=\"800\" height=\"448\" \/><\/p>\n<p>&nbsp;<\/p>\n<p class=\"p1\"><span style=\"font-size: 14pt;\">Una vez que se dio a conocer el lanzamiento de la plataforma encabezada por C\u00e1rdenas, surgi\u00f3 la duda sobre su aut\u00e9ntica intenci\u00f3n y que en los medios fue interpretada como la \u00fanica manera que ten\u00eda Dante Delgado de disimular su debilidad en las pr\u00f3ximas elecciones, sobre todo en Coahuila. Y se iba a unir a la alianza opositora a trav\u00e9s de este nuevo grupo. Es decir, triangular\u00eda su participaci\u00f3n pol\u00edtica en alianza con el bloque opositor, aunque de manera no oficial As\u00ed no se contradec\u00eda y segu\u00eda compitiendo solo, aunque s\u00f3lo fuera en apariencia, algo que llam\u00f3 la atenci\u00f3n fue el hecho de que el nuevo movimiento ten\u00eda las mismas siglas que su partido: MC.<\/span><\/p>\n<p class=\"p1\"><span style=\"font-size: 18pt;\"><strong>Cuauht\u00e9moc C\u00e1rdenas se hab\u00eda mantenido cerca y lejos de la 4T, no se defin\u00eda ni amigo ni enemigo del gobierno federal, aunque ventilaba cada vez m\u00e1s cr\u00edticas al Presidente. Lo criticaba, pero tambi\u00e9n lo alababa. Y esta plataforma opositora lo colocar\u00eda de frente contra el movimiento de L\u00f3pez Obrador.<\/strong><\/span><\/p>\n<p class=\"p1\"><span style=\"font-size: 14pt;\">Cuauht\u00e9moc C\u00e1rdenas Sol\u00f3rzano estuvo siempre m\u00e1s cerca de ser un junior de la pol\u00edtica que un luchador social y su actitud de huida de los \u00faltimos d\u00edas as\u00ed lo muestran de cuerpo entero como alguien que no quiere compromisos que le compliquen la vida.<\/span><\/p>\n<p class=\"p1\"><span style=\"font-size: 18pt; color: #e42d33;\"><strong>Sin embargo, la jefa de Gobierno de la Ciudad de M\u00e9xico, Claudia Sheinbaum, asegur\u00f3 que Cuauht\u00e9moc C\u00e1rdenas se ha vuelto un \u201cadversario\u201d de la Cuarta Transformaci\u00f3n, luego de que el ingeniero mostrara su apoyo al grupo pol\u00edtico M\u00e9xicolectivo. Y\u00a0L\u00f3pez Obrador asever\u00f3 al respecto que estima a C\u00e1rdenas Sol\u00f3rzano, pero \u201cestamos viviendo en M\u00e9xico un momento de definiciones, por lo que no hay para d\u00f3nde hacerse\u201d.<\/strong><\/span><\/p>\n<p class=\"p1\"><span style=\"font-size: 18pt;\"><strong>L\u00f3pez Obrador detall\u00f3 que los integrantes de Mexicolectivo est\u00e1n contra la Cuarta Transformaci\u00f3n del pa\u00eds y de su Gobierno, adem\u00e1s de calificarlos como un \u201cala moderada\u201d del bloque conservador.<\/strong><\/span><\/p>\n<p class=\"p1\"><span style=\"font-size: 18pt; color: #e42d33;\"><strong>El grupo Mexicolectivo naci\u00f3 muerto, a pesar de surgir como alternativa a una oposici\u00f3n moribunda.<\/strong><\/span><\/p>\n<p>&nbsp;<\/p>\n<p class=\"p1\"><span style=\"font-size: 18pt; color: #e42d33;\"><b>PEGA Y CORRE<\/b><\/span><\/p>\n<p class=\"p1\"><span style=\"font-size: 14pt;\">La Comisi\u00f3n Anticorrupci\u00f3n del Congreso de Nuevo Le\u00f3n inici\u00f3 un juicio pol\u00edtico contra el gobernador Samuel Garc\u00eda, a quien acusan de incumplir con el env\u00edo a tiempo del presupuesto del estado y de abstenerse de publicar 56 decretos aprobados por los legisladores.<\/span><\/p>\n<p>&nbsp;<\/p>\n<p>&nbsp;<\/p>\n<p class=\"p1\"><em><span style=\"font-size: 18pt;\"><strong>Esta columna se publica los lunes, mi\u00e9rcoles y viernes<\/strong><\/span><\/em><\/p>\n<p>&nbsp;<\/p>\n<hr \/>\n<p>&nbsp;<\/p>\n<p><img loading=\"lazy\" decoding=\"async\" class=\"aligncenter wp-image-11449\" src=\"http:\/\/noticiasveracruz.com\/wp-content\/uploads\/2023\/01\/FIRMA-EDITORIAL-NV-300x37.png\" alt=\"\" width=\"1000\" height=\"122\" srcset=\"https:\/\/noticiasveracruz.com\/wp-content\/uploads\/2023\/01\/FIRMA-EDITORIAL-NV-300x37.png 300w, https:\/\/noticiasveracruz.com\/wp-content\/uploads\/2023\/01\/FIRMA-EDITORIAL-NV-1024x125.png 1024w, https:\/\/noticiasveracruz.com\/wp-content\/uploads\/2023\/01\/FIRMA-EDITORIAL-NV-768x94.png 768w, https:\/\/noticiasveracruz.com\/wp-content\/uploads\/2023\/01\/FIRMA-EDITORIAL-NV-1536x188.png 1536w, https:\/\/noticiasveracruz.com\/wp-content\/uploads\/2023\/01\/FIRMA-EDITORIAL-NV-2048x250.png 2048w\" sizes=\"auto, (max-width: 1000px) 100vw, 1000px\" \/><\/p>\n<p>&nbsp;<\/p>\n<p>&nbsp;<\/p>\n<p>&nbsp;<\/p>\n<p>&nbsp;<\/p>\n<p>&nbsp;<\/p>\n<p>&nbsp;<\/p>\n<p>&nbsp;<\/p>\n","protected":false},"excerpt":{"rendered":"<p>&nbsp; Por \u00c1ngel \u00c1lvaro Pe\u00f1a Si hay un pol\u00edtico en M\u00e9xico que se caracterice por echarse para atr\u00e1s en momentos<\/p>\n","protected":false},"author":4,"featured_media":3187,"comment_status":"closed","ping_status":"closed","sticky":false,"template":"","format":"standard","meta":{"colormag_page_container_layout":"default_layout","colormag_page_sidebar_layout":"default_layout","_jetpack_memberships_contains_paid_content":false,"footnotes":"","jetpack_publicize_message":"","jetpack_publicize_feature_enabled":true,"jetpack_social_post_already_shared":true,"jetpack_social_options":{"image_generator_settings":{"template":"highway","default_image_id":0,"font":"","enabled":false},"version":2}},"categories":[6],"tags":[114,2078,2079,2086],"class_list":["post-12603","post","type-post","status-publish","format-standard","has-post-thumbnail","hentry","category-columnistas","tag-cuarta-transformacion","tag-cuautemoc-cardenas","tag-francisco-labastida","tag-mexicolectivo"],"jetpack_publicize_connections":[],"jetpack_featured_media_url":"https:\/\/noticiasveracruz.com\/wp-content\/uploads\/2022\/04\/A\u0301NGEL-A\u0301LVARO-PEN\u0303A.png","jetpack_sharing_enabled":true,"publishpress_future_action":{"enabled":false,"date":"2026-05-07 03:08:09","action":"change-status","newStatus":"draft","terms":[],"taxonomy":"category","extraData":[]},"publishpress_future_workflow_manual_trigger":{"enabledWorkflows":[]},"_links":{"self":[{"href":"https:\/\/noticiasveracruz.com\/index.php\/wp-json\/wp\/v2\/posts\/12603","targetHints":{"allow":["GET"]}}],"collection":[{"href":"https:\/\/noticiasveracruz.com\/index.php\/wp-json\/wp\/v2\/posts"}],"about":[{"href":"https:\/\/noticiasveracruz.com\/index.php\/wp-json\/wp\/v2\/types\/post"}],"author":[{"embeddable":true,"href":"https:\/\/noticiasveracruz.com\/index.php\/wp-json\/wp\/v2\/users\/4"}],"replies":[{"embeddable":true,"href":"https:\/\/noticiasveracruz.com\/index.php\/wp-json\/wp\/v2\/comments?post=12603"}],"version-history":[{"count":0,"href":"https:\/\/noticiasveracruz.com\/index.php\/wp-json\/wp\/v2\/posts\/12603\/revisions"}],"wp:featuredmedia":[{"embeddable":true,"href":"https:\/\/noticiasveracruz.com\/index.php\/wp-json\/wp\/v2\/media\/3187"}],"wp:attachment":[{"href":"https:\/\/noticiasveracruz.com\/index.php\/wp-json\/wp\/v2\/media?parent=12603"}],"wp:term":[{"taxonomy":"category","embeddable":true,"href":"https:\/\/noticiasveracruz.com\/index.php\/wp-json\/wp\/v2\/categories?post=12603"},{"taxonomy":"post_tag","embeddable":true,"href":"https:\/\/noticiasveracruz.com\/index.php\/wp-json\/wp\/v2\/tags?post=12603"}],"curies":[{"name":"wp","href":"https:\/\/api.w.org\/{rel}","templated":true}]}}