{"id":12528,"date":"2023-01-30T00:23:51","date_gmt":"2023-01-30T06:23:51","guid":{"rendered":"https:\/\/noticiasveracruz.com\/?p=12528"},"modified":"2023-01-30T00:23:51","modified_gmt":"2023-01-30T06:23:51","slug":"giros-de-guerra","status":"publish","type":"post","link":"https:\/\/noticiasveracruz.com\/index.php\/2023\/01\/30\/giros-de-guerra\/","title":{"rendered":"Giros de guerra"},"content":{"rendered":"<p class=\"p1\">\n<p class=\"p1\"><span style=\"font-size: 18pt;\"><b>Por Jessica Woolrich<\/b><\/span><\/p>\n<p class=\"p1\"><span style=\"font-size: 14pt;\">Cuando inici\u00f3 la guerra de Rusia contra Ucrania, algunos creyeron que el conflicto ser\u00eda breve y que ante la presi\u00f3n internacional Rusia r\u00e1pidamente comprender\u00eda que ten\u00eda mucho que perder, pero no fue as\u00ed, lo meses pasaron y las consecuencias han ido aumentando, por un lado el incremento del precio del gas y en general de la energ\u00eda en Europa ha sido devastador para algunos pa\u00edses como Inglaterra, por el otro el n\u00famero de bajas en ambos bandos ha ido creciendo y el fin de la guerra parece no estar cercano, porque ahora el conflicto ha tomado un nuevo giro que parece complicar a\u00fan m\u00e1s las cosas, ya que en d\u00edas pasados se dio a conocer la noticia de que Estados Unidos y Alemania comenzar\u00edan a tener una participaci\u00f3n m\u00e1s importante en el enfrentamiento, ya que enviar\u00edan tanques a Ucrania para fortalecer su artiller\u00eda, lo que ha generado una ola de preocupaci\u00f3n generalizada en quienes ven en este hecho la posibilidad de que se inicie una guerra internacional y no solamente se mantenga el enfrentamiento entre Ucrania y Rusia, como hab\u00eda sucedido hasta el momento. <\/span><\/p>\n<p class=\"p1\"><span style=\"font-size: 14pt;\">Pero el hecho no termina aqu\u00ed, porque incluso se comienza a debatir si se debe enviar tambi\u00e9n aviones de guerra a Ucrania para apoyar al gobierno de Zelensky que ha solicitado en diversas ocasiones la cooperaci\u00f3n de los pa\u00edses pertenecientes al OTAN, para de esta manera poder enfrentar al gigante euroasi\u00e1tico.<\/span><\/p>\n<p>&nbsp;<\/p>\n<p><img loading=\"lazy\" decoding=\"async\" class=\"aligncenter wp-image-15516 size-large\" src=\"https:\/\/politicosaldesnudo.com.mx\/wp-content\/uploads\/2023\/01\/P-TANQUES-UCRANIA-2-1024x573.png\" alt=\"\" width=\"800\" height=\"448\" \/><\/p>\n<p>&nbsp;<\/p>\n<p class=\"p1\"><span style=\"font-size: 14pt;\">Pero el giro \u00a0no solamente se dio por el apoyo de Estados Unidos, sino tambi\u00e9n porque en las primeras horas del pasado domingo 29, las instalaciones de una f\u00e1brica de armamento Iran\u00ed, fueron atacadas por drones lo que gener\u00f3 un incendio que a decir de las autoridades iran\u00edes, pudo ser repelido y no hubieron da\u00f1os mayores, a\u00fan cuando las im\u00e1genes muestran un incendio de enormes proporciones, pero \u00bfqu\u00e9 tiene esto que ver con lo que sucede en Ucrania? Pues que aparentemente este ataque fue a causa de que en los \u00faltimos meses, Ir\u00e1n ha estado enviando armamento a Rusia, principalmente drones, por lo que dicho ataque podr\u00eda ser a causa de esto, lo que de demostrarse cambiar\u00eda por completo el panorama, ya que entonces los ataques a causa de este conflicto se estar\u00edan llevando a cabo m\u00e1s all\u00e1 de las fronteras ucranianas, e involucrando a un pa\u00eds que por todos es conocido suele responder de forma violenta a la menor provocaci\u00f3n, por lo que habr\u00eda que esperar la respuesta del gobierno iran\u00ed en los pr\u00f3ximos d\u00edas para as\u00ed poder saber si los brazos de la guerra han llegado ya a Medio Oriente. Lo que es un hecho es que como dijo Raman Kenoun, <span class=\"s1\">\u201c<\/span>En la guerra no hay ganadores\u201d.<\/span><\/p>\n<p>&nbsp;<\/p>\n<hr \/>\n<p>&nbsp;<\/p>\n<p><img loading=\"lazy\" decoding=\"async\" class=\"aligncenter wp-image-11449\" src=\"http:\/\/noticiasveracruz.com\/wp-content\/uploads\/2023\/01\/FIRMA-EDITORIAL-NV-300x37.png\" alt=\"\" width=\"1000\" height=\"122\" srcset=\"https:\/\/noticiasveracruz.com\/wp-content\/uploads\/2023\/01\/FIRMA-EDITORIAL-NV-300x37.png 300w, https:\/\/noticiasveracruz.com\/wp-content\/uploads\/2023\/01\/FIRMA-EDITORIAL-NV-1024x125.png 1024w, https:\/\/noticiasveracruz.com\/wp-content\/uploads\/2023\/01\/FIRMA-EDITORIAL-NV-768x94.png 768w, https:\/\/noticiasveracruz.com\/wp-content\/uploads\/2023\/01\/FIRMA-EDITORIAL-NV-1536x188.png 1536w, https:\/\/noticiasveracruz.com\/wp-content\/uploads\/2023\/01\/FIRMA-EDITORIAL-NV-2048x250.png 2048w\" sizes=\"auto, (max-width: 1000px) 100vw, 1000px\" \/><\/p>\n<p>&nbsp;<\/p>\n","protected":false},"excerpt":{"rendered":"<p>Por Jessica Woolrich Cuando inici\u00f3 la guerra de Rusia contra Ucrania, algunos creyeron que el conflicto ser\u00eda breve y que<\/p>\n","protected":false},"author":4,"featured_media":10716,"comment_status":"closed","ping_status":"closed","sticky":false,"template":"","format":"standard","meta":{"colormag_page_container_layout":"default_layout","colormag_page_sidebar_layout":"default_layout","_jetpack_memberships_contains_paid_content":false,"footnotes":"","jetpack_publicize_message":"","jetpack_publicize_feature_enabled":true,"jetpack_social_post_already_shared":true,"jetpack_social_options":{"image_generator_settings":{"template":"highway","default_image_id":0,"font":"","enabled":false},"version":2}},"categories":[6],"tags":[],"class_list":["post-12528","post","type-post","status-publish","format-standard","has-post-thumbnail","hentry","category-columnistas"],"jetpack_publicize_connections":[],"jetpack_featured_media_url":"https:\/\/noticiasveracruz.com\/wp-content\/uploads\/2022\/12\/P-JESSICA-WOOLRICH-NV.png","jetpack_sharing_enabled":true,"publishpress_future_action":{"enabled":false,"date":"2026-05-06 04:11:23","action":"change-status","newStatus":"draft","terms":[],"taxonomy":"category","extraData":[]},"publishpress_future_workflow_manual_trigger":{"enabledWorkflows":[]},"_links":{"self":[{"href":"https:\/\/noticiasveracruz.com\/index.php\/wp-json\/wp\/v2\/posts\/12528","targetHints":{"allow":["GET"]}}],"collection":[{"href":"https:\/\/noticiasveracruz.com\/index.php\/wp-json\/wp\/v2\/posts"}],"about":[{"href":"https:\/\/noticiasveracruz.com\/index.php\/wp-json\/wp\/v2\/types\/post"}],"author":[{"embeddable":true,"href":"https:\/\/noticiasveracruz.com\/index.php\/wp-json\/wp\/v2\/users\/4"}],"replies":[{"embeddable":true,"href":"https:\/\/noticiasveracruz.com\/index.php\/wp-json\/wp\/v2\/comments?post=12528"}],"version-history":[{"count":0,"href":"https:\/\/noticiasveracruz.com\/index.php\/wp-json\/wp\/v2\/posts\/12528\/revisions"}],"wp:featuredmedia":[{"embeddable":true,"href":"https:\/\/noticiasveracruz.com\/index.php\/wp-json\/wp\/v2\/media\/10716"}],"wp:attachment":[{"href":"https:\/\/noticiasveracruz.com\/index.php\/wp-json\/wp\/v2\/media?parent=12528"}],"wp:term":[{"taxonomy":"category","embeddable":true,"href":"https:\/\/noticiasveracruz.com\/index.php\/wp-json\/wp\/v2\/categories?post=12528"},{"taxonomy":"post_tag","embeddable":true,"href":"https:\/\/noticiasveracruz.com\/index.php\/wp-json\/wp\/v2\/tags?post=12528"}],"curies":[{"name":"wp","href":"https:\/\/api.w.org\/{rel}","templated":true}]}}