{"id":12526,"date":"2023-01-30T00:20:16","date_gmt":"2023-01-30T06:20:16","guid":{"rendered":"https:\/\/noticiasveracruz.com\/?p=12526"},"modified":"2023-01-30T00:20:16","modified_gmt":"2023-01-30T06:20:16","slug":"cardenas-amlo-robles-y-candidaturas-por-consigna","status":"publish","type":"post","link":"https:\/\/noticiasveracruz.com\/index.php\/2023\/01\/30\/cardenas-amlo-robles-y-candidaturas-por-consigna\/","title":{"rendered":"C\u00e1rdenas, AMLO, Robles y candidaturas por consigna"},"content":{"rendered":"<p class=\"p1\">\n<p>&nbsp;<\/p>\n<p class=\"p1\"><span style=\"font-size: 18pt;\"><b>Por Jos\u00e9 Ure\u00f1a<\/b><\/span><\/p>\n<p class=\"p1\"><span style=\"font-size: 14pt;\">Pregunt\u00f3 en la ma\u00f1anera:\u00bfQu\u00e9, no son estos los que le dieron registro a candidatos a la Presidencia que no cumpl\u00edan los requisitos por consigna, porque se los pidi\u00f3 el Presidente de entonces?<\/span><\/p>\n<p class=\"p1\"><span style=\"font-size: 14pt;\">Cr\u00edtica directa para los consejeros del INE, quienes en 2021 retiraron las candidaturas de F\u00e9lix Salgado Macedonio en Guerrero y de Ra\u00fal Mor\u00f3n en Michoac\u00e1n.<\/span><\/p>\n<p class=\"p1\"><span style=\"font-size: 14pt;\">M\u00e1s sobre ellos: <span class=\"s1\">\u201c<\/span>Esto de quitar candidaturas, de dar candidaturas a los que no ten\u00edan derecho, por instrucciones del Presidente\u2026\u201d<\/span><\/p>\n<p class=\"p1\"><span style=\"font-size: 14pt;\">Aborda un tema del cual fue beneficiario en 2000, cuando no reun\u00eda los requisitos para ser candidato a jefe de Gobierno del Distrito Federal por tener residencia en Tabasco.<\/span><\/p>\n<p class=\"p1\"><span style=\"font-size: 14pt;\">\u00bfC\u00f3mo lo solvent\u00f3? Le ayud\u00f3 Rosario Robles Berlanga, pues por petici\u00f3n expresa de Cuauht\u00e9moc C\u00e1rdenas le entreg\u00f3 la carta para cumplir el requisito de vecino en Coyoac\u00e1n y as\u00ed contender contra su principal contrincante, el panista Santiago Creel.<\/span><\/p>\n<p>&nbsp;<\/p>\n<p class=\"p1\"><span style=\"font-size: 18pt; color: #e42d33;\"><b>ALIADOS POR DOQUIER<\/b><\/span><\/p>\n<p class=\"p1\"><span style=\"font-size: 14pt;\">Pero no s\u00f3lo los perredistas fueron sus aliados. Destacada fue la opini\u00f3n de Santiago Creel.<\/span><\/p>\n<p class=\"p1\"><span style=\"font-size: 14pt;\">\u00c9l se opuso a negarle el registro bajo el argumento simple de <span class=\"s1\">\u201c<\/span>es mi amigo\u201d, seg\u00fan recuerdan miembros de su equipo de campa\u00f1a.<\/span><\/p>\n<p class=\"p1\"><span style=\"font-size: 14pt;\">En tanto, Ernesto Zedillo atendi\u00f3 la sugerencia de no obstaculizar la carrera pol\u00edtica de L\u00f3pez Obrador porque ten\u00eda el prop\u00f3sito de trascender como Presidente dem\u00f3crata y sacarlo de la contienda empa\u00f1ar\u00eda la transici\u00f3n.<\/span><\/p>\n<p class=\"p1\"><span style=\"font-size: 14pt;\">En ello coincidi\u00f3 el candidato presidencial priista Francisco Labastida Ochoa, con otro planteamiento: -Lo quiero en la boleta. A \u00e9l hay que derrotarlo en las urnas.<\/span><\/p>\n<p class=\"p1\"><span style=\"font-size: 14pt;\">Llegaron las elecciones y gan\u00f3.<\/span><\/p>\n<p class=\"p1\"><span style=\"font-size: 14pt;\">Con el tiempo, su aval Rosario Robles cay\u00f3 en desgracia pol\u00edtica, de la cual no ha salido, y le preguntaron si estaba arrepentida de haber hecho campa\u00f1a por \u00e9l.<\/span><\/p>\n<p class=\"p1\"><span style=\"font-size: 14pt;\">-No, estoy arrepentida de entregarle la Jefatura de Gobierno -contest\u00f3.<\/span><\/p>\n<p class=\"p1\"><span style=\"font-size: 14pt;\">Cosas de la pol\u00edtica. Dichos y datos se cruzan en la misma fecha.<\/span><\/p>\n<p class=\"p1\"><span style=\"font-size: 14pt;\">El de Macuspana habl\u00f3 de ilegalidades del INE -antes IFE, bajo cuya existencia gobern\u00f3 el Distrito Federal hasta convertirlo en plataforma fundamental de su carrera- mientras ella tiene otro \u00e9xito legal.<\/span><\/p>\n<p class=\"p1\"><span style=\"font-size: 14pt;\">Apoyada por Mendieta &amp; Medina Abogados, Rosario Robles obtuvo otro amparo por el <span class=\"s1\">\u201c<\/span>delito de ejercicio indebido del servicio p\u00fablico por omisi\u00f3n\u201d. Un paso m\u00e1s hacia la libertad absoluta.<\/span><\/p>\n<p>&nbsp;<\/p>\n<p class=\"p1\"><span style=\"font-size: 18pt; color: #e42d33;\"><b>TIPOS DE MOVILIZACI\u00d3N<\/b><\/span><\/p>\n<p class=\"p1\"><span style=\"font-size: 14pt;\">La marcha del 26 de febrero deber\u00e1 ser diferente a la del domingo 13 de noviembre.<\/span><\/p>\n<p class=\"p1\"><span style=\"font-size: 14pt;\">Los organizadores determinar\u00e1n modalidades y acaso con aquella experiencia haya mayor orden, pero aqu\u00ed s\u00f3lo daremos un dato surgido desde el poder para inhibir la participaci\u00f3n.<\/span><\/p>\n<p class=\"p1\"><span style=\"font-size: 14pt;\">A ning\u00fan gobernante de oposici\u00f3n, sean estatales o municipales, le ser\u00e1 f\u00e1cil participar porque habr\u00e1 vigilancia superior so pretexto de evitar desv\u00edo de recursos.<\/span><\/p>\n<p class=\"p1\"><span style=\"font-size: 14pt;\">Especial cuidado se tendr\u00e1 con los nueve alcaldes de oposici\u00f3n en la Ciudad de M\u00e9xico, pues son quienes podr\u00edan aportar mayores contingentes, transporte y dem\u00e1s log\u00edstica.<\/span><\/p>\n<p class=\"p1\"><span style=\"font-size: 14pt;\">Son elementos para el an\u00e1lisis: el 13 de noviembre hubo restricciones con la contingencia ambiental, la oficial del 27 cont\u00f3 con participaci\u00f3n de todos los gobiernos y la del aniversario de la expropiaci\u00f3n petrolera ser\u00e1 mayor.<\/span><\/p>\n<p>&nbsp;<\/p>\n<hr \/>\n<p>&nbsp;<\/p>\n<p><img loading=\"lazy\" decoding=\"async\" class=\"aligncenter wp-image-11449\" src=\"http:\/\/noticiasveracruz.com\/wp-content\/uploads\/2023\/01\/FIRMA-EDITORIAL-NV-300x37.png\" alt=\"\" width=\"1000\" height=\"122\" srcset=\"https:\/\/noticiasveracruz.com\/wp-content\/uploads\/2023\/01\/FIRMA-EDITORIAL-NV-300x37.png 300w, https:\/\/noticiasveracruz.com\/wp-content\/uploads\/2023\/01\/FIRMA-EDITORIAL-NV-1024x125.png 1024w, https:\/\/noticiasveracruz.com\/wp-content\/uploads\/2023\/01\/FIRMA-EDITORIAL-NV-768x94.png 768w, https:\/\/noticiasveracruz.com\/wp-content\/uploads\/2023\/01\/FIRMA-EDITORIAL-NV-1536x188.png 1536w, https:\/\/noticiasveracruz.com\/wp-content\/uploads\/2023\/01\/FIRMA-EDITORIAL-NV-2048x250.png 2048w\" sizes=\"auto, (max-width: 1000px) 100vw, 1000px\" \/><\/p>\n<p>&nbsp;<\/p>\n<p>&nbsp;<\/p>\n<p>&nbsp;<\/p>\n","protected":false},"excerpt":{"rendered":"<p>&nbsp; Por Jos\u00e9 Ure\u00f1a Pregunt\u00f3 en la ma\u00f1anera:\u00bfQu\u00e9, no son estos los que le dieron registro a candidatos a la<\/p>\n","protected":false},"author":4,"featured_media":3258,"comment_status":"closed","ping_status":"closed","sticky":false,"template":"","format":"standard","meta":{"colormag_page_container_layout":"default_layout","colormag_page_sidebar_layout":"default_layout","_jetpack_memberships_contains_paid_content":false,"footnotes":"","jetpack_publicize_message":"","jetpack_publicize_feature_enabled":true,"jetpack_social_post_already_shared":true,"jetpack_social_options":{"image_generator_settings":{"template":"highway","default_image_id":0,"font":"","enabled":false},"version":2}},"categories":[6],"tags":[],"class_list":["post-12526","post","type-post","status-publish","format-standard","has-post-thumbnail","hentry","category-columnistas"],"jetpack_publicize_connections":[],"jetpack_featured_media_url":"https:\/\/noticiasveracruz.com\/wp-content\/uploads\/2022\/04\/JOSE\u0301-UREN\u0303A.png","jetpack_sharing_enabled":true,"publishpress_future_action":{"enabled":false,"date":"2026-05-06 03:34:50","action":"change-status","newStatus":"draft","terms":[],"taxonomy":"category","extraData":[]},"publishpress_future_workflow_manual_trigger":{"enabledWorkflows":[]},"_links":{"self":[{"href":"https:\/\/noticiasveracruz.com\/index.php\/wp-json\/wp\/v2\/posts\/12526","targetHints":{"allow":["GET"]}}],"collection":[{"href":"https:\/\/noticiasveracruz.com\/index.php\/wp-json\/wp\/v2\/posts"}],"about":[{"href":"https:\/\/noticiasveracruz.com\/index.php\/wp-json\/wp\/v2\/types\/post"}],"author":[{"embeddable":true,"href":"https:\/\/noticiasveracruz.com\/index.php\/wp-json\/wp\/v2\/users\/4"}],"replies":[{"embeddable":true,"href":"https:\/\/noticiasveracruz.com\/index.php\/wp-json\/wp\/v2\/comments?post=12526"}],"version-history":[{"count":0,"href":"https:\/\/noticiasveracruz.com\/index.php\/wp-json\/wp\/v2\/posts\/12526\/revisions"}],"wp:featuredmedia":[{"embeddable":true,"href":"https:\/\/noticiasveracruz.com\/index.php\/wp-json\/wp\/v2\/media\/3258"}],"wp:attachment":[{"href":"https:\/\/noticiasveracruz.com\/index.php\/wp-json\/wp\/v2\/media?parent=12526"}],"wp:term":[{"taxonomy":"category","embeddable":true,"href":"https:\/\/noticiasveracruz.com\/index.php\/wp-json\/wp\/v2\/categories?post=12526"},{"taxonomy":"post_tag","embeddable":true,"href":"https:\/\/noticiasveracruz.com\/index.php\/wp-json\/wp\/v2\/tags?post=12526"}],"curies":[{"name":"wp","href":"https:\/\/api.w.org\/{rel}","templated":true}]}}