{"id":12524,"date":"2023-01-30T00:17:15","date_gmt":"2023-01-30T06:17:15","guid":{"rendered":"https:\/\/noticiasveracruz.com\/?p=12524"},"modified":"2023-01-30T00:17:15","modified_gmt":"2023-01-30T06:17:15","slug":"proyecto-de-nacion","status":"publish","type":"post","link":"https:\/\/noticiasveracruz.com\/index.php\/2023\/01\/30\/proyecto-de-nacion\/","title":{"rendered":"Proyecto de naci\u00f3n"},"content":{"rendered":"<p class=\"p1\">\n<p>&nbsp;<\/p>\n<p class=\"p1\"><span style=\"font-size: 18pt;\"><b>Por Ricardo Homs<\/b><\/span><\/p>\n<p class=\"p1\"><span style=\"font-size: 14pt;\">Los tiempos pol\u00edticos actuales han estado focalizados en la renovaci\u00f3n de cargos de elecci\u00f3n popular, principalmente la renovaci\u00f3n de la presidencia de la rep\u00fablica en 2024.<\/span><\/p>\n<p class=\"p1\"><span style=\"font-size: 14pt;\">La contienda por la nominaci\u00f3n del candidato, -dentro de Morena-, domina la agenda p\u00fablica, distray\u00e9ndonos de los apremiantes problemas cotidianos que afectan en su vida privada de los mexicanos.<\/span><\/p>\n<p class=\"p1\"><span style=\"font-size: 14pt;\">Antes, -en los tiempos hegem\u00f3nicos del vilipendiado PRI del siglo XX-, se les denominaba <span class=\"s1\">\u201c<\/span>tapados\u201d, en alusi\u00f3n a que la nominaci\u00f3n del sucesor era una atribuci\u00f3n del presidente en turno, derivada de usos y costumbres pol\u00edticas y el presidente determinaba en sus tiempos quien ser\u00eda su delf\u00edn. El partido simplemente validaba la decisi\u00f3n presidencial.<\/span><\/p>\n<p class=\"p1\"><span style=\"font-size: 14pt;\">Hoy, -en la era <span class=\"s1\">\u201c<\/span>de las corcholatas\u201d-, el procedimiento es el mismo.<\/span><\/p>\n<p class=\"p1\"><span style=\"font-size: 14pt;\">El presidente preselecciona a los participantes y supuestamente el partido designa al afortunado con base en una encuesta p\u00fablica que ser\u00e1 convocada por Morena.<\/span><\/p>\n<p class=\"p1\"><span style=\"font-size: 14pt;\">Sin embargo, la percepci\u00f3n p\u00fablica da por sentado que la <span class=\"s1\">\u201c<\/span>corcholata\u201d seleccionada por el presidente, estar\u00e1 en la boleta electoral, pues la encuesta es una simple formalidad para validar el deseo presidencial.<\/span><\/p>\n<p class=\"p1\"><span style=\"font-size: 14pt;\">Y por otra parte, la oposici\u00f3n apenas va decidiendo los mecanismos para la selecci\u00f3n del candidato.<\/span><\/p>\n<p class=\"p1\"><span style=\"font-size: 14pt;\">Lo anterior pone de relieve dos asuntos que describen nuestra realidad:<\/span><\/p>\n<p class=\"p1\"><span style=\"font-size: 14pt;\">Primeramente, que este es un pa\u00eds de caudillos. La decisi\u00f3n de quien guiar\u00e1 los destinos del pa\u00eds, se centra en la persona de quien hoy ejerce el poder. <\/span><\/p>\n<p class=\"p1\"><span style=\"font-size: 14pt;\">De este modo vemos que nuestro modelo sociopol\u00edtico es paternalista, lo cual significa que se sustenta en un liderazgo autoritario fuerte, que act\u00faa sobre la base de premiar la lealtad incondicional y castigar la disidencia.<\/span><\/p>\n<p class=\"p1\"><span style=\"font-size: 14pt;\">Por tanto, el rumbo del pa\u00eds se sujeta a la visi\u00f3n unipersonal del caudillo, quien decide qu\u00e9 es bueno para el pa\u00eds y el pueblo aplaude. Esto significa que \u00e9l caudillo asume, -y as\u00ed lo hace creer al pueblo-, que \u00e9l ha interpretado los deseos profundos de la colectividad y se ha convertido en su vocero y representante.<\/span><\/p>\n<p class=\"p1\"><span style=\"font-size: 14pt;\">Por ello vemos que hasta el d\u00eda de hoy, cada ma\u00f1ana se define la agenda p\u00fablica de corto plazo, sustentada solamente en la visi\u00f3n personal del titular del Poder Ejecutivo. Esto nos explica por qu\u00e9 no existe m\u00e1s visi\u00f3n de futuro, mas que ir desarrollando d\u00eda a d\u00eda, un presente.<\/span><\/p>\n<p class=\"p1\"><span style=\"font-size: 14pt;\">Sin embargo, en un modelo democr\u00e1tico, la ciudadan\u00eda es la que decide cual es la visi\u00f3n de pa\u00eds que quiere construir y a trav\u00e9s de procesos electorales elige a quien encabezar\u00e1 al gobierno que ejecutar\u00e1 ese mandato ciudadano. Por algo, se denomina <span class=\"s1\">\u201c<\/span>Poder Ejecutivo\u201d.<\/span><\/p>\n<p class=\"p1\"><span style=\"font-size: 14pt;\">A partir de esta reflexi\u00f3n podemos caer en la cuenta de que en el M\u00e9xico de hoy nos estamos alejando del modelo democr\u00e1tico, pues nos hemos enganchado en la visi\u00f3n pol\u00edtica tradicional de centrarnos en la b\u00fasqueda del caudillo y lo que prevalece en el entorno pol\u00edtico actual es una contienda por imponer al caudillo que detentar\u00e1 el poder absoluto para definir el rumbo que debe seguir el pa\u00eds.<\/span><\/p>\n<p class=\"p1\"><span style=\"font-size: 14pt;\">Por ello se hace necesario que de la misma ciudadan\u00eda surja un proyecto de naci\u00f3n que marque las directrices para construir ese pa\u00eds que queremos legar a las nuevas generaciones.<\/span><\/p>\n<p class=\"p1\"><span style=\"font-size: 14pt;\">Primero debe estar preparado el proyecto de naci\u00f3n y despu\u00e9s definir quien lo llevar\u00e1 a cabo, encabezando el Poder Ejecutivo.<\/span><\/p>\n<p class=\"p1\"><span style=\"font-size: 14pt;\">El proyecto de naci\u00f3n debe definir las directrices econ\u00f3micas, sociales y pol\u00edticas.<\/span><\/p>\n<p class=\"p1\"><span style=\"font-size: 14pt;\">Dentro de las directrices sociales deben incluirse las educativas, de salud y sobre todo, -para el contexto actual que vive M\u00e9xico-, las de seguridad p\u00fablica y justicia.<\/span><\/p>\n<p class=\"p1\"><span style=\"font-size: 14pt;\">Por ello\u2026 primero el proyecto y despu\u00e9s el candidato.<\/span><\/p>\n<p>&nbsp;<\/p>\n<p class=\"p1\"><span style=\"font-size: 18pt;\"><strong>\u00bfA usted qu\u00e9 le parece?<\/strong><\/span><\/p>\n<p>&nbsp;<\/p>\n<hr \/>\n<p>&nbsp;<\/p>\n<p class=\"p1\"><span style=\"font-size: 18pt;\"><strong>Facebook:<a href=\"https:\/\/www.facebook.com\/Ricardo.Homs1\">@Ricardo.Homs1<\/a><\/strong><\/span><\/p>\n<p class=\"p1\"><span style=\"font-size: 18pt;\"><strong>Twitter:\u00a0<\/strong><a href=\"https:\/\/twitter.com\/homsricardo\"><strong>@homsricardo<\/strong><\/a><\/span><\/p>\n<p class=\"p1\"><span style=\"font-size: 18pt;\"><strong>Linkedin:\u00a0<a href=\"https:\/\/www.linkedin.com\/in\/ricardo-homs-3920449\/?originalSubdomain=mx\">RicardoHoms<\/a><\/strong><\/span><\/p>\n<p class=\"p1\"><span style=\"font-size: 18pt;\"><a href=\"https:\/\/ricardohoms.com\/\"><strong>www.ricardohoms.com<\/strong><\/a><\/span><\/p>\n<p>&nbsp;<\/p>\n<p><img loading=\"lazy\" decoding=\"async\" class=\"aligncenter wp-image-11449\" src=\"http:\/\/noticiasveracruz.com\/wp-content\/uploads\/2023\/01\/FIRMA-EDITORIAL-NV-300x37.png\" alt=\"\" width=\"1000\" height=\"122\" srcset=\"https:\/\/noticiasveracruz.com\/wp-content\/uploads\/2023\/01\/FIRMA-EDITORIAL-NV-300x37.png 300w, https:\/\/noticiasveracruz.com\/wp-content\/uploads\/2023\/01\/FIRMA-EDITORIAL-NV-1024x125.png 1024w, https:\/\/noticiasveracruz.com\/wp-content\/uploads\/2023\/01\/FIRMA-EDITORIAL-NV-768x94.png 768w, https:\/\/noticiasveracruz.com\/wp-content\/uploads\/2023\/01\/FIRMA-EDITORIAL-NV-1536x188.png 1536w, https:\/\/noticiasveracruz.com\/wp-content\/uploads\/2023\/01\/FIRMA-EDITORIAL-NV-2048x250.png 2048w\" sizes=\"auto, (max-width: 1000px) 100vw, 1000px\" \/><\/p>\n<p>&nbsp;<\/p>\n<p>&nbsp;<\/p>\n<p>&nbsp;<\/p>\n","protected":false},"excerpt":{"rendered":"<p>&nbsp; Por Ricardo Homs Los tiempos pol\u00edticos actuales han estado focalizados en la renovaci\u00f3n de cargos de elecci\u00f3n popular, principalmente<\/p>\n","protected":false},"author":4,"featured_media":3190,"comment_status":"closed","ping_status":"closed","sticky":false,"template":"","format":"standard","meta":{"colormag_page_container_layout":"default_layout","colormag_page_sidebar_layout":"default_layout","_jetpack_memberships_contains_paid_content":false,"footnotes":"","jetpack_publicize_message":"","jetpack_publicize_feature_enabled":true,"jetpack_social_post_already_shared":true,"jetpack_social_options":{"image_generator_settings":{"template":"highway","default_image_id":0,"font":"","enabled":false},"version":2}},"categories":[6],"tags":[],"class_list":["post-12524","post","type-post","status-publish","format-standard","has-post-thumbnail","hentry","category-columnistas"],"jetpack_publicize_connections":[],"jetpack_featured_media_url":"https:\/\/noticiasveracruz.com\/wp-content\/uploads\/2022\/04\/NV-RICARDO-HOMS.png","jetpack_sharing_enabled":true,"publishpress_future_action":{"enabled":false,"date":"2026-05-06 02:52:27","action":"change-status","newStatus":"draft","terms":[],"taxonomy":"category","extraData":[]},"publishpress_future_workflow_manual_trigger":{"enabledWorkflows":[]},"_links":{"self":[{"href":"https:\/\/noticiasveracruz.com\/index.php\/wp-json\/wp\/v2\/posts\/12524","targetHints":{"allow":["GET"]}}],"collection":[{"href":"https:\/\/noticiasveracruz.com\/index.php\/wp-json\/wp\/v2\/posts"}],"about":[{"href":"https:\/\/noticiasveracruz.com\/index.php\/wp-json\/wp\/v2\/types\/post"}],"author":[{"embeddable":true,"href":"https:\/\/noticiasveracruz.com\/index.php\/wp-json\/wp\/v2\/users\/4"}],"replies":[{"embeddable":true,"href":"https:\/\/noticiasveracruz.com\/index.php\/wp-json\/wp\/v2\/comments?post=12524"}],"version-history":[{"count":0,"href":"https:\/\/noticiasveracruz.com\/index.php\/wp-json\/wp\/v2\/posts\/12524\/revisions"}],"wp:featuredmedia":[{"embeddable":true,"href":"https:\/\/noticiasveracruz.com\/index.php\/wp-json\/wp\/v2\/media\/3190"}],"wp:attachment":[{"href":"https:\/\/noticiasveracruz.com\/index.php\/wp-json\/wp\/v2\/media?parent=12524"}],"wp:term":[{"taxonomy":"category","embeddable":true,"href":"https:\/\/noticiasveracruz.com\/index.php\/wp-json\/wp\/v2\/categories?post=12524"},{"taxonomy":"post_tag","embeddable":true,"href":"https:\/\/noticiasveracruz.com\/index.php\/wp-json\/wp\/v2\/tags?post=12524"}],"curies":[{"name":"wp","href":"https:\/\/api.w.org\/{rel}","templated":true}]}}