{"id":12481,"date":"2023-01-27T13:12:16","date_gmt":"2023-01-27T19:12:16","guid":{"rendered":"https:\/\/noticiasveracruz.com\/?p=12481"},"modified":"2023-01-27T13:15:53","modified_gmt":"2023-01-27T19:15:53","slug":"sabotajes-piden-privatizacion","status":"publish","type":"post","link":"https:\/\/noticiasveracruz.com\/index.php\/2023\/01\/27\/sabotajes-piden-privatizacion\/","title":{"rendered":"Sabotajes piden privatizaci\u00f3n"},"content":{"rendered":"<p>&nbsp;<\/p>\n<p class=\"p1\"><span style=\"font-size: 18pt;\"><strong>Por Jos\u00e9 Garc\u00eda S\u00e1nchez<\/strong><\/span><\/p>\n<p class=\"p1\"><span style=\"font-size: 18pt;\"><strong>Dif\u00edcil entender la percepci\u00f3n distorsionada de los panistas, quienes a pesar de que es evidente que cortaron los cables que produjeron un corto circuito en la estaci\u00f3n el Metro de Barranca del Muerto, sigan se\u00f1alando que el incidente se debi\u00f3 a la falta de mantenimiento y presupuesto.<\/strong><\/span><\/p>\n<p>&nbsp;<\/p>\n<p><img loading=\"lazy\" decoding=\"async\" class=\"aligncenter wp-image-12483 size-large\" src=\"http:\/\/noticiasveracruz.com\/wp-content\/uploads\/2023\/01\/P-CABLES-CORTADOS-BARRANCA-1024x573.png\" alt=\"\" width=\"800\" height=\"448\" srcset=\"https:\/\/noticiasveracruz.com\/wp-content\/uploads\/2023\/01\/P-CABLES-CORTADOS-BARRANCA-1024x573.png 1024w, https:\/\/noticiasveracruz.com\/wp-content\/uploads\/2023\/01\/P-CABLES-CORTADOS-BARRANCA-300x168.png 300w, https:\/\/noticiasveracruz.com\/wp-content\/uploads\/2023\/01\/P-CABLES-CORTADOS-BARRANCA-768x430.png 768w, https:\/\/noticiasveracruz.com\/wp-content\/uploads\/2023\/01\/P-CABLES-CORTADOS-BARRANCA-1536x859.png 1536w, https:\/\/noticiasveracruz.com\/wp-content\/uploads\/2023\/01\/P-CABLES-CORTADOS-BARRANCA.png 1816w\" sizes=\"auto, (max-width: 800px) 100vw, 800px\" \/><\/p>\n<p>&nbsp;<\/p>\n<p class=\"p1\"><span style=\"font-size: 18pt;\"><strong>La alcaldesa correspondiente a esa zona, la panista L\u00eda Lim\u00f3n, parec\u00eda saber lo que suceder\u00eda porque lleg\u00f3 al lugar de los hechos pr\u00e1cticamente en el momento en el que sucedi\u00f3 el \u201caccidente\u201d, un supuesto circuito, provocado por el corte intencional de cables, hechos realizados\u00a0\u00a0para atacar a la jefa de gobierno.<\/strong><\/span><\/p>\n<p class=\"p1\"><span style=\"font-size: 14pt;\">El da\u00f1o que el PAN ha hecho al pa\u00eds es incalculable. Y como entre sus fantas\u00edas est\u00e1 tomar a sangre y fuego la Ciudad de M\u00e9xico en 2024, tienen al Metro como campo de batalla, con dos fines principales, la primera, desgastar la posible candidata de Morena a la Presidencia de la Rep\u00fablica Claudia Sheinbaum, desgastar al candidato a la jefatura de gobierno de la capital y, la joya de la corona, privatizar el Metro, porque ante tanto \u201caccidente\u201d tienen suficiente justificaci\u00f3n para venderlo a manos privadas, a algunos de sus familiares o amigos.<\/span><\/p>\n<p class=\"p1\"><span style=\"font-size: 18pt;\"><strong>El Metro ser\u00eda un gran negocio en manos privadas, pero tendr\u00eda que costar el pasaje 25 pesos, por lo menos. Ellos ya est\u00e1n colocando este proyecto en voz de algunos \u201cespecialistas\u201d expertos financieros de la televisi\u00f3n, argumentando que el metro de Nueva York no tiene accidentes porque est\u00e1 en manos privadas, y que primero est\u00e1 la seguridad, cuando en realidad se trata de sabotajes contra el sistema de Transporte Colectivo. Esto les implicar\u00eda una ganancia de los lo menos cinco pesos diarios por pasajero, de un total de 5 millones de usuarios.<\/strong><\/span><\/p>\n<p class=\"p1\"><span style=\"font-size: 14pt;\">El Metro en Nueva York cuesta 2.75 d\u00f3lares. Equivalente a 52.25 pesos, todo un sue\u00f1o que los panistas quieren convertir en realidad. Su obsesi\u00f3n no es pol\u00edtica, lo sabemos, es econ\u00f3mica.<\/span><\/p>\n<p class=\"p1\"><span style=\"font-size: 18pt; color: #333300;\"><strong>Las estrategias para desprestigiar a Morena tienen la intenci\u00f3n de convertir al metro en negocio millonario. De ah\u00ed que inventen el secuestro de menores para acusar inseguridad y luego cierren calles exigiendo que aparezca para acusar incapacidad de la polic\u00eda, como en el caso de la menor \u00c1ngela.<\/strong><\/span><\/p>\n<p>&nbsp;<\/p>\n<p><img loading=\"lazy\" decoding=\"async\" class=\"aligncenter wp-image-15583 size-large\" src=\"https:\/\/politicosaldesnudo.com.mx\/wp-content\/uploads\/2023\/01\/P-SANDRA-GUERRASUCIA-1-1024x573.png\" alt=\"\" width=\"800\" height=\"448\" \/><\/p>\n<p>&nbsp;<\/p>\n<p class=\"p1\"><span style=\"font-size: 18pt; color: #e42d33;\"><strong>Las supuestas feministas que protestan contra la \u201cmilitarizaci\u00f3n\u201d del metro, tienen siempre su punto de encuentro en la explanada dela alcald\u00eda Cuauht\u00e9moc, donde gobierna la panista y amiga \u00edntima de Ricardo Monreal, Sandra Cuevas, a quien le fue encontrada propaganda contra Claudia Sheinbaum en sus oficinas de Desarrollo Social, cerca de 60 mil volantes, m\u00e1s lo que se hab\u00edan repartido desde d\u00edas antes, durante el montaje del supuesto secuestro de Mar\u00eda \u00c1ngela en el paradero de Indios Verdes. Los volantes, que se calcula en 100 mil, desde tres d\u00edas antes y fueron pagados con los impuestos de la poblaci\u00f3n.<\/strong><\/span><\/p>\n<p class=\"p1\"><span style=\"font-size: 18pt;\"><strong>Desde luego en su plan por adue\u00f1arse de la ciudad de M\u00e9xico y del metro no les interesa si en la batalla por obtenerlo hay muertos o heridos, simplemente act\u00faan de acuerdo a sus intereses como lo han hecho siempre.<\/strong><\/span><\/p>\n<p class=\"p1\"><span style=\"font-size: 14pt;\">Los panistas son previsibles y burdos en sus proyectos, de ah\u00ed que ahora tengan como punta de lanza la posibilidad de convencer de este \u201cbeneficio\u201d a la poblaci\u00f3n a trav\u00e9s de los especialistas financieros a sueldo para que insistan en que es mejor un transporte seguro que un transporte barato, porque va de por medio la vida, como si a ellos les interesara la vida.<\/span><\/p>\n<p class=\"p1\"><span style=\"font-size: 18pt;\"><strong>La guerra sucia del PAN habla de su \u00fanica manera de hacer pol\u00edtica sin preocuparse por la gente pero s\u00ed por sus intereses.<\/strong><\/span><\/p>\n<p>&nbsp;<\/p>\n<hr \/>\n<p>&nbsp;<\/p>\n<p><span style=\"font-size: 18pt;\"><strong>Twitter:\u00a0<a href=\"https:\/\/twitter.com\/Josangasa3\">@Josangasa3<\/a><\/strong><\/span><\/p>\n<p>&nbsp;<\/p>\n<p><img loading=\"lazy\" decoding=\"async\" class=\"wp-image-11449 aligncenter\" src=\"http:\/\/noticiasveracruz.com\/wp-content\/uploads\/2023\/01\/FIRMA-EDITORIAL-NV-300x37.png\" alt=\"\" width=\"1000\" height=\"122\" srcset=\"https:\/\/noticiasveracruz.com\/wp-content\/uploads\/2023\/01\/FIRMA-EDITORIAL-NV-300x37.png 300w, https:\/\/noticiasveracruz.com\/wp-content\/uploads\/2023\/01\/FIRMA-EDITORIAL-NV-1024x125.png 1024w, https:\/\/noticiasveracruz.com\/wp-content\/uploads\/2023\/01\/FIRMA-EDITORIAL-NV-768x94.png 768w, https:\/\/noticiasveracruz.com\/wp-content\/uploads\/2023\/01\/FIRMA-EDITORIAL-NV-1536x188.png 1536w, https:\/\/noticiasveracruz.com\/wp-content\/uploads\/2023\/01\/FIRMA-EDITORIAL-NV-2048x250.png 2048w\" sizes=\"auto, (max-width: 1000px) 100vw, 1000px\" \/><\/p>\n<p>&nbsp;<\/p>\n<p>&nbsp;<\/p>\n<p>&nbsp;<\/p>\n<p>&nbsp;<\/p>\n<p>&nbsp;<\/p>\n","protected":false},"excerpt":{"rendered":"<p>&nbsp; Por Jos\u00e9 Garc\u00eda S\u00e1nchez Dif\u00edcil entender la percepci\u00f3n distorsionada de los panistas, quienes a pesar de que es evidente<\/p>\n","protected":false},"author":4,"featured_media":3183,"comment_status":"closed","ping_status":"closed","sticky":false,"template":"","format":"standard","meta":{"colormag_page_container_layout":"default_layout","colormag_page_sidebar_layout":"default_layout","_jetpack_memberships_contains_paid_content":false,"footnotes":"","jetpack_publicize_message":"","jetpack_publicize_feature_enabled":true,"jetpack_social_post_already_shared":true,"jetpack_social_options":{"image_generator_settings":{"template":"highway","default_image_id":0,"font":"","enabled":false},"version":2}},"categories":[6],"tags":[1105,2070,1931,31,84,74,820],"class_list":["post-12481","post","type-post","status-publish","format-standard","has-post-thumbnail","hentry","category-columnistas","tag-claudia-sheinbaum","tag-guerra-sucia","tag-metro","tag-mexico","tag-morena","tag-pan","tag-sandra-cuevas"],"jetpack_publicize_connections":[],"jetpack_featured_media_url":"https:\/\/noticiasveracruz.com\/wp-content\/uploads\/2022\/04\/NV-JOSE\u0301-GARCI\u0301A.png","jetpack_sharing_enabled":true,"publishpress_future_action":{"enabled":false,"date":"2026-05-07 00:53:26","action":"change-status","newStatus":"draft","terms":[],"taxonomy":"category","extraData":[]},"publishpress_future_workflow_manual_trigger":{"enabledWorkflows":[]},"_links":{"self":[{"href":"https:\/\/noticiasveracruz.com\/index.php\/wp-json\/wp\/v2\/posts\/12481","targetHints":{"allow":["GET"]}}],"collection":[{"href":"https:\/\/noticiasveracruz.com\/index.php\/wp-json\/wp\/v2\/posts"}],"about":[{"href":"https:\/\/noticiasveracruz.com\/index.php\/wp-json\/wp\/v2\/types\/post"}],"author":[{"embeddable":true,"href":"https:\/\/noticiasveracruz.com\/index.php\/wp-json\/wp\/v2\/users\/4"}],"replies":[{"embeddable":true,"href":"https:\/\/noticiasveracruz.com\/index.php\/wp-json\/wp\/v2\/comments?post=12481"}],"version-history":[{"count":0,"href":"https:\/\/noticiasveracruz.com\/index.php\/wp-json\/wp\/v2\/posts\/12481\/revisions"}],"wp:featuredmedia":[{"embeddable":true,"href":"https:\/\/noticiasveracruz.com\/index.php\/wp-json\/wp\/v2\/media\/3183"}],"wp:attachment":[{"href":"https:\/\/noticiasveracruz.com\/index.php\/wp-json\/wp\/v2\/media?parent=12481"}],"wp:term":[{"taxonomy":"category","embeddable":true,"href":"https:\/\/noticiasveracruz.com\/index.php\/wp-json\/wp\/v2\/categories?post=12481"},{"taxonomy":"post_tag","embeddable":true,"href":"https:\/\/noticiasveracruz.com\/index.php\/wp-json\/wp\/v2\/tags?post=12481"}],"curies":[{"name":"wp","href":"https:\/\/api.w.org\/{rel}","templated":true}]}}