{"id":12351,"date":"2023-01-24T08:51:05","date_gmt":"2023-01-24T14:51:05","guid":{"rendered":"https:\/\/noticiasveracruz.com\/?p=12351"},"modified":"2023-01-24T08:51:17","modified_gmt":"2023-01-24T14:51:17","slug":"dos-bocas-producira-la-primera-carga-de-combustible-el-1-de-julio-rocio-nahle","status":"publish","type":"post","link":"https:\/\/noticiasveracruz.com\/index.php\/2023\/01\/24\/dos-bocas-producira-la-primera-carga-de-combustible-el-1-de-julio-rocio-nahle\/","title":{"rendered":"Dos Bocas producir\u00e1 la primera carga de combustible el 1 de julio: Roc\u00edo Nahle"},"content":{"rendered":"<p>&nbsp;<\/p>\n<p class=\"p1\"><span style=\"font-size: 14pt;\"><em><strong>CIUDAD DE M\u00c9XICO.<\/strong> <\/em><strong>Roc\u00edo Nahle<\/strong>, titular de Energ\u00eda (Sener),\u00a0<strong>garantiz\u00f3 que el pr\u00f3ximo 1 de julio<\/strong>, la refiner\u00eda\u00a0<strong>Dos Bocas<\/strong>, producir\u00e1 <strong>la primera carga de combustible<\/strong>.<\/span><\/p>\n<p class=\"p1\"><span style=\"font-size: 18pt;\"><strong>En la calidad de Palacio Nacional despu\u00e9s de reunirse con el presidente Andr\u00e9s Manuel L\u00f3pez Obrador<span class=\"Apple-converted-space\">\u00a0 <\/span>y los gerentes de las refiner\u00edas, la titular de Sener, Roc\u00edo Nahle se\u00f1al\u00f3 \u201cvamos muy bien en los avances en esta obra para que est\u00e9 lista para producir en julio pr\u00f3ximo\u201d.<\/strong><\/span><\/p>\n<p>&nbsp;<\/p>\n<blockquote>\n<p class=\"p1\"><span style=\"font-size: 14pt;\">El 1 de julio, ya lo anunci\u00f3 el Presidente (se producir\u00e1 la primera carga) y lo anunciamos nosotros. Vamos muy bien, es una gran, gran obra\u201d<\/span><\/p>\n<\/blockquote>\n<p>&nbsp;<\/p>\n<p class=\"p1\"><span style=\"font-size: 18pt;\"><strong>Con todo, Roc\u00edo Nahle dijo que en la reuni\u00f3n con el presidente L\u00f3pez Obrador se inform\u00f3 que se han modernizado equipos en las refiner\u00edas y se han cambiado catalizadores.<\/strong><\/span><\/p>\n<p>&nbsp;<\/p>\n<p><img loading=\"lazy\" decoding=\"async\" class=\"aligncenter wp-image-15440 size-large\" src=\"https:\/\/politicosaldesnudo.com.mx\/wp-content\/uploads\/2023\/01\/P-SENER-ROCIO-NAHLE-3-1024x573.png\" alt=\"\" width=\"800\" height=\"448\" \/><\/p>\n<p>&nbsp;<\/p>\n<blockquote>\n<p class=\"p1\"><span style=\"font-size: 14pt;\">Se han cambiado muchas cosas que le da mayor vida a las plantas qu\u00edmicas\u201d<\/span><\/p>\n<\/blockquote>\n<p>&nbsp;<\/p>\n<p class=\"p1\"><span style=\"font-size: 18pt;\"><strong>Roc\u00edo Nahle, la titular de la Sener, asegur\u00f3 que la instrucci\u00f3n presidencial es seguir con la tarea de la modernizaci\u00f3n de las refiner\u00edas para llegar a la autosuficiencia de combustibles.<\/strong><\/span><\/p>\n<p>&nbsp;<\/p>\n<blockquote>\n<p class=\"p1\"><span style=\"font-size: 14pt;\">Esa es una meta que se propuso ese gobierno y que sobre todo hoy con las condiciones mundiales, donde el tema de energ\u00eda por la guerra entre Rusia y Ucrania es un factor central, por lo que estamos m\u00e1s comprometidos. Lo bueno es que empezamos enseguida de que lleg\u00f3 este gobierno. Con la construcci\u00f3n de Dos Bocas as\u00ed como con la rehabilitaci\u00f3n de las refiner\u00edas\u201d<\/span><\/p>\n<\/blockquote>\n<p>&nbsp;<\/p>\n<p>&nbsp;<\/p>\n<p>&nbsp;<\/p>\n","protected":false},"excerpt":{"rendered":"<p>&nbsp; CIUDAD DE M\u00c9XICO. Roc\u00edo Nahle, titular de Energ\u00eda (Sener),\u00a0garantiz\u00f3 que el pr\u00f3ximo 1 de julio, la refiner\u00eda\u00a0Dos Bocas, producir\u00e1<\/p>\n","protected":false},"author":4,"featured_media":12353,"comment_status":"closed","ping_status":"closed","sticky":false,"template":"","format":"standard","meta":{"colormag_page_container_layout":"default_layout","colormag_page_sidebar_layout":"default_layout","_jetpack_memberships_contains_paid_content":false,"footnotes":"","jetpack_publicize_message":"","jetpack_publicize_feature_enabled":true,"jetpack_social_post_already_shared":true,"jetpack_social_options":{"image_generator_settings":{"template":"highway","default_image_id":0,"font":"","enabled":false},"version":2}},"categories":[4],"tags":[65,1073,163,162],"class_list":["post-12351","post","type-post","status-publish","format-standard","has-post-thumbnail","hentry","category-nacional","tag-andres-manuel-lopez-obrador","tag-combustible","tag-rocio-nahle","tag-sener"],"jetpack_publicize_connections":[],"jetpack_featured_media_url":"https:\/\/noticiasveracruz.com\/wp-content\/uploads\/2023\/01\/P-SENER-ROCIO-NAHLE-2.png","jetpack_sharing_enabled":true,"publishpress_future_action":{"enabled":false,"date":"2026-05-06 22:49:30","action":"change-status","newStatus":"draft","terms":[],"taxonomy":"category","extraData":[]},"publishpress_future_workflow_manual_trigger":{"enabledWorkflows":[]},"_links":{"self":[{"href":"https:\/\/noticiasveracruz.com\/index.php\/wp-json\/wp\/v2\/posts\/12351","targetHints":{"allow":["GET"]}}],"collection":[{"href":"https:\/\/noticiasveracruz.com\/index.php\/wp-json\/wp\/v2\/posts"}],"about":[{"href":"https:\/\/noticiasveracruz.com\/index.php\/wp-json\/wp\/v2\/types\/post"}],"author":[{"embeddable":true,"href":"https:\/\/noticiasveracruz.com\/index.php\/wp-json\/wp\/v2\/users\/4"}],"replies":[{"embeddable":true,"href":"https:\/\/noticiasveracruz.com\/index.php\/wp-json\/wp\/v2\/comments?post=12351"}],"version-history":[{"count":0,"href":"https:\/\/noticiasveracruz.com\/index.php\/wp-json\/wp\/v2\/posts\/12351\/revisions"}],"wp:featuredmedia":[{"embeddable":true,"href":"https:\/\/noticiasveracruz.com\/index.php\/wp-json\/wp\/v2\/media\/12353"}],"wp:attachment":[{"href":"https:\/\/noticiasveracruz.com\/index.php\/wp-json\/wp\/v2\/media?parent=12351"}],"wp:term":[{"taxonomy":"category","embeddable":true,"href":"https:\/\/noticiasveracruz.com\/index.php\/wp-json\/wp\/v2\/categories?post=12351"},{"taxonomy":"post_tag","embeddable":true,"href":"https:\/\/noticiasveracruz.com\/index.php\/wp-json\/wp\/v2\/tags?post=12351"}],"curies":[{"name":"wp","href":"https:\/\/api.w.org\/{rel}","templated":true}]}}