{"id":12284,"date":"2023-01-23T00:44:24","date_gmt":"2023-01-23T06:44:24","guid":{"rendered":"https:\/\/noticiasveracruz.com\/?p=12284"},"modified":"2023-01-23T00:44:24","modified_gmt":"2023-01-23T06:44:24","slug":"jauria-de-bandidos-tras-la-ministra-esquivel","status":"publish","type":"post","link":"https:\/\/noticiasveracruz.com\/index.php\/2023\/01\/23\/jauria-de-bandidos-tras-la-ministra-esquivel\/","title":{"rendered":"Jaur\u00eda de bandidos tras la ministra Esquivel"},"content":{"rendered":"<p class=\"p1\">\n<p>&nbsp;<\/p>\n<p class=\"p1\"><span style=\"font-size: 18pt;\"><b>Por Jos\u00e9 Lima Cobos<\/b><\/span><\/p>\n<p class=\"p1\"><span style=\"font-size: 14pt;\">Si alg\u00fan caso se ha procedido con tanta sa\u00f1a y perversidad extrema, no hay m\u00e1s que detenerse y ponderar el esc\u00e1ndalo que se ha armado en contra de<span class=\"Apple-converted-space\">\u00a0 <\/span>la ministra de la Suprema Corte de Justicia de la Naci\u00f3n, Yasm\u00edn Esquivel Mossa,- quien por cierto fue propuesta por el presidente L\u00f3pez Obrador-, y su pecado venial es el de haberse inscrito para aspirar a ocupar el cargo de presidente de ese poder, lo que fue m\u00e1s que suficiente<span class=\"Apple-converted-space\">\u00a0 <\/span>para que la jaur\u00eda de los aut\u00e9nticos bandidos se le fuera encima y pedir el peor de los castigos, solo porque el presidente hab\u00eda denunciado, p\u00fablicamente que hab\u00eda una clara pretensi\u00f3n de imponer a un integrante de la m\u00e1s alta corrupci\u00f3n que vivi\u00f3 el Sistema de Administraci\u00f3n Tributaria.<\/span><\/p>\n<p class=\"p1\"><span style=\"font-size: 14pt;\">No hay duda que la hipocres\u00eda se ensa\u00f1a y cobra venganza, sin mirar de quien se trate, si la consiga viene de los que han saqueado y expoliado o atracado con los bienes de la Naci\u00f3n y ahora, se pretende paralizar esa voracidad, sobre todos de los que controlan los medios de comunicaci\u00f3n y que se nutr\u00edan de la ubre estatal, es decir, de cochupos de todos los \u00f3rdenes y m\u00e1s de los grandes contratos y el tr\u00e1fico de influencias, o bien del crimen organizado al que tambi\u00e9n sirvieron, el caso de Loret de Mola, es elocuente.<\/span><\/p>\n<p>&nbsp;<\/p>\n<p><img loading=\"lazy\" decoding=\"async\" class=\"aligncenter wp-image-15341 size-large\" src=\"https:\/\/politicosaldesnudo.com.mx\/wp-content\/uploads\/2023\/01\/P-MINISTRA-ESQUIVEL-PRESIDENTE-1024x573.png\" alt=\"\" width=\"800\" height=\"448\" \/><\/p>\n<p>&nbsp;<\/p>\n<p class=\"p1\"><span style=\"font-size: 14pt;\"><span style=\"font-size: 18pt;\"><strong>Si<\/strong> <strong>bien el presidente L\u00f3pez Obrador ha querido detener la rapi\u00f1a, no podr\u00e1 lograrlo del todo pues la voracidad no tiene l\u00edmites y se prueba, cuando hay tres expresidentes que buscan refugio en Espa\u00f1a, pues siendo de ah\u00ed donde proviene la cultura de la corrupci\u00f3n, la protecci\u00f3n a quienes han servido a los grandes intereses<span class=\"Apple-converted-space\">\u00a0 <\/span>ah\u00ed<span class=\"Apple-converted-space\">\u00a0 <\/span>tienen su refugio, aunque tambi\u00e9n el gobierno de los Estados Unidos hace lo propio, si se analiza que su gran riqueza y poder proviene de los grandes cr\u00edmenes en que ha participado y auspiciado, alentando la miseria que se observa en los<span class=\"Apple-converted-space\">\u00a0 <\/span>pa\u00edses que ha explotado, no solo en Europa, si no en Am\u00e9rica.<\/strong><\/span><\/span><\/p>\n<p class=\"p1\"><span style=\"font-size: 14pt;\">Hablar con claridad, es provocar<span class=\"Apple-converted-space\">\u00a0 <\/span>el enojo de los que no quieren perder sus privilegios, salvo el caso de Garc\u00eda Luna que podr\u00e1 motivar que se abra la cloaca y se descubran las grandes complicidades,- aunque no creo que llegue a tanto- de gobiernos que primero lo llenan de elogios y ahora lo enjuician-, pues ya es p\u00fablico y notorio que si no se va a fondo, el contrabando<span class=\"Apple-converted-space\">\u00a0 <\/span>de todos los niveles- personas, armas, drogas , tr\u00e1fico de influencias, etc\u00e9tera- seguir\u00e1n increment\u00e1ndose los cr\u00edmenes<span class=\"Apple-converted-space\">\u00a0 <\/span>y el fentanilo, har\u00e1 su tarea en el pa\u00eds consumidor de todas las drogas.<\/span><\/p>\n<p>&nbsp;<\/p>\n<p class=\"p1\"><span style=\"font-size: 18pt; color: #e42d33;\"><b>CORRUPCI\u00d3N EN LA UNAM<\/b><\/span><\/p>\n<p class=\"p1\"><span style=\"font-size: 14pt;\">La simulaci\u00f3n con el caso de la ministra Esquivel es elocuente, pues en tanto las universidades- nido de corruptelas ostensible no se termine- nada pasar\u00e1, pues si bien no existe una reglamentaci\u00f3n clara y solo se vive en la autonom\u00eda universitaria para hacer y deshacer a su antojo con los recursos que le entrega la naci\u00f3n, nada cambiar\u00e1 porque en lugar de ubicarse en su contexto, se llega al cargo de rector por las complicidades, el caso del rector que dijo \u201clos ninis\u201d ni estudian ni trabajan, pero jam\u00e1s luch\u00f3 por evitar los ex\u00e1menes de admisi\u00f3n para que solo los que pudieran pagar, estudiaran.<\/span><\/p>\n<p class=\"p1\"><span style=\"font-size: 18pt;\"><strong>La Suprema Corte de Justicia no es la excepci\u00f3n, dado que se ubican ah\u00ed a quienes van a proteger intereses de los que est\u00e1n en la c\u00faspide de la corrupci\u00f3n, y tenemos una experiencia reciente, si se quiere observar en serio la limpieza generalizada, tendr\u00e1 que irse al fondo y no solo ver la epidermis de una tesis y con ella incendiar el mundo, pero nada se dice de Medina Mora o Guti\u00e9rrez Ortiz Mena, cuando el primero, viol\u00e1ndose el Art\u00edculo 95 de la Constituci\u00f3n Pol\u00edtica de M\u00e9xico, el presidente Pe\u00f1a lo lleva a la Suprema Corte y- no un reglamento en cuanto a una tesis profesional que no se ha probado que fue copiada-, o cuando existe una condena de la Corte Interamericana por violaci\u00f3n de mujeres con el aeropuerto de Atenco cuando fue<span class=\"Apple-converted-space\">\u00a0 <\/span>procurador de Fox, que eso si es grave, o que no resid\u00eda en el pa\u00eds cuando se les propuso, o lo peor, que tir\u00f3 la toalla o negoci\u00f3 para que dejara el cargo por indigno, al descubrirse por la unidad de inteligencia financiera los movimientos escandalosos<span class=\"Apple-converted-space\">\u00a0 <\/span>de recursos, producto de la corrupci\u00f3n.<\/strong><\/span><\/p>\n<p class=\"p1\"><span style=\"font-size: 14pt;\">Pero en el caso de Guti\u00e9rrez Ortiz Mena, que se le quiso imponer como presidente de esa Corte, sin ninguna trayectoria jur\u00eddica, cuando no sea el de haber condonando miles de millones de pesos a los grandes empresarios, que precisamente lo quer\u00edan ah\u00ed, para atracar el pa\u00eds como lo hab\u00eda propiciado, sin embargo, nos rasgamos las vestiduras y criminalizamos a una persona que,- ya se vi\u00f3- que <span class=\"Apple-converted-space\">\u00a0 <\/span>la encargada de tesis de la UNAM<span class=\"Apple-converted-space\">\u00a0 <\/span>tuvo en sus manos el proyecto de tesis que hizo la ministra un a\u00f1o antes<span class=\"Apple-converted-space\">\u00a0 <\/span>y que la entreg\u00f3 a otro joven para que se guiara, no para que la publicara \u00edntegramente, es decir, desestabilizar al<span class=\"Apple-converted-space\">\u00a0 <\/span>pa\u00eds es<span class=\"Apple-converted-space\">\u00a0 <\/span>la consigna<span class=\"Apple-converted-space\">\u00a0 <\/span>y los criminales se agarran de cualquier \u00e1rbol ardiendo, para alentar el esc\u00e1ndalo, as\u00ed tiene que verse esta cuesti\u00f3n que no es balad\u00ed sino que tiene fondo y esta profundo.<\/span><\/p>\n<p>&nbsp;<\/p>\n<hr \/>\n<p>&nbsp;<\/p>\n<p class=\"p2\"><strong><span style=\"font-size: 18pt;\">Correo: <a href=\"mailto:limacobos@hotmail.com\">limacobos@hotmail.com<\/a><\/span><\/strong><\/p>\n<p class=\"p2\"><strong><span style=\"font-size: 18pt;\">Twitter: <a href=\"https:\/\/twitter.com\/limacobos1\">@limacobos1<\/a><\/span><\/strong><\/p>\n<p>&nbsp;<\/p>\n<p><img loading=\"lazy\" decoding=\"async\" class=\"aligncenter wp-image-11449\" src=\"http:\/\/noticiasveracruz.com\/wp-content\/uploads\/2023\/01\/FIRMA-EDITORIAL-NV-300x37.png\" alt=\"\" width=\"1000\" height=\"122\" srcset=\"https:\/\/noticiasveracruz.com\/wp-content\/uploads\/2023\/01\/FIRMA-EDITORIAL-NV-300x37.png 300w, https:\/\/noticiasveracruz.com\/wp-content\/uploads\/2023\/01\/FIRMA-EDITORIAL-NV-1024x125.png 1024w, https:\/\/noticiasveracruz.com\/wp-content\/uploads\/2023\/01\/FIRMA-EDITORIAL-NV-768x94.png 768w, https:\/\/noticiasveracruz.com\/wp-content\/uploads\/2023\/01\/FIRMA-EDITORIAL-NV-1536x188.png 1536w, https:\/\/noticiasveracruz.com\/wp-content\/uploads\/2023\/01\/FIRMA-EDITORIAL-NV-2048x250.png 2048w\" sizes=\"auto, (max-width: 1000px) 100vw, 1000px\" \/><\/p>\n<p>&nbsp;<\/p>\n<p>&nbsp;<\/p>\n<p>&nbsp;<\/p>\n<p>&nbsp;<\/p>\n","protected":false},"excerpt":{"rendered":"<p>&nbsp; Por Jos\u00e9 Lima Cobos Si alg\u00fan caso se ha procedido con tanta sa\u00f1a y perversidad extrema, no hay m\u00e1s<\/p>\n","protected":false},"author":4,"featured_media":3425,"comment_status":"closed","ping_status":"closed","sticky":false,"template":"","format":"standard","meta":{"colormag_page_container_layout":"default_layout","colormag_page_sidebar_layout":"default_layout","_jetpack_memberships_contains_paid_content":false,"footnotes":"","jetpack_publicize_message":"","jetpack_publicize_feature_enabled":true,"jetpack_social_post_already_shared":true,"jetpack_social_options":{"image_generator_settings":{"template":"highway","default_image_id":0,"font":"","enabled":false},"version":2}},"categories":[6],"tags":[],"class_list":["post-12284","post","type-post","status-publish","format-standard","has-post-thumbnail","hentry","category-columnistas"],"jetpack_publicize_connections":[],"jetpack_featured_media_url":"https:\/\/noticiasveracruz.com\/wp-content\/uploads\/2022\/04\/NV-JOSE\u0301-LUIS-COBOS.png","jetpack_sharing_enabled":true,"publishpress_future_action":{"enabled":false,"date":"2026-05-07 13:08:19","action":"change-status","newStatus":"draft","terms":[],"taxonomy":"category","extraData":[]},"publishpress_future_workflow_manual_trigger":{"enabledWorkflows":[]},"_links":{"self":[{"href":"https:\/\/noticiasveracruz.com\/index.php\/wp-json\/wp\/v2\/posts\/12284","targetHints":{"allow":["GET"]}}],"collection":[{"href":"https:\/\/noticiasveracruz.com\/index.php\/wp-json\/wp\/v2\/posts"}],"about":[{"href":"https:\/\/noticiasveracruz.com\/index.php\/wp-json\/wp\/v2\/types\/post"}],"author":[{"embeddable":true,"href":"https:\/\/noticiasveracruz.com\/index.php\/wp-json\/wp\/v2\/users\/4"}],"replies":[{"embeddable":true,"href":"https:\/\/noticiasveracruz.com\/index.php\/wp-json\/wp\/v2\/comments?post=12284"}],"version-history":[{"count":0,"href":"https:\/\/noticiasveracruz.com\/index.php\/wp-json\/wp\/v2\/posts\/12284\/revisions"}],"wp:featuredmedia":[{"embeddable":true,"href":"https:\/\/noticiasveracruz.com\/index.php\/wp-json\/wp\/v2\/media\/3425"}],"wp:attachment":[{"href":"https:\/\/noticiasveracruz.com\/index.php\/wp-json\/wp\/v2\/media?parent=12284"}],"wp:term":[{"taxonomy":"category","embeddable":true,"href":"https:\/\/noticiasveracruz.com\/index.php\/wp-json\/wp\/v2\/categories?post=12284"},{"taxonomy":"post_tag","embeddable":true,"href":"https:\/\/noticiasveracruz.com\/index.php\/wp-json\/wp\/v2\/tags?post=12284"}],"curies":[{"name":"wp","href":"https:\/\/api.w.org\/{rel}","templated":true}]}}