{"id":12276,"date":"2023-01-23T00:27:26","date_gmt":"2023-01-23T06:27:26","guid":{"rendered":"https:\/\/noticiasveracruz.com\/?p=12276"},"modified":"2023-01-23T00:27:26","modified_gmt":"2023-01-23T06:27:26","slug":"las-bases-endebles-de-la-alianza-pri-pan-prd","status":"publish","type":"post","link":"https:\/\/noticiasveracruz.com\/index.php\/2023\/01\/23\/las-bases-endebles-de-la-alianza-pri-pan-prd\/","title":{"rendered":"Las bases endebles de la alianza PRI, PAN, PRD"},"content":{"rendered":"<p class=\"p1\">\n<p>&nbsp;<\/p>\n<p class=\"p1\"><span style=\"font-size: 18pt;\"><b>Por Jos\u00e9 Ure\u00f1a<\/b><\/span><\/p>\n<p class=\"p1\"><span style=\"font-size: 14pt;\">En el Estado de M\u00e9xico hay una precampa\u00f1a y dos campa\u00f1as. La precampa\u00f1a con todas las de la ley es de Alejandra del Moral, la inminente candidata de la alianza opositora del PRI, PAN y PRD.<\/span><\/p>\n<p class=\"p1\"><span style=\"font-size: 14pt;\">La primera campa\u00f1a sin tiempos de ley es de Delfina G\u00f3mez, quien se mueve con el aparato de Estado mientras desde Palacio Nacional se le tejen apoyos.<\/span><\/p>\n<p class=\"p1\"><span style=\"font-size: 14pt;\">Y la tercera campa\u00f1a, oculta y con resistencias, se da en el bando multipartidista conformado para enfrentar la estructura del poder federal. Centr\u00e9monos en \u00e9sta.<\/span><\/p>\n<p class=\"p1\"><span style=\"font-size: 14pt;\">En teor\u00eda la alianza se conform\u00f3 de manera s\u00f3lida con el aval de los tres dirigentes nacionales, Marko Cort\u00e9s, Alejandro Moreno Alito y Jes\u00fas Zambrano.<\/span><\/p>\n<p class=\"p1\"><span style=\"font-size: 14pt;\">Pero no se han superado las desconfianzas.<\/span><\/p>\n<p class=\"p1\"><span style=\"font-size: 14pt;\">Por el contrario, se han incrementado los hechos y las circunstancias, porque a juicio de algunos no se han cumplido los compromisos ni dado trato de iguales a las tres siglas.<\/span><\/p>\n<p class=\"p1\"><span style=\"font-size: 14pt;\">L\u00e1stima, porque los di\u00e1logos se hab\u00edan retomado en buenos t\u00e9rminos tras la iniciativa septembrina de la priista Yolanda de la Torre para mantener la militarizaci\u00f3n de la Guardia Nacional (GN) hasta 2028.<\/span><\/p>\n<p>&nbsp;<\/p>\n<p class=\"p1\"><span style=\"font-size: 18pt; color: #e42d33;\"><b>LAS RESISTENCIAS<\/b><\/span><\/p>\n<p class=\"p1\"><span style=\"font-size: 14pt;\">Aquello puso en riesgo la coalici\u00f3n. <\/span><span style=\"font-size: 14pt;\">Poco se habl\u00f3 de Coahuila, pero all\u00e1 el gobernador Miguel Riquelme concili\u00f3 para aglutinar respaldos de todo tipo hacia el aspirante a gobernador Manolo Jim\u00e9nez. <\/span><span style=\"font-size: 14pt;\">El morbo se centraba en el Estado de M\u00e9xico.<\/span><\/p>\n<p class=\"p1\"><span style=\"font-size: 14pt;\">Todos los analistas lo consideraban imposible. <\/span><span style=\"font-size: 14pt;\">-De ninguna manera -me dijo en octubre el dirigente priista Alejandro Moreno, Alito-. Tendremos un buen fin de a\u00f1o con mensajes de fuerza para cimentar esa unidad hacia el 2024. Y as\u00ed fue.<\/span><\/p>\n<p class=\"p1\"><span style=\"font-size: 14pt;\">Pero el d\u00eda del anuncio, el fin de semana a mitad de diciembre, hubo una reuni\u00f3n donde se establecieron los puntos finales de ese arreglo.<\/span><\/p>\n<p class=\"p1\"><span style=\"font-size: 14pt;\">As\u00ed salieron las c\u00fapulas para confirmar el entendimiento\u2026 con algunas salvedades: Marko Cort\u00e9s no concili\u00f3 con Alejandro Moreno y cambi\u00f3 las reglas.<\/span><\/p>\n<p class=\"p1\"><span style=\"font-size: 14pt;\">Al leerlas, Cort\u00e9s reparti\u00f3 los beneficios \u00fanicamente entre PRI y PAN: el primero pondr\u00eda los candidatos en Coahuila y Edomex y el segundo ser\u00eda mano para la Presidencia y la Jefatura de Gobierno.<\/span><\/p>\n<p class=\"p1\"><span style=\"font-size: 14pt;\">\u00bfY el PRD? Esto no gust\u00f3 a Jes\u00fas Zambrano, quien ahora trata de hacer valer los restos del perredismo porque, sostiene, sin sus votos no ganar\u00eda en ninguna elecci\u00f3n de 2023 y 2024. Por eso mide fuerzas\u2026 y resistencias.<\/span><\/p>\n<p>&nbsp;<\/p>\n<p class=\"p1\"><span style=\"font-size: 18pt; color: #e42d33;\"><b>LA SUPERVIVENCIA<\/b><\/span><\/p>\n<p class=\"p1\"><span style=\"font-size: 14pt;\">En otro frente se da otra lucha. <\/span><span style=\"font-size: 14pt;\">Silvano Aureoles hace campa\u00f1a a sabiendas de sus escasas posibilidades de competir por la candidatura para la Presidencia de la Rep\u00fablica.<\/span><\/p>\n<p class=\"p1\"><span style=\"font-size: 14pt;\">Y menos si, como pretende, Marko Cort\u00e9s se arroga el derecho exclusivo y se niega a un proceso abierto, democr\u00e1tico a poblaci\u00f3n abierta, para elegir un abanderado competitivo.<\/span><\/p>\n<p class=\"p1\"><span style=\"font-size: 14pt;\">Se lo piden inclusive panistas como el gobernador yucateco Mauricio Vila, quien propone estudiar m\u00e9todos para ir con opci\u00f3n de victoria y sin ego\u00edsmos partidistas.<\/span><\/p>\n<p class=\"p1\"><span style=\"font-size: 14pt;\">\u00bfA qu\u00e9 aspiran Silvano Aureoles, Graco Ram\u00edrez y Los Chuchos Jes\u00fas Ortega y Jes\u00fas Zambrano, por citar s\u00f3lo a algunos de los coincidentes en este empe\u00f1o?<\/span><\/p>\n<p class=\"p1\"><span style=\"font-size: 14pt;\">A mantener el registro del PRD con representaci\u00f3n en el Congreso de la Uni\u00f3n, senadores y diputados, y a compartir el poder en una gran alianza de Gobierno con todas las oposiciones, incluido Movimiento Ciudadano (MC). Bonita ilusi\u00f3n.<\/span><\/p>\n<p>&nbsp;<\/p>\n<hr \/>\n<p>&nbsp;<\/p>\n<p><img loading=\"lazy\" decoding=\"async\" class=\"aligncenter wp-image-11449\" src=\"http:\/\/noticiasveracruz.com\/wp-content\/uploads\/2023\/01\/FIRMA-EDITORIAL-NV-300x37.png\" alt=\"\" width=\"1000\" height=\"122\" srcset=\"https:\/\/noticiasveracruz.com\/wp-content\/uploads\/2023\/01\/FIRMA-EDITORIAL-NV-300x37.png 300w, https:\/\/noticiasveracruz.com\/wp-content\/uploads\/2023\/01\/FIRMA-EDITORIAL-NV-1024x125.png 1024w, https:\/\/noticiasveracruz.com\/wp-content\/uploads\/2023\/01\/FIRMA-EDITORIAL-NV-768x94.png 768w, https:\/\/noticiasveracruz.com\/wp-content\/uploads\/2023\/01\/FIRMA-EDITORIAL-NV-1536x188.png 1536w, https:\/\/noticiasveracruz.com\/wp-content\/uploads\/2023\/01\/FIRMA-EDITORIAL-NV-2048x250.png 2048w\" sizes=\"auto, (max-width: 1000px) 100vw, 1000px\" \/><\/p>\n<p>&nbsp;<\/p>\n<p>&nbsp;<\/p>\n<p>&nbsp;<\/p>\n<p>&nbsp;<\/p>\n<p>&nbsp;<\/p>\n<p>&nbsp;<\/p>\n<p>&nbsp;<\/p>\n","protected":false},"excerpt":{"rendered":"<p>&nbsp; Por Jos\u00e9 Ure\u00f1a En el Estado de M\u00e9xico hay una precampa\u00f1a y dos campa\u00f1as. La precampa\u00f1a con todas las<\/p>\n","protected":false},"author":4,"featured_media":3258,"comment_status":"closed","ping_status":"closed","sticky":false,"template":"","format":"standard","meta":{"colormag_page_container_layout":"default_layout","colormag_page_sidebar_layout":"default_layout","_jetpack_memberships_contains_paid_content":false,"footnotes":"","jetpack_publicize_message":"","jetpack_publicize_feature_enabled":true,"jetpack_social_post_already_shared":true,"jetpack_social_options":{"image_generator_settings":{"template":"highway","default_image_id":0,"font":"","enabled":false},"version":2}},"categories":[6],"tags":[],"class_list":["post-12276","post","type-post","status-publish","format-standard","has-post-thumbnail","hentry","category-columnistas"],"jetpack_publicize_connections":[],"jetpack_featured_media_url":"https:\/\/noticiasveracruz.com\/wp-content\/uploads\/2022\/04\/JOSE\u0301-UREN\u0303A.png","jetpack_sharing_enabled":true,"publishpress_future_action":{"enabled":false,"date":"2026-05-07 09:49:46","action":"change-status","newStatus":"draft","terms":[],"taxonomy":"category","extraData":[]},"publishpress_future_workflow_manual_trigger":{"enabledWorkflows":[]},"_links":{"self":[{"href":"https:\/\/noticiasveracruz.com\/index.php\/wp-json\/wp\/v2\/posts\/12276","targetHints":{"allow":["GET"]}}],"collection":[{"href":"https:\/\/noticiasveracruz.com\/index.php\/wp-json\/wp\/v2\/posts"}],"about":[{"href":"https:\/\/noticiasveracruz.com\/index.php\/wp-json\/wp\/v2\/types\/post"}],"author":[{"embeddable":true,"href":"https:\/\/noticiasveracruz.com\/index.php\/wp-json\/wp\/v2\/users\/4"}],"replies":[{"embeddable":true,"href":"https:\/\/noticiasveracruz.com\/index.php\/wp-json\/wp\/v2\/comments?post=12276"}],"version-history":[{"count":0,"href":"https:\/\/noticiasveracruz.com\/index.php\/wp-json\/wp\/v2\/posts\/12276\/revisions"}],"wp:featuredmedia":[{"embeddable":true,"href":"https:\/\/noticiasveracruz.com\/index.php\/wp-json\/wp\/v2\/media\/3258"}],"wp:attachment":[{"href":"https:\/\/noticiasveracruz.com\/index.php\/wp-json\/wp\/v2\/media?parent=12276"}],"wp:term":[{"taxonomy":"category","embeddable":true,"href":"https:\/\/noticiasveracruz.com\/index.php\/wp-json\/wp\/v2\/categories?post=12276"},{"taxonomy":"post_tag","embeddable":true,"href":"https:\/\/noticiasveracruz.com\/index.php\/wp-json\/wp\/v2\/tags?post=12276"}],"curies":[{"name":"wp","href":"https:\/\/api.w.org\/{rel}","templated":true}]}}