{"id":12274,"date":"2023-01-23T00:24:31","date_gmt":"2023-01-23T06:24:31","guid":{"rendered":"https:\/\/noticiasveracruz.com\/?p=12274"},"modified":"2023-01-23T00:24:31","modified_gmt":"2023-01-23T06:24:31","slug":"las-suposiciones-en-procesos-judiciales","status":"publish","type":"post","link":"https:\/\/noticiasveracruz.com\/index.php\/2023\/01\/23\/las-suposiciones-en-procesos-judiciales\/","title":{"rendered":"Las suposiciones en procesos judiciales"},"content":{"rendered":"<p>&nbsp;<\/p>\n<p>&nbsp;<\/p>\n<p class=\"p1\"><span style=\"font-size: 18pt;\"><b>Por Ricardo Homs <\/b><\/span><\/p>\n<p class=\"p1\"><span style=\"font-size: 14pt;\">Los procesos judiciales deben sustentarse en hechos comprobados y no en suposiciones subjetivas<span class=\"Apple-converted-space\">\u00a0 <\/span>respecto a lo que pudo ser. <\/span><\/p>\n<p class=\"p1\"><span style=\"font-size: 14pt;\">Por ello llama la atenci\u00f3n que la fiscal\u00eda de la Ciudad de M\u00e9xico, -a cargo de Ernestina Godoy-, haya dado entrada a un caso escandaloso por la falta de pruebas contundentes y sustentado m\u00e1s bien en suposiciones. <\/span><span style=\"font-size: 14pt;\">Es la denuncia que hizo el empresario Jos\u00e9 Mar\u00eda Riob\u00f3o en contra de su nuera, -Mar\u00eda Isabel Cal y Mayor-, por la muerte de su hijo Rodrigo Riob\u00f3o Talayero, fallecido en Espa\u00f1a en 2019 a los 39 a\u00f1os de edad. A ella la acusa de homicidio, en calidad de \u201cparentesco calificado\u201d.<\/span><\/p>\n<p class=\"p1\"><span style=\"font-size: 14pt;\">La primera suposici\u00f3n que consta en los documentos de la fiscal\u00eda de la CDMX, es que su suegro la acusa de haberse casado con su hijo para \u201chacerse del patrimonio\u201d de Rodrigo.<\/span><\/p>\n<p class=\"p1\"><span style=\"font-size: 14pt;\">Dif\u00edcil es comprobar unas intenciones tan \u00edntimas a no ser que ella lo hubiese escrito y firmado o declarado ante una autoridad.<\/span><\/p>\n<p class=\"p1\"><span style=\"font-size: 14pt;\">A eso se a\u00f1ade que ella se hizo cargo de suministrar las medicinas que tomaba su esposo y se encarg\u00f3 de darle dosis mayores que las que necesitaba. Primero podr\u00edamos preguntarnos \u00bfc\u00f3mo se comprueba eso?<\/span><\/p>\n<p class=\"p1\"><span style=\"font-size: 14pt;\">Recordemos que las medicinas de hoy son de Patente y vienen envasadas y la dosis est\u00e1 descrita en la receta del m\u00e9dico. Un adulto con educaci\u00f3n y preparaci\u00f3n acad\u00e9mica \u00bfno conoc\u00eda la receta?&#8230; \u00bfDepend\u00eda de ella como para no administrar su propio consumo?<\/span><\/p>\n<p class=\"p1\"><span style=\"font-size: 14pt;\">Tambi\u00e9n acusa que ella lo indujo a fumar, consumir alcohol y consumir comida chatarra, lo cual acab\u00f3 con \u00e9l.<\/span><\/p>\n<p class=\"p1\"><span style=\"font-size: 14pt;\">Esto victimiza al difunto Rodrigo Riob\u00f3o al grado de presentarlo como un ser desvalido, dependiente y sin el m\u00ednimo car\u00e1cter, equivalente a un ni\u00f1o peque\u00f1o y no a un adulto mayor de 30 a\u00f1os que por lo menos es consciente de los h\u00e1bitos que adquiere.<\/span><\/p>\n<p class=\"p1\"><span style=\"font-size: 14pt;\">En realidad, lo que est\u00e1 en juego es la herencia de Rodrigo Riob\u00f3o, que ahora es reclamada por su padre, sin tomar en cuenta la existencia de dos hijos del fallecido.<\/span><\/p>\n<p class=\"p1\"><span style=\"font-size: 14pt;\">No podemos defender a la acusada sin conocerla, ni siquiera por referencias que avalen su calidad moral. Tambi\u00e9n hay que mencionar la existencia de otros hechos incluidos en la demanda, que sin embargo, tampoco son vinculantes legalmente con la intenci\u00f3n de homicidio, aunque pudiesen considerarse irresponsabilidad compartida entre ambos esposos. <\/span><\/p>\n<p class=\"p1\"><span style=\"font-size: 14pt;\">Sin embargo, es totalmente reprochable la ligereza de las autoridades de la Ciudad de M\u00e9xico que aceptan iniciar un procedimiento jur\u00eddico que no respeta los m\u00ednimos requerimientos que exige el derecho penal mexicano, que son las pruebas contundentes.<\/span><\/p>\n<p class=\"p1\"><span style=\"font-size: 14pt;\">Lo escandaloso no es que un padre dolido por la muerte del hijo busque culpar a quien fue su nuera, -con suposiciones y argumentos totalmente subjetivos a falta de pruebas contundentes-, sino que la autoridad le de entrada y solicite sea aprehendida.<\/span><\/p>\n<p class=\"p1\"><span style=\"font-size: 14pt;\">Si el fallecimiento no hubiese sucedido en Espa\u00f1a, -donde la pareja de esposos radicaba junto con sus hijos-, y por tanto, el gobierno espa\u00f1ol se haya negado a realizar la extradici\u00f3n solicitada por el gobierno mexicano por falta de pruebas, entonces ella ya estar\u00eda en la c\u00e1rcel.<\/span><\/p>\n<p class=\"p1\"><span style=\"font-size: 14pt;\">Seguramente esto no hubiese pasado el primer filtro judicial con una acusaci\u00f3n tan grave como homicidio, a no ser por dos circunstancias fundamentales.<\/span><\/p>\n<p class=\"p1\"><span style=\"font-size: 14pt;\">Primeramente, Jos\u00e9 Mar\u00eda Riob\u00f3o es un importante empresario de la construcci\u00f3n involucrado en la realizaci\u00f3n de todas las obras emblem\u00e1ticas impulsadas por el presidente L\u00f3pez Obrador. <\/span><\/p>\n<p class=\"p1\"><span style=\"font-size: 14pt;\">\u00c9l fue quien le meti\u00f3 en la cabeza al presidente cancelar la construcci\u00f3n del aeropuerto de Texcoco y realizar uno nuevo, que es el Aeropuerto Felipe \u00c1ngeles, AIFA.<\/span><\/p>\n<p class=\"p1\"><span style=\"font-size: 14pt;\">Adem\u00e1s, amigo muy cercano del presidente desde que fue jefe de gobierno de la Ciudad de M\u00e9xico y su constructor de confianza.<\/span><\/p>\n<p class=\"p1\"><span style=\"font-size: 14pt;\">A esto le a\u00f1adimos otra importante circunstancia: es el esposo de la ministra de la Suprema Corte de Justicia de la Naci\u00f3n, -Yasm\u00edn Esquivel-, hoy cuestionada por la autor\u00eda de la tesis con la que obtuvo la licenciatura en derecho, requisito fundamental para obtener el alto cargo que hoy tiene.<\/span><\/p>\n<p class=\"p1\"><span style=\"font-size: 14pt;\">Entrando ya en el juego de las suposiciones y el \u201csospechosismo\u201d, todo parece indicar un posible intercambio de favores entre la jefa de gobierno de la Ciudad de M\u00e9xico, -y principal candidata presidencial Claudia Sheinbaum-, con la ministra Yasm\u00edn Esquivel. <\/span><\/p>\n<p class=\"p1\"><span style=\"font-size: 14pt;\">Debo reconocer que esta posible alianza o intercambio de favores entre tres grandes protagonistas del acontecer nacional es una simple y vaga suposici\u00f3n, sin el m\u00ednimo fundamento, pero juzgue usted lector bajo su propio riesgo a equivocarse. A final de cuentas estamos en el pa\u00eds de las suposiciones.<\/span><\/p>\n<p class=\"p1\"><span style=\"font-size: 14pt;\">Por simple casualidad este caso nos recuerda la querella del fiscal Alejandro Gertz Manero contra la mujer de su hermano Federico, la se\u00f1ora Laura Mor\u00e1n y su hija Alejandra Cuevas Mor\u00e1n, a quienes tambi\u00e9n acus\u00f3 de homicidio por no haber cuidado a su hermano durante su convalecencia, aunque hubiese equipo m\u00e9dico de planta a su cargo y la se\u00f1ora tuviese m\u00e1s de 85 a\u00f1os de edad cuando sucedieron esos hechos. Sin embargo, no obstante que la pareja conformada por do\u00f1a Laura y don Federico viviesen solos como pareja, -aunque con servidumbre y enfermeros de planta-, a quien encarcel\u00f3 el fiscal Gertz Manero fue a la hija de do\u00f1a Laura, de nombre Alejandra Cuevas Mor\u00e1n, a quien tuvo en prisi\u00f3n durante a\u00f1o y medio con la complicidad de autoridades judiciales, hasta que fue insostenible la injusticia y un juez la liber\u00f3.<\/span><\/p>\n<p class=\"p1\"><span style=\"font-size: 14pt;\">El fondo de este esc\u00e1ndalo tambi\u00e9n fue la disputa por la herencia de Federico.<\/span><\/p>\n<p class=\"p1\"><span style=\"font-size: 14pt;\">Estos casos dejan mal parado a nuestro sistema de impartici\u00f3n de justicia, pues si en estos niveles de visibilidad medi\u00e1tica se cometen esos abusos con complicidad de autoridades, \u00bfQu\u00e9 no estar\u00e1 pasando en el \u00e1mbito del ciudadano an\u00f3nimo y vulnerable?\u00a0<\/span><\/p>\n<p>&nbsp;<\/p>\n<p class=\"p1\"><span style=\"font-size: 18pt;\"><strong>\u00bfA usted qu\u00e9 le parece?<\/strong><\/span><\/p>\n<p>&nbsp;<\/p>\n<hr \/>\n<p>&nbsp;<\/p>\n<p class=\"p1\"><span style=\"font-size: 18pt;\"><strong>Facebook:<a href=\"https:\/\/www.facebook.com\/Ricardo.Homs1\">@Ricardo.Homs1<\/a><\/strong><\/span><\/p>\n<p class=\"p1\"><span style=\"font-size: 18pt;\"><strong>Twitter:\u00a0<\/strong><a href=\"https:\/\/twitter.com\/homsricardo\"><strong>@homsricardo<\/strong><\/a><\/span><\/p>\n<p class=\"p1\"><span style=\"font-size: 18pt;\"><strong>Linkedin:\u00a0<a href=\"https:\/\/www.linkedin.com\/in\/ricardo-homs-3920449\/?originalSubdomain=mx\">RicardoHoms<\/a><\/strong><\/span><\/p>\n<p class=\"p1\"><span style=\"font-size: 18pt;\"><a href=\"https:\/\/ricardohoms.com\/\"><strong>www.ricardohoms.com<\/strong><\/a><\/span><\/p>\n<p>&nbsp;<\/p>\n<p><img loading=\"lazy\" decoding=\"async\" class=\"aligncenter wp-image-11449\" src=\"http:\/\/noticiasveracruz.com\/wp-content\/uploads\/2023\/01\/FIRMA-EDITORIAL-NV-300x37.png\" alt=\"\" width=\"1000\" height=\"122\" srcset=\"https:\/\/noticiasveracruz.com\/wp-content\/uploads\/2023\/01\/FIRMA-EDITORIAL-NV-300x37.png 300w, https:\/\/noticiasveracruz.com\/wp-content\/uploads\/2023\/01\/FIRMA-EDITORIAL-NV-1024x125.png 1024w, https:\/\/noticiasveracruz.com\/wp-content\/uploads\/2023\/01\/FIRMA-EDITORIAL-NV-768x94.png 768w, https:\/\/noticiasveracruz.com\/wp-content\/uploads\/2023\/01\/FIRMA-EDITORIAL-NV-1536x188.png 1536w, https:\/\/noticiasveracruz.com\/wp-content\/uploads\/2023\/01\/FIRMA-EDITORIAL-NV-2048x250.png 2048w\" sizes=\"auto, (max-width: 1000px) 100vw, 1000px\" \/><\/p>\n<p>&nbsp;<\/p>\n<p>&nbsp;<\/p>\n<p>&nbsp;<\/p>\n<p>&nbsp;<\/p>\n<p>&nbsp;<\/p>\n<p>&nbsp;<\/p>\n<p>&nbsp;<\/p>\n<p>&nbsp;<\/p>\n","protected":false},"excerpt":{"rendered":"<p>&nbsp; &nbsp; Por Ricardo Homs Los procesos judiciales deben sustentarse en hechos comprobados y no en suposiciones subjetivas\u00a0 respecto a<\/p>\n","protected":false},"author":4,"featured_media":3190,"comment_status":"closed","ping_status":"closed","sticky":false,"template":"","format":"standard","meta":{"colormag_page_container_layout":"default_layout","colormag_page_sidebar_layout":"default_layout","_jetpack_memberships_contains_paid_content":false,"footnotes":"","jetpack_publicize_message":"","jetpack_publicize_feature_enabled":true,"jetpack_social_post_already_shared":true,"jetpack_social_options":{"image_generator_settings":{"template":"highway","default_image_id":0,"font":"","enabled":false},"version":2}},"categories":[6],"tags":[],"class_list":["post-12274","post","type-post","status-publish","format-standard","has-post-thumbnail","hentry","category-columnistas"],"jetpack_publicize_connections":[],"jetpack_featured_media_url":"https:\/\/noticiasveracruz.com\/wp-content\/uploads\/2022\/04\/NV-RICARDO-HOMS.png","jetpack_sharing_enabled":true,"publishpress_future_action":{"enabled":false,"date":"2026-05-07 10:37:41","action":"change-status","newStatus":"draft","terms":[],"taxonomy":"category","extraData":[]},"publishpress_future_workflow_manual_trigger":{"enabledWorkflows":[]},"_links":{"self":[{"href":"https:\/\/noticiasveracruz.com\/index.php\/wp-json\/wp\/v2\/posts\/12274","targetHints":{"allow":["GET"]}}],"collection":[{"href":"https:\/\/noticiasveracruz.com\/index.php\/wp-json\/wp\/v2\/posts"}],"about":[{"href":"https:\/\/noticiasveracruz.com\/index.php\/wp-json\/wp\/v2\/types\/post"}],"author":[{"embeddable":true,"href":"https:\/\/noticiasveracruz.com\/index.php\/wp-json\/wp\/v2\/users\/4"}],"replies":[{"embeddable":true,"href":"https:\/\/noticiasveracruz.com\/index.php\/wp-json\/wp\/v2\/comments?post=12274"}],"version-history":[{"count":0,"href":"https:\/\/noticiasveracruz.com\/index.php\/wp-json\/wp\/v2\/posts\/12274\/revisions"}],"wp:featuredmedia":[{"embeddable":true,"href":"https:\/\/noticiasveracruz.com\/index.php\/wp-json\/wp\/v2\/media\/3190"}],"wp:attachment":[{"href":"https:\/\/noticiasveracruz.com\/index.php\/wp-json\/wp\/v2\/media?parent=12274"}],"wp:term":[{"taxonomy":"category","embeddable":true,"href":"https:\/\/noticiasveracruz.com\/index.php\/wp-json\/wp\/v2\/categories?post=12274"},{"taxonomy":"post_tag","embeddable":true,"href":"https:\/\/noticiasveracruz.com\/index.php\/wp-json\/wp\/v2\/tags?post=12274"}],"curies":[{"name":"wp","href":"https:\/\/api.w.org\/{rel}","templated":true}]}}