{"id":12239,"date":"2023-01-20T21:00:39","date_gmt":"2023-01-21T03:00:39","guid":{"rendered":"https:\/\/noticiasveracruz.com\/?p=12239"},"modified":"2023-01-20T21:13:58","modified_gmt":"2023-01-21T03:13:58","slug":"inauguran-obra-jose-manuel-pozos-queremos-que-la-ensenanza-se-de-en-aulas-dignas","status":"publish","type":"post","link":"https:\/\/noticiasveracruz.com\/index.php\/2023\/01\/20\/inauguran-obra-jose-manuel-pozos-queremos-que-la-ensenanza-se-de-en-aulas-dignas\/","title":{"rendered":"Inauguran obra, Jos\u00e9 Manuel Pozos: \u201cqueremos que la ense\u00f1anza se d\u00e9 en aulas dignas\u201d"},"content":{"rendered":"<p>&nbsp;<\/p>\n<p class=\"p1\"><span style=\"font-size: 14pt;\"><em><strong>TUXPAN, VERACRUZ.\u00a0<\/strong><\/em>Para beneficiar a estudiantes en la <strong>Escuela Secundaria Emiliano Zapata<\/strong> de la comunidad Aire Libre, el <\/span><span style=\"font-size: 14pt;\"><strong>Gobierno de Tuxpan<\/strong> <strong>inaugura un aula<\/strong> que brindar\u00e1 comodidad en clases.\u00a0<\/span><\/p>\n<p class=\"p1\"><span style=\"font-size: 18pt; color: #e42d33;\"><strong>La obra se realiz\u00f3 con una inversi\u00f3n de 674 mil 762 pesos emanados del Fondo de Aportaciones para la Infraestructura Social Municipal y de las Demarcaciones Territoriales del Distrito Federal del Ejercicio Fiscal 2022.<\/strong><\/span><\/p>\n<p class=\"p1\"><span style=\"font-size: 18pt;\"><strong>El alcalde de Tuxpan, Jos\u00e9 Manuel Pozos Castro se\u00f1al\u00f3 que su gobierno le apuesta a la educaci\u00f3n, ya que todos los integrantes del Cabildo est\u00e1n conscientes de que la mejor inversi\u00f3n que se puede hacer es en los ni\u00f1os y en los j\u00f3venes: \u201cpor eso queremos que la ense\u00f1anza se d\u00e9 en aulas dignas y modernas\u201d.<\/strong><\/span><\/p>\n<p>&nbsp;<\/p>\n<blockquote>\n<p class=\"p1\"><span style=\"font-size: 14pt;\">Hoy debo reconocer a mis compa\u00f1eros de Cabildo, porque nos comprometimos a llevar la justicia social a las comunidades rurales m\u00e1s apartadas, a los lugares m\u00e1s necesitados\u201d<\/span><\/p>\n<\/blockquote>\n<p>&nbsp;<\/p>\n<p><img loading=\"lazy\" decoding=\"async\" class=\"aligncenter wp-image-15289 size-large\" src=\"https:\/\/politicosaldesnudo.com.mx\/wp-content\/uploads\/2023\/01\/P-AULA-TUXPAN-3-1-1024x573.png\" alt=\"\" width=\"800\" height=\"448\" \/><\/p>\n<p>&nbsp;<\/p>\n<blockquote>\n<p class=\"p1\"><span style=\"font-size: 14pt;\">La educaci\u00f3n siempre ha sido y ser\u00e1 piedra angular del desarrollo personal y de las grandes transformaciones sociales que hoy vivimos\u201d<\/span><\/p>\n<\/blockquote>\n<p>&nbsp;<\/p>\n<p><img loading=\"lazy\" decoding=\"async\" class=\"aligncenter wp-image-15290 size-large\" src=\"https:\/\/politicosaldesnudo.com.mx\/wp-content\/uploads\/2023\/01\/P-AULA-TUXPAN-4-1-1024x573.png\" alt=\"\" width=\"800\" height=\"448\" \/><\/p>\n<p>&nbsp;<\/p>\n<p class=\"p1\"><span style=\"font-size: 18pt; color: #e42d33;\"><strong>Destac\u00f3 Jos\u00e9 Manuel Pozos que el compromiso de su administraci\u00f3n es mejorar la infraestructura de las escuelas del municipio y darles certeza jur\u00eddica, apoy\u00e1ndolas en el proceso de escrituraci\u00f3n, lo que se est\u00e1 logrando gracias al respaldo del gobernador Cuitl\u00e1huac Garc\u00eda Jim\u00e9nez.<\/strong><\/span><\/p>\n<p class=\"p1\"><span style=\"font-size: 18pt;\"><strong>El mandatario Jos\u00e9 Manuel Pozos agradeci\u00f3 a los directivos de las escuelas, a los maestros, padres de familia y autoridades ejidales, que han apoyado para que los planteles se regularicen y con ello avanzar en el combate al rezago social, ya que existen escuelas que tienen m\u00e1s de 20 a\u00f1os sin tener escrituras. <\/strong><\/span><\/p>\n<p class=\"p1\"><span style=\"font-size: 14pt;\">Por su parte, el Prof. Baldomero P\u00e9rez Garc\u00eda dio la bienvenida a las autoridades municipales: \u201cAl personal directivo, docente y padres de familia nos llena de regocijo recibirlos, agradecemos su valiosa ayuda por construir obras que transforman y dejan huella. Hoy su gobierno trabaja con sentido humano, m\u00e1s justo, y m\u00e1s cercano a la gente\u201d.<\/span><\/p>\n<p>&nbsp;<\/p>\n<p><img loading=\"lazy\" decoding=\"async\" class=\"aligncenter wp-image-15288 size-large\" src=\"https:\/\/politicosaldesnudo.com.mx\/wp-content\/uploads\/2023\/01\/P-AULA-TUXPAN-2-1-1024x573.png\" alt=\"\" width=\"800\" height=\"448\" \/><\/p>\n<p>&nbsp;<\/p>\n<p class=\"p1\"><span style=\"font-size: 14pt;\">La presidenta del Comit\u00e9 de Contralor\u00eda Social, Soraida Cer\u00f3n Rosas, agradeci\u00f3 -a nombre de los vecinos- al Alcalde y al resto del Cabildo por la construcci\u00f3n de este sal\u00f3n de clases: \u201cLo que ve\u00edamos muy lejos de tener, hoy es una realidad, por a\u00f1os lo gestionamos y hasta hoy su gobierno nos ha otorgado este gran progreso\u201d.<\/span><\/p>\n<p class=\"p1\"><span style=\"font-size: 14pt;\">Posterior al corte de list\u00f3n, las autoridades municipales conocieron la nueva aula que permitir\u00e1 que los estudiantes tomen clases en plena comodidad.<\/span><\/p>\n<p class=\"p1\"><span style=\"font-size: 14pt;\">A la inauguraci\u00f3n asistieron Jes\u00fas Carballo Serrano, director de Desarrollo Social; Pedro Espinoza P\u00e9rez, director de Obras P\u00fablicas; directores y coordinadores de las diferentes \u00e1reas del Ayuntamiento. <\/span><\/p>\n<p class=\"p1\"><span style=\"font-size: 14pt;\">De igual manera estuvieron presentes las regidoras y regidores Amado Guti\u00e9rrez Lima, Mar\u00eda del Pilar Mart\u00ednez Matesanz, Anah\u00ed Aguilar L\u00f3pez, Juan G\u00f3mez Garc\u00eda, Lucero Res\u00e9ndis Ambrocio, Axel Bernal Herrera y Luciano Folgueras Pioli, as\u00ed como directivos, docentes, padres de familia y estudiantes de la secundaria Emiliano Zapata; y Juan C\u00e1rdenas Baltazar, Agente Municipal de Aire Libre.<\/span><\/p>\n<p>&nbsp;<\/p>\n<p>&nbsp;<\/p>\n<p>&nbsp;<\/p>\n","protected":false},"excerpt":{"rendered":"<p>&nbsp; TUXPAN, VERACRUZ.\u00a0Para beneficiar a estudiantes en la Escuela Secundaria Emiliano Zapata de la comunidad Aire Libre, el Gobierno de<\/p>\n","protected":false},"author":4,"featured_media":12240,"comment_status":"closed","ping_status":"closed","sticky":false,"template":"","format":"standard","meta":{"colormag_page_container_layout":"default_layout","colormag_page_sidebar_layout":"default_layout","_jetpack_memberships_contains_paid_content":false,"footnotes":"","jetpack_publicize_message":"","jetpack_publicize_feature_enabled":true,"jetpack_social_post_already_shared":true,"jetpack_social_options":{"image_generator_settings":{"template":"highway","default_image_id":0,"font":"","enabled":false},"version":2}},"categories":[356],"tags":[1977,701,72,73],"class_list":["post-12239","post","type-post","status-publish","format-standard","has-post-thumbnail","hentry","category-veracruz","tag-aula","tag-jose-manuel-pozos","tag-tuxpan","tag-veracruz"],"jetpack_publicize_connections":[],"jetpack_featured_media_url":"https:\/\/noticiasveracruz.com\/wp-content\/uploads\/2023\/01\/P-AULA-TUXPAN-1-1.png","jetpack_sharing_enabled":true,"publishpress_future_action":{"enabled":false,"date":"2026-05-10 05:41:41","action":"change-status","newStatus":"draft","terms":[],"taxonomy":"category","extraData":[]},"publishpress_future_workflow_manual_trigger":{"enabledWorkflows":[]},"_links":{"self":[{"href":"https:\/\/noticiasveracruz.com\/index.php\/wp-json\/wp\/v2\/posts\/12239","targetHints":{"allow":["GET"]}}],"collection":[{"href":"https:\/\/noticiasveracruz.com\/index.php\/wp-json\/wp\/v2\/posts"}],"about":[{"href":"https:\/\/noticiasveracruz.com\/index.php\/wp-json\/wp\/v2\/types\/post"}],"author":[{"embeddable":true,"href":"https:\/\/noticiasveracruz.com\/index.php\/wp-json\/wp\/v2\/users\/4"}],"replies":[{"embeddable":true,"href":"https:\/\/noticiasveracruz.com\/index.php\/wp-json\/wp\/v2\/comments?post=12239"}],"version-history":[{"count":0,"href":"https:\/\/noticiasveracruz.com\/index.php\/wp-json\/wp\/v2\/posts\/12239\/revisions"}],"wp:featuredmedia":[{"embeddable":true,"href":"https:\/\/noticiasveracruz.com\/index.php\/wp-json\/wp\/v2\/media\/12240"}],"wp:attachment":[{"href":"https:\/\/noticiasveracruz.com\/index.php\/wp-json\/wp\/v2\/media?parent=12239"}],"wp:term":[{"taxonomy":"category","embeddable":true,"href":"https:\/\/noticiasveracruz.com\/index.php\/wp-json\/wp\/v2\/categories?post=12239"},{"taxonomy":"post_tag","embeddable":true,"href":"https:\/\/noticiasveracruz.com\/index.php\/wp-json\/wp\/v2\/tags?post=12239"}],"curies":[{"name":"wp","href":"https:\/\/api.w.org\/{rel}","templated":true}]}}