{"id":12234,"date":"2023-01-20T12:07:56","date_gmt":"2023-01-20T18:07:56","guid":{"rendered":"https:\/\/noticiasveracruz.com\/?p=12234"},"modified":"2023-01-20T12:08:32","modified_gmt":"2023-01-20T18:08:32","slug":"si-xochitl-fuera-de-morena","status":"publish","type":"post","link":"https:\/\/noticiasveracruz.com\/index.php\/2023\/01\/20\/si-xochitl-fuera-de-morena\/","title":{"rendered":"Si X\u00f3chitl fuera de Morena"},"content":{"rendered":"<p>&nbsp;<\/p>\n<p class=\"p1\"><span style=\"font-size: 18pt;\"><strong>Por Jos\u00e9 Garc\u00eda S\u00e1nchez<\/strong><\/span><\/p>\n<p class=\"p1\"><span style=\"font-size: 18pt;\"><strong>Si una legisladora de Morena, del PT o del Partido Verde pidiera hablar con el Presidente en la Conferencia Matutina, m\u00e1s de un opositor argumentar\u00eda que se coarta la libertad de expresi\u00f3n, porque es un espacio dedicado a los periodistas.<\/strong><\/span><\/p>\n<p class=\"p1\"><span style=\"font-size: 14pt;\">De inmediato la artiller\u00eda del senado se iniciar\u00eda el coro de gritos, estridencias e insultos y se interpondr\u00eda una demanda por coartar la libertad de expresi\u00f3n y argumentar\u00eda que se le resta espacios a la prensa. La c\u00fapula de los partidos de oposici\u00f3n viajar\u00eda a la OEA a denunciar que una legisladora del partido en el poder tiene la osad\u00eda de pedir audiencia al Presidente en un tiempo dedicado \u00fanica y exclusivamente a los periodistas, lo cual implica el principio de una dictadura y anuncia el cierre de medios de comunicaci\u00f3n, as\u00ed como la explicaci\u00f3n de la muerte de los comunicadores.<\/span><\/p>\n<p class=\"p1\"><span style=\"font-size: 18pt; color: #e42d33;\"><strong>La legisladora ser\u00eda vilipendiada, se le buscar\u00eda si tiene c\u00e9dula profesional y si naci\u00f3 donde dice que naci\u00f3 y si se ha divorciado o tiene hijos fuera del matrimonio. Una vez realizada esta tarea por <em>Latinus<\/em> y sus secuaces, se le consignar\u00eda como inquisidora por censurar el tiempo de los periodistas que cuentan con tan pocas oportunidades de expresar sus ideas, de manifestar sus cr\u00edticas, de retar a la autoridad, de rega\u00f1ar al Presidente y de exhibirse como opositores.<\/strong><\/span><\/p>\n<p class=\"p1\"><span style=\"font-size: 18pt;\"><strong>Las redes sociales hubieran sido abarrotadas de bots con una gran variedad de adjetivos y se\u00f1alando a la legisladora como una amenaza para la libertad de los periodistas, incluso c\u00f3mplice de lo asesinato de periodistas.<\/strong><\/span><\/p>\n<p class=\"p1\"><span style=\"font-size: 14pt;\">Una diputada, m\u00e1s cercanas a la Inquisici\u00f3n que la democracia le entregar\u00edan una carta personalmente al Papa para que excomulgara a la legisladora que tanto da\u00f1o hace a la libertad de expresi\u00f3n del pa\u00eds.<\/span><\/p>\n<p><img loading=\"lazy\" decoding=\"async\" class=\"aligncenter wp-image-15283 size-large\" src=\"https:\/\/politicosaldesnudo.com.mx\/wp-content\/uploads\/2023\/01\/P-XOCHIYL-GALVEZ-DINOSAURIO-1024x573.png\" alt=\"\" width=\"800\" height=\"448\" \/><\/p>\n<p>&nbsp;<\/p>\n<p class=\"p1\"><span style=\"font-size: 18pt;\"><strong>Desde otro flanco pedir\u00edan la conclusi\u00f3n de las ma\u00f1aneras porque ning\u00fan legislador, de ning\u00fan partido pol\u00edtico, tiene derecho a arrebatarle a los periodistas mexicanos los espacios para expresar sus sentimientos y resentimientos.<\/strong><\/span><\/p>\n<p class=\"p1\"><span style=\"font-size: 14pt;\">No faltar\u00eda la opositora que argumentara que el sacrosanto ejercicio del periodismo se est\u00e1 judicializando porque es a trav\u00e9s de una orden judicial que el Presidente accede a tender a una senadora.<\/span><\/p>\n<p class=\"p1\"><span style=\"font-size: 18pt;\"><strong>Si X\u00f3chitl G\u00e1lvez fuera de Morena ya estar\u00edan las panistas diciendo que s\u00f3lo quiere promoverse para ocupar cargos de elecci\u00f3n popular y que ellas encabezan las encuestas al cualquier puesto de elecci\u00f3n popular al que ella quiera llegar.<\/strong><\/span><\/p>\n<p class=\"p1\"><span style=\"font-size: 14pt;\">Ahora que es X\u00f3chitl quien quiere replicar algo al presidente dela rep\u00fablica los simpatizantes de Morena est\u00e1n expectantes, no sin un dejo de morbo, y los opositores quieren ver sangre ante la sed de venganza que les caracteriza. Acostumbrados al Coliseo Romano, que no han podido superar, quieren que hasta mentadas haya en ese encuentro que levanta la moral de la oposici\u00f3n y convoca a los morenistas a un circo y no precisamente romano.<\/span><\/p>\n<p class=\"p1\"><span style=\"font-size: 18pt; color: #e42d33;\"><strong>Pero por fortuna X\u00f3chitl est\u00e1 lejos de cualquier puesto serio de decisiones y s\u00f3lo mostrar\u00e1 un blus\u00f3n nuevo, una carpeta repleta de documentos y un acento franc\u00e9s de Tula, y un vocabulario de Alvarado.<\/strong><\/span><\/p>\n<p class=\"p1\"><span style=\"font-size: 18pt;\"><strong>No pasar\u00e1 de ser una an\u00e9cdota m\u00e1s de las muchas que forman parte del repertorio del surrealismo involuntario de la risa f\u00e1cil, de la improvisaci\u00f3n que muestran los aprendices de comedia del PAN. Si esto sigue con esas visitas la transmisi\u00f3n de las ma\u00f1aneras deber\u00e1 tener risas grabadas.<\/strong><\/span><\/p>\n<p>&nbsp;<\/p>\n<hr \/>\n<p>&nbsp;<\/p>\n<p><span style=\"font-size: 18pt;\"><strong>Twitter:\u00a0<a href=\"https:\/\/twitter.com\/Josangasa3\">@Josangasa3<\/a><\/strong><\/span><\/p>\n<p>&nbsp;<\/p>\n<p><img loading=\"lazy\" decoding=\"async\" class=\"aligncenter wp-image-11449\" src=\"http:\/\/noticiasveracruz.com\/wp-content\/uploads\/2023\/01\/FIRMA-EDITORIAL-NV-300x37.png\" alt=\"\" width=\"1000\" height=\"122\" srcset=\"https:\/\/noticiasveracruz.com\/wp-content\/uploads\/2023\/01\/FIRMA-EDITORIAL-NV-300x37.png 300w, https:\/\/noticiasveracruz.com\/wp-content\/uploads\/2023\/01\/FIRMA-EDITORIAL-NV-1024x125.png 1024w, https:\/\/noticiasveracruz.com\/wp-content\/uploads\/2023\/01\/FIRMA-EDITORIAL-NV-768x94.png 768w, https:\/\/noticiasveracruz.com\/wp-content\/uploads\/2023\/01\/FIRMA-EDITORIAL-NV-1536x188.png 1536w, https:\/\/noticiasveracruz.com\/wp-content\/uploads\/2023\/01\/FIRMA-EDITORIAL-NV-2048x250.png 2048w\" sizes=\"auto, (max-width: 1000px) 100vw, 1000px\" \/><\/p>\n<p>&nbsp;<\/p>\n<p>&nbsp;<\/p>\n<p>&nbsp;<\/p>\n<p>&nbsp;<\/p>\n","protected":false},"excerpt":{"rendered":"<p>&nbsp; Por Jos\u00e9 Garc\u00eda S\u00e1nchez Si una legisladora de Morena, del PT o del Partido Verde pidiera hablar con el<\/p>\n","protected":false},"author":4,"featured_media":3183,"comment_status":"closed","ping_status":"closed","sticky":false,"template":"","format":"standard","meta":{"colormag_page_container_layout":"default_layout","colormag_page_sidebar_layout":"default_layout","_jetpack_memberships_contains_paid_content":false,"footnotes":"","jetpack_publicize_message":"","jetpack_publicize_feature_enabled":true,"jetpack_social_post_already_shared":true,"jetpack_social_options":{"image_generator_settings":{"template":"highway","default_image_id":0,"font":"","enabled":false},"version":2}},"categories":[6],"tags":[65,2014,84,254,2013,2012],"class_list":["post-12234","post","type-post","status-publish","format-standard","has-post-thumbnail","hentry","category-columnistas","tag-andres-manuel-lopez-obrador","tag-conferencia-matutina","tag-morena","tag-presidente","tag-xochitl","tag-xochitl-galvez"],"jetpack_publicize_connections":[],"jetpack_featured_media_url":"https:\/\/noticiasveracruz.com\/wp-content\/uploads\/2022\/04\/NV-JOSE\u0301-GARCI\u0301A.png","jetpack_sharing_enabled":true,"publishpress_future_action":{"enabled":false,"date":"2026-05-10 07:52:18","action":"change-status","newStatus":"draft","terms":[],"taxonomy":"category","extraData":[]},"publishpress_future_workflow_manual_trigger":{"enabledWorkflows":[]},"_links":{"self":[{"href":"https:\/\/noticiasveracruz.com\/index.php\/wp-json\/wp\/v2\/posts\/12234","targetHints":{"allow":["GET"]}}],"collection":[{"href":"https:\/\/noticiasveracruz.com\/index.php\/wp-json\/wp\/v2\/posts"}],"about":[{"href":"https:\/\/noticiasveracruz.com\/index.php\/wp-json\/wp\/v2\/types\/post"}],"author":[{"embeddable":true,"href":"https:\/\/noticiasveracruz.com\/index.php\/wp-json\/wp\/v2\/users\/4"}],"replies":[{"embeddable":true,"href":"https:\/\/noticiasveracruz.com\/index.php\/wp-json\/wp\/v2\/comments?post=12234"}],"version-history":[{"count":0,"href":"https:\/\/noticiasveracruz.com\/index.php\/wp-json\/wp\/v2\/posts\/12234\/revisions"}],"wp:featuredmedia":[{"embeddable":true,"href":"https:\/\/noticiasveracruz.com\/index.php\/wp-json\/wp\/v2\/media\/3183"}],"wp:attachment":[{"href":"https:\/\/noticiasveracruz.com\/index.php\/wp-json\/wp\/v2\/media?parent=12234"}],"wp:term":[{"taxonomy":"category","embeddable":true,"href":"https:\/\/noticiasveracruz.com\/index.php\/wp-json\/wp\/v2\/categories?post=12234"},{"taxonomy":"post_tag","embeddable":true,"href":"https:\/\/noticiasveracruz.com\/index.php\/wp-json\/wp\/v2\/tags?post=12234"}],"curies":[{"name":"wp","href":"https:\/\/api.w.org\/{rel}","templated":true}]}}