{"id":12131,"date":"2023-01-17T21:15:54","date_gmt":"2023-01-18T03:15:54","guid":{"rendered":"https:\/\/noticiasveracruz.com\/?p=12131"},"modified":"2023-01-18T17:35:09","modified_gmt":"2023-01-18T23:35:09","slug":"inicia-en-tuxpan-la-brigada-municipal-para-la-promocion-de-la-lectura-y-la-educacion","status":"publish","type":"post","link":"https:\/\/noticiasveracruz.com\/index.php\/2023\/01\/17\/inicia-en-tuxpan-la-brigada-municipal-para-la-promocion-de-la-lectura-y-la-educacion\/","title":{"rendered":"Inicia en Tuxpan la Brigada Municipal para la Promoci\u00f3n de la Lectura y la Educaci\u00f3n"},"content":{"rendered":"<p class=\"p2\">\n<p>&nbsp;<\/p>\n<p class=\"p2\" style=\"text-align: center;\"><span style=\"font-size: 18pt;\"><strong>&lt;&lt; La Profesora Julia Jim\u00e9nez Torres y la presidenta del DIF Tuxpan, Pamela Morales Huesca, estuvieron presentes en esta actividad &gt;&gt;<\/strong><\/span><\/p>\n<p>&nbsp;<\/p>\n<p>&nbsp;<\/p>\n<p class=\"p2\"><span style=\"font-size: 14pt;\"><em><strong>TUXPAN, VERACRUZ.<\/strong> <\/em>En la escuela Primaria Estatal \u00darsulo Galv\u00e1n da <strong>comienzo a la Brigada Municipal para la Promoci\u00f3n de la Lectura y la Educaci\u00f3n<\/strong> del Municipio de Tuxpan.<\/span><\/p>\n<p class=\"p2\"><span style=\"font-size: 18pt;\"><strong>En el evento se cont\u00f3 con la presencia de la Profesora Julia Jim\u00e9nez Torres, Promotora de la Lectura y la Cultura \u201cMujeres Insurgentes\u201d; la Mtra. Lili M\u00e1rquez Pineda, coordinadora estatal del Programa Espa\u00f1ol para Todos, de la SEV, y la presidenta del DIF Tuxpan, Pamela Morales Huesca.<\/strong><\/span><\/p>\n<p><img loading=\"lazy\" decoding=\"async\" class=\"aligncenter wp-image-15172 size-large\" src=\"https:\/\/politicosaldesnudo.com.mx\/wp-content\/uploads\/2023\/01\/P-BRIGADA-LECTURA-1-1024x573.png\" alt=\"\" width=\"800\" height=\"448\" \/><\/p>\n<p>&nbsp;<\/p>\n<p class=\"p2\"><span style=\"font-size: 18pt; color: #e42d33;\"><strong>Los ni\u00f1os realizaron varias actividades en la presencia de sus padres, en busca de fomentar el gusto por la lectura con un enfoque familiar.<\/strong><\/span><\/p>\n<p>&nbsp;<\/p>\n<p><img loading=\"lazy\" decoding=\"async\" class=\"aligncenter wp-image-15175 size-large\" src=\"https:\/\/politicosaldesnudo.com.mx\/wp-content\/uploads\/2023\/01\/P-BRIGADA-LECTURA-4-1024x573.png\" alt=\"\" width=\"800\" height=\"448\" \/><\/p>\n<p>&nbsp;<\/p>\n<p class=\"p2\"><span style=\"font-size: 18pt; color: #e42d33;\"><strong>Un momento especial fue la declamaci\u00f3n del poema de Netzahualc\u00f3yotl en N\u00e1huatl, adem\u00e1s de las actividades recreativas por parte de la Direcci\u00f3n General de Actividades Art\u00edsticas de la SEV y de la Direcci\u00f3n de Educaci\u00f3n F\u00edsica Estatal y Federal.\u00a0<\/strong><\/span><\/p>\n<p class=\"p2\"><span style=\"font-size: 18pt;\"><strong>A estos talleres de la Brigada Municipal asistieron representantes de los municipios de Ixhuatl\u00e1n de Madero, Plat\u00f3n S\u00e1nchez, Tancoco, Zacualpan, Ozuluama y \u00c1lamo.<\/strong><\/span><\/p>\n<p>&nbsp;<\/p>\n<p><img loading=\"lazy\" decoding=\"async\" class=\"aligncenter wp-image-15173 size-large\" src=\"https:\/\/politicosaldesnudo.com.mx\/wp-content\/uploads\/2023\/01\/P-BRIGADA-LECTURA-2-1024x573.png\" alt=\"\" width=\"800\" height=\"448\" \/><\/p>\n<p>&nbsp;<\/p>\n<p class=\"p2\"><span style=\"font-size: 18pt;\"><strong>En este evento participaron 18 direcciones, coordinaciones y dependencias del gobierno de Veracruz.<\/strong><\/span><\/p>\n<p class=\"p2\"><span style=\"font-size: 14pt;\">Posterior al acto protocolario se realizaron los talleres para padres y en las aulas los ni\u00f1os realizaron actividades para el fomento de la lectura.<\/span><\/p>\n<p class=\"p2\"><span style=\"font-size: 14pt;\">Tambi\u00e9n estuvieron presentes el director de Educaci\u00f3n, Jorge Arturo Garc\u00eda Robles; el director de Cultura, Israel Luna Osorio; el secretario t\u00e9cnico del Ayuntamiento, Daniel Cortina Mart\u00ednez; y Rafaela D\u00edaz Rivera, coordinadora del Programa de Distribuci\u00f3n de Libros de Texto gratuito.<\/span><\/p>\n<p>&nbsp;<\/p>\n<p><img loading=\"lazy\" decoding=\"async\" class=\"aligncenter wp-image-15177 size-full\" src=\"https:\/\/politicosaldesnudo.com.mx\/wp-content\/uploads\/2023\/01\/P-BRIGADA-LECTURA-5.jpeg\" alt=\"\" width=\"1280\" height=\"522\" \/><\/p>\n<p>&nbsp;<\/p>\n<p>&nbsp;<\/p>\n","protected":false},"excerpt":{"rendered":"<p>&nbsp; &lt;&lt; La Profesora Julia Jim\u00e9nez Torres y la presidenta del DIF Tuxpan, Pamela Morales Huesca, estuvieron presentes en esta<\/p>\n","protected":false},"author":4,"featured_media":12134,"comment_status":"closed","ping_status":"closed","sticky":false,"template":"","format":"standard","meta":{"colormag_page_container_layout":"default_layout","colormag_page_sidebar_layout":"default_layout","_jetpack_memberships_contains_paid_content":false,"footnotes":"","jetpack_publicize_message":"","jetpack_publicize_feature_enabled":true,"jetpack_social_post_already_shared":true,"jetpack_social_options":{"image_generator_settings":{"template":"highway","default_image_id":0,"font":"","enabled":false},"version":2}},"categories":[356],"tags":[1042,1678,1585,585,1778,72,73],"class_list":["post-12131","post","type-post","status-publish","format-standard","has-post-thumbnail","hentry","category-veracruz","tag-dif-tuxpan","tag-educacion","tag-lectura","tag-ninos","tag-pamela-morales","tag-tuxpan","tag-veracruz"],"jetpack_publicize_connections":[],"jetpack_featured_media_url":"https:\/\/noticiasveracruz.com\/wp-content\/uploads\/2023\/01\/P-BRIGADA-LECTURA-3.png","jetpack_sharing_enabled":true,"publishpress_future_action":{"enabled":false,"date":"2026-05-06 20:45:21","action":"change-status","newStatus":"draft","terms":[],"taxonomy":"category","extraData":[]},"publishpress_future_workflow_manual_trigger":{"enabledWorkflows":[]},"_links":{"self":[{"href":"https:\/\/noticiasveracruz.com\/index.php\/wp-json\/wp\/v2\/posts\/12131","targetHints":{"allow":["GET"]}}],"collection":[{"href":"https:\/\/noticiasveracruz.com\/index.php\/wp-json\/wp\/v2\/posts"}],"about":[{"href":"https:\/\/noticiasveracruz.com\/index.php\/wp-json\/wp\/v2\/types\/post"}],"author":[{"embeddable":true,"href":"https:\/\/noticiasveracruz.com\/index.php\/wp-json\/wp\/v2\/users\/4"}],"replies":[{"embeddable":true,"href":"https:\/\/noticiasveracruz.com\/index.php\/wp-json\/wp\/v2\/comments?post=12131"}],"version-history":[{"count":0,"href":"https:\/\/noticiasveracruz.com\/index.php\/wp-json\/wp\/v2\/posts\/12131\/revisions"}],"wp:featuredmedia":[{"embeddable":true,"href":"https:\/\/noticiasveracruz.com\/index.php\/wp-json\/wp\/v2\/media\/12134"}],"wp:attachment":[{"href":"https:\/\/noticiasveracruz.com\/index.php\/wp-json\/wp\/v2\/media?parent=12131"}],"wp:term":[{"taxonomy":"category","embeddable":true,"href":"https:\/\/noticiasveracruz.com\/index.php\/wp-json\/wp\/v2\/categories?post=12131"},{"taxonomy":"post_tag","embeddable":true,"href":"https:\/\/noticiasveracruz.com\/index.php\/wp-json\/wp\/v2\/tags?post=12131"}],"curies":[{"name":"wp","href":"https:\/\/api.w.org\/{rel}","templated":true}]}}