{"id":12102,"date":"2023-01-17T17:53:34","date_gmt":"2023-01-17T23:53:34","guid":{"rendered":"https:\/\/noticiasveracruz.com\/?p=12102"},"modified":"2023-01-17T17:53:34","modified_gmt":"2023-01-17T23:53:34","slug":"son-65-6-millones-de-mexicanos-los-que-no-cuentan-con-seguridad-social-zoe-robledo","status":"publish","type":"post","link":"https:\/\/noticiasveracruz.com\/index.php\/2023\/01\/17\/son-65-6-millones-de-mexicanos-los-que-no-cuentan-con-seguridad-social-zoe-robledo\/","title":{"rendered":"Son 65.6 millones de mexicanos los que no cuentan con Seguridad Social: Zo\u00e9 Robledo"},"content":{"rendered":"<p>&nbsp;<\/p>\n<p class=\"p1\"><span style=\"font-size: 14pt;\"><em><strong>CIUDAD DE M\u00c9XICO.<\/strong> <\/em>De acuerdo con cifras del INEGI la poblaci\u00f3n sin Seguridad Social en el pa\u00eds es de 65.6 millones de personas, de estos son <strong>11 millones 678 mil 723 los que ya se atienen en el IMSS-Bienestar<\/strong>, as\u00ed lo dio a conocer Zo\u00e9 Robledo, director General del IMSS.<\/span><\/p>\n<p class=\"p1\"><span style=\"font-size: 18pt;\"><strong>En la conferencia ma\u00f1anera, Zo\u00e9 Robledo present\u00f3 los avances en la implementaci\u00f3n del Plan de Salud IMSS-Bienestar, hizo saber que 22 millones 370 mil 329 personas se atienen en servicios estatales de salud, y 31 millones 555 mil 355 permanecen sin afiliaci\u00f3n a servicios de salud.<\/strong><\/span><\/p>\n<p class=\"p1\"><span style=\"font-size: 18pt; color: #e42d33;\"><strong>Zo\u00e9 Robledo, director General del IMSS, se\u00f1al\u00f3 que la meta es alcanzar esos 65 millones de personas y el avance al cierre de 2022 era del 33%, gracias a la poblaci\u00f3n que se atienen en los nueve estados donde ya se implementa el programa.<\/strong><\/span><\/p>\n<p>&nbsp;<\/p>\n<p><img loading=\"lazy\" decoding=\"async\" class=\"aligncenter wp-image-15138 size-large\" src=\"https:\/\/politicosaldesnudo.com.mx\/wp-content\/uploads\/2023\/01\/P-IMSS-DERECHOHABIENTES-2-1024x573.png\" alt=\"\" width=\"800\" height=\"448\" \/><\/p>\n<p>&nbsp;<\/p>\n<p class=\"p1\"><span style=\"font-size: 18pt;\"><strong>As\u00ed, Zo\u00e9 Robledo adelant\u00f3 que el plan para el primer trimestre de 2023 es llegar a ocho estados m\u00e1s: Michoac\u00e1n, Morelos, Oaxaca, San Luis Potos\u00ed, Zacatecas, Hidalgo, Quintana Roo y Tamaulipas, con los que se llegar\u00eda a 8 millones de personas m\u00e1s, para un total de 31.5 millones de mexicanos.<\/strong><\/span><\/p>\n<p class=\"p1\"><span style=\"font-size: 18pt;\"><strong>Para el segundo trimestre del 2023 se busca llevar el programa a Tabasco, Chiapas, Baja California y Ciudad de M\u00e9xico, para brindar atenci\u00f3n a 8.7 millones de personas m\u00e1s y un total de 40.3 millones y el avance del 61% en la meta.<\/strong><\/span><\/p>\n<p class=\"p1\"><span style=\"font-size: 14pt;\">Indic\u00f3 el titular del IMSS que falta que definan su ingreso al plan Puebla y Aguascalientes, mientras que en el Estado de M\u00e9xico y en Coahuila se esperar\u00e1 a que concluyan los procesos electorales.<\/span><\/p>\n<p class=\"p1\"><span style=\"font-size: 14pt;\">Adem\u00e1s avanz\u00f3 que son siete estados han manifestado no querer federalizar sus servicios de salud: Durango, Yucat\u00e1n, Chihuahua, Jalisco, Nuevo Le\u00f3n, Guanajuato y Quer\u00e9taro. As\u00ed en <\/span><span style=\"font-size: 14pt;\">estas entidades se les transferir\u00e1n sus participaciones correspondientes.<\/span><\/p>\n<p>&nbsp;<\/p>\n<p><span style=\"font-size: 18pt; color: #e42d33;\"><strong>M\u00c1S DOCTORES<\/strong><\/span><\/p>\n<p class=\"p1\"><span style=\"font-size: 18pt;\"><strong>En otro asunto, Zo\u00e9 Robledo inform\u00f3 que el 27 de enero arribar\u00e1n al pa\u00eds 127 m\u00e9dicos especialistas desde Cuba, que laborar\u00e1n en hospitales de 12 entidades del pa\u00eds.<\/strong><\/span><\/p>\n<p class=\"p1\"><span style=\"font-size: 14pt;\">Dijo que con ello se llegar\u00e1 a la conclusi\u00f3n de una primera etapa en cuanto a servicios m\u00e9dicos cubanos, pero el proyecto ser\u00e1 ampliado.<\/span><\/p>\n<p class=\"p1\"><span style=\"font-size: 14pt;\">Zo\u00e9 Robledo dijo que en total hay 610 m\u00e9dicos especialistas cubanos laborando en M\u00e9xico, principalmente en medicina interna, pediatr\u00eda, cirug\u00eda general y medicina familiar.<\/span><\/p>\n<p class=\"p1\"><span style=\"font-size: 18pt;\"><strong>En cuanto a la convocatoria para contratar m\u00e9dicos generales y personal de enfermer\u00eda, que inici\u00f3 el 3 de enero y concluye este d\u00eda, dijo que se han recibido 18 mil 483 solicitudes en los seis estados donde se cuenta con vacantes: Sonora, Sinaloa, Nayarit, Colima, Michoac\u00e1n y Veracruz.<\/strong><\/span><\/p>\n<p>&nbsp;<\/p>\n<p>&nbsp;<\/p>\n<p>&nbsp;<\/p>\n<p>&nbsp;<\/p>\n<p>&nbsp;<\/p>\n","protected":false},"excerpt":{"rendered":"<p>&nbsp; CIUDAD DE M\u00c9XICO. De acuerdo con cifras del INEGI la poblaci\u00f3n sin Seguridad Social en el pa\u00eds es de<\/p>\n","protected":false},"author":4,"featured_media":12103,"comment_status":"closed","ping_status":"closed","sticky":false,"template":"","format":"standard","meta":{"colormag_page_container_layout":"default_layout","colormag_page_sidebar_layout":"default_layout","_jetpack_memberships_contains_paid_content":false,"footnotes":"","jetpack_publicize_message":"","jetpack_publicize_feature_enabled":true,"jetpack_social_post_already_shared":true,"jetpack_social_options":{"image_generator_settings":{"template":"highway","default_image_id":0,"font":"","enabled":false},"version":2}},"categories":[4],"tags":[1993,349,1109,566],"class_list":["post-12102","post","type-post","status-publish","format-standard","has-post-thumbnail","hentry","category-nacional","tag-derechohabiente","tag-imss","tag-imss-bienestar","tag-zoe-robledo"],"jetpack_publicize_connections":[],"jetpack_featured_media_url":"https:\/\/noticiasveracruz.com\/wp-content\/uploads\/2023\/01\/P-IMSS-DERECHOHABIENTES-1.png","jetpack_sharing_enabled":true,"publishpress_future_action":{"enabled":false,"date":"2026-05-06 19:12:48","action":"change-status","newStatus":"draft","terms":[],"taxonomy":"category","extraData":[]},"publishpress_future_workflow_manual_trigger":{"enabledWorkflows":[]},"_links":{"self":[{"href":"https:\/\/noticiasveracruz.com\/index.php\/wp-json\/wp\/v2\/posts\/12102","targetHints":{"allow":["GET"]}}],"collection":[{"href":"https:\/\/noticiasveracruz.com\/index.php\/wp-json\/wp\/v2\/posts"}],"about":[{"href":"https:\/\/noticiasveracruz.com\/index.php\/wp-json\/wp\/v2\/types\/post"}],"author":[{"embeddable":true,"href":"https:\/\/noticiasveracruz.com\/index.php\/wp-json\/wp\/v2\/users\/4"}],"replies":[{"embeddable":true,"href":"https:\/\/noticiasveracruz.com\/index.php\/wp-json\/wp\/v2\/comments?post=12102"}],"version-history":[{"count":0,"href":"https:\/\/noticiasveracruz.com\/index.php\/wp-json\/wp\/v2\/posts\/12102\/revisions"}],"wp:featuredmedia":[{"embeddable":true,"href":"https:\/\/noticiasveracruz.com\/index.php\/wp-json\/wp\/v2\/media\/12103"}],"wp:attachment":[{"href":"https:\/\/noticiasveracruz.com\/index.php\/wp-json\/wp\/v2\/media?parent=12102"}],"wp:term":[{"taxonomy":"category","embeddable":true,"href":"https:\/\/noticiasveracruz.com\/index.php\/wp-json\/wp\/v2\/categories?post=12102"},{"taxonomy":"post_tag","embeddable":true,"href":"https:\/\/noticiasveracruz.com\/index.php\/wp-json\/wp\/v2\/tags?post=12102"}],"curies":[{"name":"wp","href":"https:\/\/api.w.org\/{rel}","templated":true}]}}