{"id":12100,"date":"2023-01-17T05:30:45","date_gmt":"2023-01-17T11:30:45","guid":{"rendered":"https:\/\/noticiasveracruz.com\/?p=12100"},"modified":"2023-01-17T14:39:50","modified_gmt":"2023-01-17T20:39:50","slug":"los-tres-migueles","status":"publish","type":"post","link":"https:\/\/noticiasveracruz.com\/index.php\/2023\/01\/17\/los-tres-migueles\/","title":{"rendered":"Los Tres Migueles"},"content":{"rendered":"<p>&nbsp;<\/p>\n<p>&nbsp;<\/p>\n<p class=\"p1\" style=\"text-align: center;\"><span style=\"font-size: 18pt;\"><strong>&lt;&lt; Miguel L\u00f3pez Azuara, Miguel \u00c1ngel Granados Chapa y Miguel Reyes Razo &gt;&gt;<\/strong><\/span><\/p>\n<p class=\"p1\" style=\"text-align: center;\"><span style=\"font-size: 18pt;\"><strong>&lt;&lt; Recuerdos de la visita de Fidel Castro Ruz a Tuxpan &gt;&gt;<\/strong><\/span><\/p>\n<p class=\"p1\" style=\"text-align: center;\"><span style=\"font-size: 18pt;\"><strong>&lt;&lt; \u201cYo estaba a su lado don Fernando Guti\u00e9rrez Barrios\u201d &gt;&gt;<\/strong><\/span><\/p>\n<p>&nbsp;<\/p>\n<p class=\"p1\"><span style=\"font-size: 18pt;\"><strong>Por Miguel \u00c1ngel Cristiani Gonz\u00e1lez<\/strong><\/span><\/p>\n<p class=\"p1\"><span style=\"font-size: 14pt;\">Miguel Reyes Razo pertenece al grupo de periodistas -que posiblemente sin propon\u00e9rselo- ha sido maestro para muchos comunicadores y por fortuna sigue escribiendo sus extraordinarios trabajos de cr\u00f3nica, actualmente en las p\u00e1ginas del peri\u00f3dico El Sol de M\u00e9xico.<\/span><\/p>\n<p class=\"p1\"><span style=\"font-size: 14pt;\">Hace unos d\u00edas acaba de publicar una columna en la que se recuerda la visita de Fidel Castro a Tuxpan, la cual cubri\u00f3 como reportero de primera plana. Ah\u00ed hace reconocimiento a otros grandes periodistas del diario Excelsior de Julio Scherer. Por lo que compartimos lo que acaba de rememorar:<\/span><\/p>\n<p class=\"p1\"><span style=\"font-size: 14pt;\">Aquel diciembre de 1988 la calurosa Tuxpan viv\u00eda uno de sus grandes, inolvidables-hist\u00f3ricos d\u00edas. Cuna de eminente pensador -te\u00f3rico sin par de la pol\u00edtica mexicana- Jes\u00fas Reyes Heroles era orgulloso terru\u00f1o del periodista Miguel L\u00f3pez Azuara prominente formador del diario Excelsior, cercan\u00edsimo a discutido Julio Scherer Garc\u00eda. Este confi\u00f3 la l\u00ednea editorial del peri\u00f3dico en \u00abLos Migueles\u00bb.<\/span><\/p>\n<p class=\"p1\"><span style=\"font-size: 14pt;\">Uno Miguel L\u00f3pez Azuara. Miguel \u00c1ngel Granados Chapa el segundo. Trio que se enriquec\u00eda con Vicente Le\u00f1ero. Su ilusi\u00f3n -ambici\u00f3n- era una. Realizar, a diario, un gran periodismo. Calidad en la verdad. Finura en el Juicio. Cultura a raudales. El Exc\u00e9lsior de aquel grupo provoc\u00f3 celo y envidia de diarios acartonados, polvorientos y medrosos. Dio a luz a reporteros j\u00f3venes que segu\u00edan la huella de Scherer y sus leales. El 8 de Julio de 1976 muy juntos abandonaron-para siempre-sus oficinas de Paseo de la Reforma 18.<\/span><\/p>\n<p class=\"p1\"><span style=\"font-size: 14pt;\">Ma\u00f1ana luminosa la de los primeros d\u00edas de diciembre de 1988. Calor asfixiante, jirones de risas, fragmentos de conversaciones. Atm\u00f3sfera de gran suceso. La muchedumbre lo espera. El gent\u00edo lo propicia. Poco a poco se construye la trascendencia. Los que se encuentran se saludan y coinciden:<\/span><\/p>\n<p class=\"p1\"><span style=\"font-size: 14pt;\">\u00abEs que de aqu\u00ed sali\u00f3 la expedici\u00f3n de Fidel&#8230;<\/span><\/p>\n<p class=\"p1\"><span style=\"font-size: 14pt;\">\u00abEn el \u00abGranma\u00bb&#8230;<\/span><\/p>\n<p class=\"p1\"><span style=\"font-size: 14pt;\">\u00abAll\u00e1 est\u00e1 la reproducci\u00f3n del barco que zarp\u00f3 con unos ochenta y tantos&#8230; \u00abQue-dicen-el general L\u00e1zaro C\u00e1rdenas ayud\u00f3 a comprar&#8230;. \u00abY tambi\u00e9n que consigui\u00f3 terrenos y sitios para entrenamiento y preparaci\u00f3n de los guerrilleros cubanos\u2026. \u00abFidel Castro lo recibi\u00f3 como gran aliado en La Habana&#8230; \u00abAll\u00e1 lo quieren bien al general C\u00e1rdenas. Quiso ir a defender esa revoluci\u00f3n cuando la invasi\u00f3n a Playa Gir\u00f3n. Lo de Bah\u00eda de Cochinos&#8230; \u00abAdolfo L\u00f3pez Mateos le impidi\u00f3 salir de M\u00e9xico&#8230; \u00abMucha historia de la Revoluci\u00f3n Cubana, del 26 de Julio est\u00e1 aqu\u00ed. En M\u00e9xico. En el DF y en Tuxpan\u00bb.<\/span><\/p>\n<p class=\"p1\"><span style=\"font-size: 14pt;\">Por aqu\u00ed, por all\u00e1, acull\u00e1 los guarda- espaldas, los protectores, los responsables de la seguridad de Fidel Castro Calculan distancias; las comprueban. Distinguen las rutas que cumplir\u00e1; se anticipan. Penetran, taladran casi el horizonte; lo despejan. Verifican \u00e1rboles y muros. Vigilantes de diversa edad y complexi\u00f3n. Silenciosos miran sin expresi\u00f3n. Se desplazan sin aspavientos. \u00c1giles, h\u00e1biles, felinos casi. A su hora ser\u00e1n muro circular de varios bloques. Discretos, corregir\u00e1n la apenas perceptible arruga en la fina guerrera del Comandante Castro Ruz. Tela cosida para obedecer los movimientos del hombre de elevada estatura y notable corpulencia.<\/span><\/p>\n<p class=\"p1\"><span style=\"font-size: 14pt;\">Y comienza a hablar. Y se api\u00f1a la multitud. Se produce el silencio que abre la puerta al gran acontecimiento. Personas deseosas de escuchar al revolucionario que ret\u00f3 a Washington y estuvo en un tris de provocar \u00abLa Tercera Guerra Mundial&#8230; Una Guerra Nuclear\u00bb en la crisis de los cohetes sovi\u00e9ticos en Octubre de 1962. Theodore Sorensen -consejero especial del Presidente Kennedy-narra que cuando el conflicto ces\u00f3 \u00abJohn y Bob Kennedy se abrazaron y dijeron: \u00abEsta quincena desquitamos la paga\u00bb. \u00abAll\u00e1 en Cuba -dec\u00eda Fidel-examinamos mucho la conveniencia de venir a M\u00e9xico. Nosotros tenemos una gran. deuda con este pa\u00eds hermano.<\/span><\/p>\n<p class=\"p1\"><span style=\"font-size: 14pt;\">Estuve ah\u00ed. Lo vi. Escuch\u00e9 a Fidel&#8230; Yo estaba a su lado don Fernando Guti\u00e9rrez Barrios. Flamante secretario de Gobernaci\u00f3n. No le dio tiempo de vaciar su oficina de gobernador de Veracruz. Platican los dos hombres. Aire de gran confianza los envuelve. Dejan de lado tieso protocolo. Los guardias del guerrero no se le despegan. Desde lejos, don Fernando Guti\u00e9rrez Barrios me hace se\u00f1as. Quiere que me acerque. Voy: \u00abMira Fidel -le dice- este es Miguel Reyes Razo, un reportero&#8230; Y Fidel Castro me da la mano. Nos sonre\u00edmos. Nos aprobamos. Cargo mi cuadro. Mi foto. Lista para que la firme. Los dos hombres reanudan su charla. Llegan otros que dejan atr\u00e1s a los primeros. Se acerca Dante Delgado. Da apoyo al se\u00f1or director de El Dictamen. Subimos a un autob\u00fas. Iremos a Xalapa. Y otra vez me llama don Fernando Guti\u00e9rrez Barrios. Me conf\u00eda algo. Yo aprovecho; \u00abComandante-le digo-. Tuve el privilegio de entrevistarlo en enero de mil- novecientos cincuenta y nueve en el Palacio de los Deportes de La Habana. Entonces nos tomaron esta foto. Le ruego la firme&#8230;\u00bb<\/span><\/p>\n<p>&nbsp;<\/p>\n<p>&nbsp;<\/p>\n<hr \/>\n<p>&nbsp;<\/p>\n<p class=\"p1\"><span style=\"font-size: 18pt;\"><strong>Cont\u00e1ctanos en nuestras redes sociales:<\/strong><\/span><\/p>\n<p class=\"p1\"><span style=\"font-size: 18pt;\"><strong><a href=\"https:\/\/www.canva.com\/design\/DAEN5B9DWgs\/ZCHd2Z8KueYjlg_d59Op3A\/view\">https:\/\/www.canva.com\/design\/DAEN5B9DWgs\/ZCHd2Z8KueYjlg_d59Op3A\/view<\/a><\/strong><\/span><\/p>\n<p>&nbsp;<\/p>\n<p><img loading=\"lazy\" decoding=\"async\" class=\"aligncenter wp-image-11449\" src=\"http:\/\/noticiasveracruz.com\/wp-content\/uploads\/2023\/01\/FIRMA-EDITORIAL-NV-300x37.png\" alt=\"\" width=\"1000\" height=\"122\" srcset=\"https:\/\/noticiasveracruz.com\/wp-content\/uploads\/2023\/01\/FIRMA-EDITORIAL-NV-300x37.png 300w, https:\/\/noticiasveracruz.com\/wp-content\/uploads\/2023\/01\/FIRMA-EDITORIAL-NV-1024x125.png 1024w, https:\/\/noticiasveracruz.com\/wp-content\/uploads\/2023\/01\/FIRMA-EDITORIAL-NV-768x94.png 768w, https:\/\/noticiasveracruz.com\/wp-content\/uploads\/2023\/01\/FIRMA-EDITORIAL-NV-1536x188.png 1536w, https:\/\/noticiasveracruz.com\/wp-content\/uploads\/2023\/01\/FIRMA-EDITORIAL-NV-2048x250.png 2048w\" sizes=\"auto, (max-width: 1000px) 100vw, 1000px\" \/><\/p>\n<p>&nbsp;<\/p>\n<p>&nbsp;<\/p>\n<p class=\"p1\">\n","protected":false},"excerpt":{"rendered":"<p>&nbsp; &nbsp; &lt;&lt; Miguel L\u00f3pez Azuara, Miguel \u00c1ngel Granados Chapa y Miguel Reyes Razo &gt;&gt; &lt;&lt; Recuerdos de la visita<\/p>\n","protected":false},"author":4,"featured_media":3280,"comment_status":"closed","ping_status":"closed","sticky":false,"template":"","format":"standard","meta":{"colormag_page_container_layout":"default_layout","colormag_page_sidebar_layout":"default_layout","_jetpack_memberships_contains_paid_content":false,"footnotes":"","jetpack_publicize_message":"","jetpack_publicize_feature_enabled":true,"jetpack_social_post_already_shared":true,"jetpack_social_options":{"image_generator_settings":{"template":"highway","default_image_id":0,"font":"","enabled":false},"version":2}},"categories":[6],"tags":[],"class_list":["post-12100","post","type-post","status-publish","format-standard","has-post-thumbnail","hentry","category-columnistas"],"jetpack_publicize_connections":[],"jetpack_featured_media_url":"https:\/\/noticiasveracruz.com\/wp-content\/uploads\/2022\/04\/NV-MIGUEL-A\u0301NGEL-CRISTIANI.png","jetpack_sharing_enabled":true,"publishpress_future_action":{"enabled":false,"date":"2026-05-06 20:45:21","action":"change-status","newStatus":"draft","terms":[],"taxonomy":"category","extraData":[]},"publishpress_future_workflow_manual_trigger":{"enabledWorkflows":[]},"_links":{"self":[{"href":"https:\/\/noticiasveracruz.com\/index.php\/wp-json\/wp\/v2\/posts\/12100","targetHints":{"allow":["GET"]}}],"collection":[{"href":"https:\/\/noticiasveracruz.com\/index.php\/wp-json\/wp\/v2\/posts"}],"about":[{"href":"https:\/\/noticiasveracruz.com\/index.php\/wp-json\/wp\/v2\/types\/post"}],"author":[{"embeddable":true,"href":"https:\/\/noticiasveracruz.com\/index.php\/wp-json\/wp\/v2\/users\/4"}],"replies":[{"embeddable":true,"href":"https:\/\/noticiasveracruz.com\/index.php\/wp-json\/wp\/v2\/comments?post=12100"}],"version-history":[{"count":0,"href":"https:\/\/noticiasveracruz.com\/index.php\/wp-json\/wp\/v2\/posts\/12100\/revisions"}],"wp:featuredmedia":[{"embeddable":true,"href":"https:\/\/noticiasveracruz.com\/index.php\/wp-json\/wp\/v2\/media\/3280"}],"wp:attachment":[{"href":"https:\/\/noticiasveracruz.com\/index.php\/wp-json\/wp\/v2\/media?parent=12100"}],"wp:term":[{"taxonomy":"category","embeddable":true,"href":"https:\/\/noticiasveracruz.com\/index.php\/wp-json\/wp\/v2\/categories?post=12100"},{"taxonomy":"post_tag","embeddable":true,"href":"https:\/\/noticiasveracruz.com\/index.php\/wp-json\/wp\/v2\/tags?post=12100"}],"curies":[{"name":"wp","href":"https:\/\/api.w.org\/{rel}","templated":true}]}}