{"id":12092,"date":"2023-01-16T20:45:43","date_gmt":"2023-01-17T02:45:43","guid":{"rendered":"https:\/\/noticiasveracruz.com\/?p=12092"},"modified":"2023-01-17T09:55:20","modified_gmt":"2023-01-17T15:55:20","slug":"secundaria-prof-manuel-c-tello-participa-en-primer-acto-civico-de-2023-en-tuxpan","status":"publish","type":"post","link":"https:\/\/noticiasveracruz.com\/index.php\/2023\/01\/16\/secundaria-prof-manuel-c-tello-participa-en-primer-acto-civico-de-2023-en-tuxpan\/","title":{"rendered":"Secundaria \u201cProf. Manuel C. Tello\u201d participa en primer acto c\u00edvico de 2023 en Tuxpan"},"content":{"rendered":"<p>&nbsp;<\/p>\n<p class=\"p1\"><span style=\"font-size: 14pt;\"><em><strong>TUXPAN, VERACRUZ.<\/strong> <\/em>Autoridades municipales, educativas, navales y militares participaron en el <strong>primer acto c\u00edvico del a\u00f1o 2023<\/strong>, en la explanada del Palacio Municipal, con el que se <strong>promueve la regeneraci\u00f3n y fortalecimiento de nuestra identidad nacional.<\/strong><\/span><\/p>\n<p class=\"p1\"><span style=\"font-size: 14pt;\">El acto estuvo encabezado por el Eduardo Andrade Rocha, director de Asuntos Jur\u00eddicos del Ayuntamiento en representaci\u00f3n del alcalde Jos\u00e9 Manuel Pozos Castro; la regidora Maryanela Monroy Flores; el Teniente de Infanter\u00eda N\u00e9stor Octavio Andr\u00e9s Antonio, en representaci\u00f3n de la 19\u00aa Zona Militar; el Teniente de Nav\u00edo C.G. H\u00e9ctor Guatemala Zendejas, en representaci\u00f3n de la Fuerza Naval del Golfo; el Oficial Rub\u00e9n Antonio Morales N\u00e1jera, de la 171 compa\u00f1\u00eda de la Guardia Nacional.<\/span><\/p>\n<p>&nbsp;<\/p>\n<p><img loading=\"lazy\" decoding=\"async\" class=\"aligncenter wp-image-15130 size-large\" src=\"https:\/\/politicosaldesnudo.com.mx\/wp-content\/uploads\/2023\/01\/P-ACTO-CIVICO-2023-4-1024x573.png\" alt=\"\" width=\"800\" height=\"448\" \/><\/p>\n<p>&nbsp;<\/p>\n<p class=\"p1\"><span style=\"font-size: 14pt;\">Martha Iris Azuara Cruz, directora de la escuela secundaria Prof. Manuel C. Tello; Janeth Mariana del \u00c1ngel, ATP de la supervisi\u00f3n 608 estatal de secundarias y telesecundarias;\u00a0 Jorge Luis Escalante Garc\u00eda, supervisor de secundarias y telesecundarias de la zona 608 estatal y Arturo Garc\u00eda Robles, director de Educaci\u00f3n de Tuxpan. <\/span><\/p>\n<p class=\"p1\"><span style=\"font-size: 18pt;\"><strong>En esta ocasi\u00f3n se cont\u00f3 con la participaci\u00f3n de la escolta integrada por alumnas y alumnos de la Escuela Secundaria \u201cProf. Manuel C. Tello\u201d, quienes adem\u00e1s expusieron las efem\u00e9rides de la semana y recitaron el poema \u201cYo tengo un sue\u00f1o\u201d.<\/strong><\/span><\/p>\n<p>&nbsp;<\/p>\n<p><img loading=\"lazy\" decoding=\"async\" class=\"aligncenter wp-image-15127 size-large\" src=\"https:\/\/politicosaldesnudo.com.mx\/wp-content\/uploads\/2023\/01\/P-ACTO-CIVICO-2023-1-1024x573.png\" alt=\"\" width=\"800\" height=\"448\" \/><\/p>\n<p>&nbsp;<\/p>\n<p class=\"p1\"><span style=\"font-size: 18pt;\"><strong>El Himno Nacional estuvo acompa\u00f1ado por la Banda de Guerra del 39 Batall\u00f3n de Infanter\u00eda.<\/strong><\/span><\/p>\n<p class=\"p1\"><span style=\"font-size: 14pt;\">A este acto tambi\u00e9n asistieron directivos, personal docente y padres de familia de los estudiantes de la secundaria Prof. Manuel C. Tello; elementos de la Secretar\u00eda de Marina Armada de M\u00e9xico, Guardia Nacional, Polic\u00eda Municipal, Protecci\u00f3n Civil y Bomberos, directores y coordinadores de las diversas \u00e1reas del Ayuntamiento.<\/span><\/p>\n<p>&nbsp;<\/p>\n<p><img loading=\"lazy\" decoding=\"async\" class=\"aligncenter wp-image-15128 size-large\" src=\"https:\/\/politicosaldesnudo.com.mx\/wp-content\/uploads\/2023\/01\/P-ACTO-CIVICO-2023-2-1024x573.png\" alt=\"\" width=\"800\" height=\"448\" \/><\/p>\n<p>&nbsp;<\/p>\n<p>&nbsp;<\/p>\n<p>&nbsp;<\/p>\n<p>&nbsp;<\/p>\n<p>&nbsp;<\/p>\n","protected":false},"excerpt":{"rendered":"<p>&nbsp; TUXPAN, VERACRUZ. Autoridades municipales, educativas, navales y militares participaron en el primer acto c\u00edvico del a\u00f1o 2023, en la<\/p>\n","protected":false},"author":4,"featured_media":12095,"comment_status":"closed","ping_status":"closed","sticky":false,"template":"","format":"standard","meta":{"colormag_page_container_layout":"default_layout","colormag_page_sidebar_layout":"default_layout","_jetpack_memberships_contains_paid_content":false,"footnotes":"","jetpack_publicize_message":"","jetpack_publicize_feature_enabled":true,"jetpack_social_post_already_shared":true,"jetpack_social_options":{"image_generator_settings":{"template":"highway","default_image_id":0,"font":"","enabled":false},"version":2}},"categories":[356],"tags":[],"class_list":["post-12092","post","type-post","status-publish","format-standard","has-post-thumbnail","hentry","category-veracruz"],"jetpack_publicize_connections":[],"jetpack_featured_media_url":"https:\/\/noticiasveracruz.com\/wp-content\/uploads\/2023\/01\/P-ACTO-CIVICO-2023-3.png","jetpack_sharing_enabled":true,"publishpress_future_action":{"enabled":false,"date":"2026-05-06 22:21:46","action":"change-status","newStatus":"draft","terms":[],"taxonomy":"category","extraData":[]},"publishpress_future_workflow_manual_trigger":{"enabledWorkflows":[]},"_links":{"self":[{"href":"https:\/\/noticiasveracruz.com\/index.php\/wp-json\/wp\/v2\/posts\/12092","targetHints":{"allow":["GET"]}}],"collection":[{"href":"https:\/\/noticiasveracruz.com\/index.php\/wp-json\/wp\/v2\/posts"}],"about":[{"href":"https:\/\/noticiasveracruz.com\/index.php\/wp-json\/wp\/v2\/types\/post"}],"author":[{"embeddable":true,"href":"https:\/\/noticiasveracruz.com\/index.php\/wp-json\/wp\/v2\/users\/4"}],"replies":[{"embeddable":true,"href":"https:\/\/noticiasveracruz.com\/index.php\/wp-json\/wp\/v2\/comments?post=12092"}],"version-history":[{"count":0,"href":"https:\/\/noticiasveracruz.com\/index.php\/wp-json\/wp\/v2\/posts\/12092\/revisions"}],"wp:featuredmedia":[{"embeddable":true,"href":"https:\/\/noticiasveracruz.com\/index.php\/wp-json\/wp\/v2\/media\/12095"}],"wp:attachment":[{"href":"https:\/\/noticiasveracruz.com\/index.php\/wp-json\/wp\/v2\/media?parent=12092"}],"wp:term":[{"taxonomy":"category","embeddable":true,"href":"https:\/\/noticiasveracruz.com\/index.php\/wp-json\/wp\/v2\/categories?post=12092"},{"taxonomy":"post_tag","embeddable":true,"href":"https:\/\/noticiasveracruz.com\/index.php\/wp-json\/wp\/v2\/tags?post=12092"}],"curies":[{"name":"wp","href":"https:\/\/api.w.org\/{rel}","templated":true}]}}