{"id":12089,"date":"2023-01-17T09:45:04","date_gmt":"2023-01-17T15:45:04","guid":{"rendered":"https:\/\/noticiasveracruz.com\/?p=12089"},"modified":"2023-01-17T09:45:04","modified_gmt":"2023-01-17T15:45:04","slug":"reporte-unesco-alarmante-2022-fueron-asesinados-86-periodistas-en-el-mundo","status":"publish","type":"post","link":"https:\/\/noticiasveracruz.com\/index.php\/2023\/01\/17\/reporte-unesco-alarmante-2022-fueron-asesinados-86-periodistas-en-el-mundo\/","title":{"rendered":"Reporte Unesco: Alarmante 2022, fueron asesinados 86 periodistas en el mundo"},"content":{"rendered":"<p class=\"p1\">\n<p class=\"p1\"><span style=\"font-size: 14pt;\"><em><strong>PAR\u00cdS, FRANCIA.<\/strong><span class=\"Apple-converted-space\"><strong>\u00a0<\/strong> <\/span><\/em><strong>Un total de 86 periodistas fueron asesinados en el mundo en 2022<\/strong>, frente a 55 en 2021, inform\u00f3 la <strong>Organizaci\u00f3n de Naciones Unidas la Educaci\u00f3n, la Ciencia y la Cultura<\/strong> (Unesco), que asegur\u00f3 que m\u00e1s de la mitad de casos sucedieron en pa\u00edses de <strong>Am\u00e9rica Latina y el Caribe<\/strong>.<\/span><\/p>\n<p>&nbsp;<\/p>\n<blockquote>\n<p class=\"p1\"><span style=\"font-size: 14pt;\">Tras varios a\u00f1os de descensos consecutivos, el fuerte aumento del n\u00famero de periodistas asesinados en 2022 resulta alarmante\u201d, alert\u00f3 la directora general de la Unesco, Audrey Azoulay<\/span><\/p>\n<\/blockquote>\n<p>&nbsp;<\/p>\n<p class=\"p1\"><span style=\"font-size: 18pt;\"><strong>La Unesco mediante un comunicado se\u00f1al\u00f3 que desde 2018 (99 informadores asesinados), el n\u00famero se hab\u00eda reducido a 58 en promedio entre 2019 y 2021.<\/strong><\/span><\/p>\n<p class=\"p1\"><span style=\"font-size: 18pt; color: #e42d33;\"><strong>De los 86 comunicadores ultimados el a\u00f1o pasado, 44 se perpetraron en la regi\u00f3n de Am\u00e9rica Latina y el Caribe, con M\u00e9xico (19) y Hait\u00ed (nueve) a la cabeza. En Asia y el Pac\u00edfico se reportaron 16 casos y en Europa del este 11.<\/strong><\/span><\/p>\n<p class=\"p1\"><span style=\"font-size: 14pt;\">En su reporte, la Unesco con sede en Par\u00eds, advierte que aproximadamente la mitad de los periodistas asesinados no estaban trabajando en el momento de ser atacados.<\/span><\/p>\n<p>&nbsp;<\/p>\n<blockquote>\n<p class=\"p1\"><span style=\"font-size: 14pt;\">Se mantiene as\u00ed la tendencia de los \u00faltimos a\u00f1os, lo que implica que no existen espacios seguros para los periodistas, ni siquiera en su tiempo libre\u201d<\/span><\/p>\n<\/blockquote>\n<p>&nbsp;<\/p>\n<p class=\"p1\"><span style=\"font-size: 18pt;\"><strong>La Unesco precisa que los periodistas fueron abatidos por informar sobre el crimen organizado, el auge del extremismo, la corrupci\u00f3n o los delitos contra el medio ambiente, entre otros motivos.<\/strong><\/span><\/p>\n<p class=\"p1\"><span style=\"font-size: 14pt;\">El n\u00famero de reporteros asesinados en pa\u00edses en conflicto se elev\u00f3 tambi\u00e9n en 2022, al pasar de 20 a 23 en un a\u00f1o. En Ucrania, donde Rusia lanz\u00f3 una invasi\u00f3n en febrero pasado, se contabilizaron 10 casos.<\/span><\/p>\n<p class=\"p1\"><span style=\"font-size: 18pt;\"><strong>De los asesinatos de trabajadores de medios de comunicaci\u00f3n, 86 por ciento siguen impunes, record\u00f3 la organizaci\u00f3n, que se\u00f1ala otras formas de \u201cviolencia\u201d como las desapariciones forzadas.<\/strong><\/span><\/p>\n<p>&nbsp;<\/p>\n<p>&nbsp;<\/p>\n<p>&nbsp;<\/p>\n","protected":false},"excerpt":{"rendered":"<p>PAR\u00cdS, FRANCIA.\u00a0 Un total de 86 periodistas fueron asesinados en el mundo en 2022, frente a 55 en 2021, inform\u00f3<\/p>\n","protected":false},"author":4,"featured_media":12090,"comment_status":"closed","ping_status":"closed","sticky":false,"template":"","format":"standard","meta":{"colormag_page_container_layout":"default_layout","colormag_page_sidebar_layout":"default_layout","_jetpack_memberships_contains_paid_content":false,"footnotes":"","jetpack_publicize_message":"","jetpack_publicize_feature_enabled":true,"jetpack_social_post_already_shared":true,"jetpack_social_options":{"image_generator_settings":{"template":"highway","default_image_id":0,"font":"","enabled":false},"version":2}},"categories":[355],"tags":[1992,217,1482],"class_list":["post-12089","post","type-post","status-publish","format-standard","has-post-thumbnail","hentry","category-internacional","tag-asesinados","tag-periodistas","tag-unesco"],"jetpack_publicize_connections":[],"jetpack_featured_media_url":"https:\/\/noticiasveracruz.com\/wp-content\/uploads\/2023\/01\/P-PERIODISTAS-ASESINADOS.png","jetpack_sharing_enabled":true,"publishpress_future_action":{"enabled":false,"date":"2026-05-06 18:28:31","action":"change-status","newStatus":"draft","terms":[],"taxonomy":"category","extraData":[]},"publishpress_future_workflow_manual_trigger":{"enabledWorkflows":[]},"_links":{"self":[{"href":"https:\/\/noticiasveracruz.com\/index.php\/wp-json\/wp\/v2\/posts\/12089","targetHints":{"allow":["GET"]}}],"collection":[{"href":"https:\/\/noticiasveracruz.com\/index.php\/wp-json\/wp\/v2\/posts"}],"about":[{"href":"https:\/\/noticiasveracruz.com\/index.php\/wp-json\/wp\/v2\/types\/post"}],"author":[{"embeddable":true,"href":"https:\/\/noticiasveracruz.com\/index.php\/wp-json\/wp\/v2\/users\/4"}],"replies":[{"embeddable":true,"href":"https:\/\/noticiasveracruz.com\/index.php\/wp-json\/wp\/v2\/comments?post=12089"}],"version-history":[{"count":0,"href":"https:\/\/noticiasveracruz.com\/index.php\/wp-json\/wp\/v2\/posts\/12089\/revisions"}],"wp:featuredmedia":[{"embeddable":true,"href":"https:\/\/noticiasveracruz.com\/index.php\/wp-json\/wp\/v2\/media\/12090"}],"wp:attachment":[{"href":"https:\/\/noticiasveracruz.com\/index.php\/wp-json\/wp\/v2\/media?parent=12089"}],"wp:term":[{"taxonomy":"category","embeddable":true,"href":"https:\/\/noticiasveracruz.com\/index.php\/wp-json\/wp\/v2\/categories?post=12089"},{"taxonomy":"post_tag","embeddable":true,"href":"https:\/\/noticiasveracruz.com\/index.php\/wp-json\/wp\/v2\/tags?post=12089"}],"curies":[{"name":"wp","href":"https:\/\/api.w.org\/{rel}","templated":true}]}}