{"id":12084,"date":"2023-01-17T09:27:12","date_gmt":"2023-01-17T15:27:12","guid":{"rendered":"https:\/\/noticiasveracruz.com\/?p=12084"},"modified":"2023-01-17T09:27:22","modified_gmt":"2023-01-17T15:27:22","slug":"para-contener-la-inflacion-aplica-gobierno-arancel-de-50-a-exportaciones-de-maiz-blanco","status":"publish","type":"post","link":"https:\/\/noticiasveracruz.com\/index.php\/2023\/01\/17\/para-contener-la-inflacion-aplica-gobierno-arancel-de-50-a-exportaciones-de-maiz-blanco\/","title":{"rendered":"Para contener la inflaci\u00f3n, aplica Gobierno arancel de 50% a exportaciones de ma\u00edz blanco"},"content":{"rendered":"<p>&nbsp;<\/p>\n<p class=\"p1\"><span style=\"font-size: 14pt;\"><em><strong>CIUDAD DE M\u00c9XICO.<\/strong><\/em> <strong>Publicado en el Diario Oficial de la Federaci\u00f3<\/strong>n (DOF), el <strong>gobierno federal informa<\/strong> que a partir de este martes, las <strong>exportaciones de ma\u00edz blanco tendr\u00e1n un arancel de 50 por ciento.<\/strong><\/span><\/p>\n<p class=\"p1\"><span style=\"font-size: 14pt;\">El decreto publicado que mantiene el cero por ciento para las importaciones de grano, es decir, el ma\u00edz blanco que se utilizan para elaborar tortillas, estar\u00e1 vigente en el pa\u00eds al 30 de junio pr\u00f3ximo.<\/span><\/p>\n<p class=\"p1\"><span style=\"font-size: 18pt; color: #e42d33;\"><strong>Este es un nuevo esfuerzo del gobierno para contener la inflaci\u00f3n, debido a que en el algunos estados la tortilla cuesta m\u00e1s de 25 pesos el kilogramo.<\/strong><\/span><\/p>\n<p class=\"p1\"><span style=\"font-size: 14pt;\">Con este decreto el gobierno federal justifica la decisi\u00f3n al se\u00f1alar que seg\u00fan el Plan Nacional de Desarrollo 2019-2024, una tarea central es establecer una pol\u00edtica de recuperaci\u00f3n salarial, la cual no puede desvincularse del poder adquisitivo, pues en un escenario de alta inflaci\u00f3n, la recuperaci\u00f3n salarial se limita por el incremento de precios.<\/span><\/p>\n<p>&nbsp;<\/p>\n<p><img loading=\"lazy\" decoding=\"async\" class=\"aligncenter wp-image-15116 size-large\" src=\"https:\/\/politicosaldesnudo.com.mx\/wp-content\/uploads\/2023\/01\/P-MAIZ-ARANCEL-2-1024x573.png\" alt=\"\" width=\"800\" height=\"448\" \/><\/p>\n<p>&nbsp;<\/p>\n<blockquote><p><span style=\"font-size: 14pt;\">Para garantizar un abasto suficiente es necesario mantener la producci\u00f3n nacional en nuestro pa\u00eds y asegurar condiciones de mercado que permitan estabilizar su precio\u201d<\/span><\/p><\/blockquote>\n<p>&nbsp;<\/p>\n<p class=\"p1\"><span style=\"font-size: 18pt;\"><strong>De esta forma se\u00f1al\u00f3 que, el Panorama Agroalimentario 2021, el ma\u00edz blanco es un producto b\u00e1sico en la alimentaci\u00f3n en M\u00e9xico al ser una fuente importante de energ\u00eda cal\u00f3rica de la dieta de los mexicanos y es el grano de mayor producci\u00f3n, con 89 por ciento en la participaci\u00f3n de la producci\u00f3n nacional de granos y con un consumo anual per c\u00e1pita de 332 kilogramos.<\/strong><\/span><\/p>\n<p class=\"p1\"><span style=\"font-size: 14pt;\">En la publicaci\u00f3n se destaca<span class=\"Apple-converted-space\">\u00a0 <\/span>que la oferta y producci\u00f3n de ma\u00edz blanco en M\u00e9xico son factores importantes al fijar su precio, por tanto, tambi\u00e9n de los diversos productos de consumo elaborados con el mismo, sobre todo la tortilla.<\/span><\/p>\n<p>&nbsp;<\/p>\n<p>&nbsp;<\/p>\n","protected":false},"excerpt":{"rendered":"<p>&nbsp; CIUDAD DE M\u00c9XICO. Publicado en el Diario Oficial de la Federaci\u00f3n (DOF), el gobierno federal informa que a partir<\/p>\n","protected":false},"author":4,"featured_media":12085,"comment_status":"closed","ping_status":"closed","sticky":false,"template":"","format":"standard","meta":{"colormag_page_container_layout":"default_layout","colormag_page_sidebar_layout":"default_layout","_jetpack_memberships_contains_paid_content":false,"footnotes":"","jetpack_publicize_message":"","jetpack_publicize_feature_enabled":true,"jetpack_social_post_already_shared":true,"jetpack_social_options":{"image_generator_settings":{"template":"highway","default_image_id":0,"font":"","enabled":false},"version":2}},"categories":[1947],"tags":[1991,1321,109,1990,31],"class_list":["post-12084","post","type-post","status-publish","format-standard","has-post-thumbnail","hentry","category-economia","tag-arancel","tag-dof","tag-inflacion","tag-maiz-blanco","tag-mexico"],"jetpack_publicize_connections":[],"jetpack_featured_media_url":"https:\/\/noticiasveracruz.com\/wp-content\/uploads\/2023\/01\/P-MAIZ-ARANCEL-1.png","jetpack_sharing_enabled":true,"publishpress_future_action":{"enabled":false,"date":"2026-05-06 17:43:44","action":"change-status","newStatus":"draft","terms":[],"taxonomy":"category","extraData":[]},"publishpress_future_workflow_manual_trigger":{"enabledWorkflows":[]},"_links":{"self":[{"href":"https:\/\/noticiasveracruz.com\/index.php\/wp-json\/wp\/v2\/posts\/12084","targetHints":{"allow":["GET"]}}],"collection":[{"href":"https:\/\/noticiasveracruz.com\/index.php\/wp-json\/wp\/v2\/posts"}],"about":[{"href":"https:\/\/noticiasveracruz.com\/index.php\/wp-json\/wp\/v2\/types\/post"}],"author":[{"embeddable":true,"href":"https:\/\/noticiasveracruz.com\/index.php\/wp-json\/wp\/v2\/users\/4"}],"replies":[{"embeddable":true,"href":"https:\/\/noticiasveracruz.com\/index.php\/wp-json\/wp\/v2\/comments?post=12084"}],"version-history":[{"count":0,"href":"https:\/\/noticiasveracruz.com\/index.php\/wp-json\/wp\/v2\/posts\/12084\/revisions"}],"wp:featuredmedia":[{"embeddable":true,"href":"https:\/\/noticiasveracruz.com\/index.php\/wp-json\/wp\/v2\/media\/12085"}],"wp:attachment":[{"href":"https:\/\/noticiasveracruz.com\/index.php\/wp-json\/wp\/v2\/media?parent=12084"}],"wp:term":[{"taxonomy":"category","embeddable":true,"href":"https:\/\/noticiasveracruz.com\/index.php\/wp-json\/wp\/v2\/categories?post=12084"},{"taxonomy":"post_tag","embeddable":true,"href":"https:\/\/noticiasveracruz.com\/index.php\/wp-json\/wp\/v2\/tags?post=12084"}],"curies":[{"name":"wp","href":"https:\/\/api.w.org\/{rel}","templated":true}]}}