{"id":12072,"date":"2023-01-17T05:00:04","date_gmt":"2023-01-17T11:00:04","guid":{"rendered":"https:\/\/noticiasveracruz.com\/?p=12072"},"modified":"2023-01-17T08:37:16","modified_gmt":"2023-01-17T14:37:16","slug":"las-grietas-del-regimen","status":"publish","type":"post","link":"https:\/\/noticiasveracruz.com\/index.php\/2023\/01\/17\/las-grietas-del-regimen\/","title":{"rendered":"Las grietas del r\u00e9gimen"},"content":{"rendered":"<p class=\"p1\">\n<p>&nbsp;<\/p>\n<p class=\"p1\"><span style=\"font-size: 18pt;\"><strong>Por Aurelio Contreras Moreno<\/strong><\/span><\/p>\n<p class=\"p1\"><span style=\"font-size: 14pt;\">En adelante, todo lo que suceda en el \u00e1mbito de lo p\u00fablico en M\u00e9xico estar\u00e1 afectado por el tema electoral.<\/span><\/p>\n<p class=\"p1\"><span style=\"font-size: 14pt;\">Desde los comicios que se celebrar\u00e1n este a\u00f1o en los estados de M\u00e9xico y Coahuila, pasando por el proselitismo desenfrenado e ilegal de varios de los aspirantes a suceder a Andr\u00e9s Manuel L\u00f3pez Obrador en la silla presidencial y las grillas locales en las entidades federativas, todo girar\u00e1 en torno de los intereses que estar\u00e1n en juego. <\/span><\/p>\n<p class=\"p1\"><span style=\"font-size: 14pt;\">De hecho, todos los temas p\u00fablicos est\u00e1n siendo ensuciados por las desbocadas carreras de las llamadas \u201ccorcholatas\u201d por posicionarse en el \u00e1nimo popular. Y sobre todo en el de \u201cya saben qui\u00e9n\u201d.<\/span><\/p>\n<p class=\"p1\"><span style=\"font-size: 14pt;\">La semana pasada, el secretario de Gobernaci\u00f3n Ad\u00e1n Augusto L\u00f3pez Hern\u00e1ndez inici\u00f3 en Veracruz una gira nacional sin m\u00e1s objeto que el de promoverse pol\u00edticamente, con el pretexto de \u201cexplicar\u201d una reforma electoral que no se aprob\u00f3 en los t\u00e9rminos m\u00e1s regresivos que pretend\u00eda el r\u00e9gimen, pero que de cualquier forma impactar\u00e1 negativamente en la organizaci\u00f3n de los pr\u00f3ximos comicios.<\/span><\/p>\n<p class=\"p1\"><span style=\"font-size: 14pt;\">Sin empacho alguno, el tabasque\u00f1o se embarc\u00f3 en un \u201ctour\u201d electoral abandonando sus obligaciones como responsable de la pol\u00edtica interna del pa\u00eds, en medio de un clima de crispaci\u00f3n pol\u00edtica y social que \u00e9l mismo contribuye a enrarecer a\u00fan m\u00e1s cuando ataca a los partidos de oposici\u00f3n y a los \u00f3rganos electorales en sus vac\u00edas peroratas.<\/span><\/p>\n<p class=\"p1\"><span style=\"font-size: 14pt;\">Eso, mientras la aspirante que hab\u00eda tomado la ventaja burlando la ley para placearse tambi\u00e9n por todo el pa\u00eds fue frenada en seco por el que parece ser su \u201ctal\u00f3n de Aquiles\u201d. Claudia Sheinbaum se vio obligada a detenerse moment\u00e1neamente como candidata y a ejercer como jefa de Gobierno de la Ciudad de M\u00e9xico ante las constantes fallas y accidentes de un desvencijado Sistema de Transporte Colectivo Metro, acabado ejemplo de lo que representan y provocan las pol\u00edticas \u201caustericidas\u201d de los reg\u00edmenes de la autoproclamada \u201ccuarta transformaci\u00f3n\u201d.<\/span><\/p>\n<p class=\"p1\"><span style=\"font-size: 14pt;\">Entre tanto, qued\u00f3 la prueba de su nulo respeto por la ley materializada en decenas y decenas de espectaculares y pintas con su imagen por todo el pa\u00eds y la frase #EsClaudia, que se le ha revertido en redes al ser asociada con su irresponsabilidad al dejar al garete el cargo para en su lugar, hacer politiquer\u00eda.<\/span><\/p>\n<p class=\"p1\"><span style=\"font-size: 14pt;\">En el caso del canciller Marcelo Ebrard, mientras se anota varios puntos positivos con su operaci\u00f3n en temas de pol\u00edtica internacional \u2013le sali\u00f3 bien sin duda la \u00faltima cumbre trilateral M\u00e9xico-Estados Unidos-Canad\u00e1-, teje alianzas con varios actores pol\u00edticos de dudosa reputaci\u00f3n a nivel nacional y local, que no necesariamente le servir\u00edan para impulsar una candidatura presidencial por Morena. Pero por otro partido, qui\u00e9n sabe.<\/span><\/p>\n<p class=\"p1\"><span style=\"font-size: 14pt;\">Aunque los otros partidos parecen estar tan rezagados respecto de Morena, que para muy poco podr\u00eda alcanzarles si no postulan a un candidato o candidata verdaderamente de peso, con propuestas consistentes que llamen a la conciliaci\u00f3n nacional y a frenar la destrucci\u00f3n institucional en M\u00e9xico a cambio de la repartici\u00f3n de d\u00e1divas. A la oposici\u00f3n no parece correrle mucha prisa. Hasta pareciera que no estuviera a un paso de ser extinguida.<\/span><\/p>\n<p class=\"p1\"><span style=\"font-size: 14pt;\">Empero, las ambiciones personales cada vez se contienen menos y muestran que el r\u00e9gimen tiene grietas que pueden hacerse m\u00e1s grandes. Como en Coahuila, donde un (ex) subsecretario de alto nivel del gobierno de L\u00f3pez Obrador ser\u00e1 candidato a la gubernatura por el PT, rompiendo la coalici\u00f3n oficialista luego de un proceso de \u201cencuestas\u201d que ya no esconden los \u201cdedazos\u201d flagrantes, al m\u00e1s puro estilo del PRI de siempre.<\/span><\/p>\n<p class=\"p1\"><span style=\"font-size: 14pt;\">Y la decisi\u00f3n sobre qui\u00e9n ser\u00e1 la o el candidato del r\u00e9gimen a la Presidencia y a los gobiernos estatales en 2024 se va a tomar de la misma forma que hicieron en Coahuila. Y c\u00f3mo ah\u00ed, las grietas del r\u00e9gimen se pueden convertir en un boquete.<\/span><\/p>\n<p>&nbsp;<\/p>\n<hr \/>\n<p>&nbsp;<\/p>\n<p class=\"p1\"><span style=\"font-size: 18pt;\"><strong>Correo: <a href=\"mailto:aureliocontreras@gmail.com\">aureliocontreras@gmail.com<\/a><\/strong><\/span><\/p>\n<p class=\"p1\"><span style=\"font-size: 18pt;\"><strong>Twitter: <a href=\"http:\/\/www.twitter.com\/yeyocontreras\">@yeyocontreras<\/a><\/strong><\/span><\/p>\n<p>&nbsp;<\/p>\n<p><img loading=\"lazy\" decoding=\"async\" class=\"aligncenter wp-image-11449\" src=\"http:\/\/noticiasveracruz.com\/wp-content\/uploads\/2023\/01\/FIRMA-EDITORIAL-NV-300x37.png\" alt=\"\" width=\"1000\" height=\"122\" srcset=\"https:\/\/noticiasveracruz.com\/wp-content\/uploads\/2023\/01\/FIRMA-EDITORIAL-NV-300x37.png 300w, https:\/\/noticiasveracruz.com\/wp-content\/uploads\/2023\/01\/FIRMA-EDITORIAL-NV-1024x125.png 1024w, https:\/\/noticiasveracruz.com\/wp-content\/uploads\/2023\/01\/FIRMA-EDITORIAL-NV-768x94.png 768w, https:\/\/noticiasveracruz.com\/wp-content\/uploads\/2023\/01\/FIRMA-EDITORIAL-NV-1536x188.png 1536w, https:\/\/noticiasveracruz.com\/wp-content\/uploads\/2023\/01\/FIRMA-EDITORIAL-NV-2048x250.png 2048w\" sizes=\"auto, (max-width: 1000px) 100vw, 1000px\" \/><\/p>\n<p>&nbsp;<\/p>\n<p>&nbsp;<\/p>\n<p>&nbsp;<\/p>\n","protected":false},"excerpt":{"rendered":"<p>&nbsp; Por Aurelio Contreras Moreno En adelante, todo lo que suceda en el \u00e1mbito de lo p\u00fablico en M\u00e9xico estar\u00e1<\/p>\n","protected":false},"author":4,"featured_media":3578,"comment_status":"closed","ping_status":"closed","sticky":false,"template":"","format":"standard","meta":{"colormag_page_container_layout":"default_layout","colormag_page_sidebar_layout":"default_layout","_jetpack_memberships_contains_paid_content":false,"footnotes":"","jetpack_publicize_message":"","jetpack_publicize_feature_enabled":true,"jetpack_social_post_already_shared":true,"jetpack_social_options":{"image_generator_settings":{"template":"highway","default_image_id":0,"font":"","enabled":false},"version":2}},"categories":[6],"tags":[],"class_list":["post-12072","post","type-post","status-publish","format-standard","has-post-thumbnail","hentry","category-columnistas"],"jetpack_publicize_connections":[],"jetpack_featured_media_url":"https:\/\/noticiasveracruz.com\/wp-content\/uploads\/2022\/04\/P-AURELIO-CONTRERAS.png","jetpack_sharing_enabled":true,"publishpress_future_action":{"enabled":false,"date":"2026-05-06 21:33:08","action":"change-status","newStatus":"draft","terms":[],"taxonomy":"category","extraData":[]},"publishpress_future_workflow_manual_trigger":{"enabledWorkflows":[]},"_links":{"self":[{"href":"https:\/\/noticiasveracruz.com\/index.php\/wp-json\/wp\/v2\/posts\/12072","targetHints":{"allow":["GET"]}}],"collection":[{"href":"https:\/\/noticiasveracruz.com\/index.php\/wp-json\/wp\/v2\/posts"}],"about":[{"href":"https:\/\/noticiasveracruz.com\/index.php\/wp-json\/wp\/v2\/types\/post"}],"author":[{"embeddable":true,"href":"https:\/\/noticiasveracruz.com\/index.php\/wp-json\/wp\/v2\/users\/4"}],"replies":[{"embeddable":true,"href":"https:\/\/noticiasveracruz.com\/index.php\/wp-json\/wp\/v2\/comments?post=12072"}],"version-history":[{"count":0,"href":"https:\/\/noticiasveracruz.com\/index.php\/wp-json\/wp\/v2\/posts\/12072\/revisions"}],"wp:featuredmedia":[{"embeddable":true,"href":"https:\/\/noticiasveracruz.com\/index.php\/wp-json\/wp\/v2\/media\/3578"}],"wp:attachment":[{"href":"https:\/\/noticiasveracruz.com\/index.php\/wp-json\/wp\/v2\/media?parent=12072"}],"wp:term":[{"taxonomy":"category","embeddable":true,"href":"https:\/\/noticiasveracruz.com\/index.php\/wp-json\/wp\/v2\/categories?post=12072"},{"taxonomy":"post_tag","embeddable":true,"href":"https:\/\/noticiasveracruz.com\/index.php\/wp-json\/wp\/v2\/tags?post=12072"}],"curies":[{"name":"wp","href":"https:\/\/api.w.org\/{rel}","templated":true}]}}