{"id":12069,"date":"2023-01-17T08:34:35","date_gmt":"2023-01-17T14:34:35","guid":{"rendered":"https:\/\/noticiasveracruz.com\/?p=12069"},"modified":"2023-01-17T08:34:56","modified_gmt":"2023-01-17T14:34:56","slug":"energica-protesta","status":"publish","type":"post","link":"https:\/\/noticiasveracruz.com\/index.php\/2023\/01\/17\/energica-protesta\/","title":{"rendered":"En\u00e9rgica protesta"},"content":{"rendered":"<p>&nbsp;<\/p>\n<p class=\"p1\"><span style=\"font-size: 18pt;\"><strong>Por Alberto Woolrich Ort\u00edz<\/strong><\/span><\/p>\n<p class=\"p2\"><span style=\"font-size: 14pt;\">Somos muchos los togados en toda la Rep\u00fablica que sabemos que la transparencia del Poder Ejecutivo solamente se justifica cuando se garantiza de manera plena, absoluta y constante la procuraci\u00f3n e impartici\u00f3n de justicia, en virtud de que ello resulta ser la funci\u00f3n suprema del Estado. Por lo antedicho, la Academia de Derecho Penal del Colegio Nacional de Abogados Foro de M\u00e9xico, quiere dejar especial constancia a manera de en\u00e9rgica protesta de que nada de lo anterior<span class=\"Apple-converted-space\">\u00a0 <\/span>acontece en el mandato de Andr\u00e9s Manuel L\u00f3pez Obrador, ni tampoco aconteci\u00f3 durante los sexenios de la<span class=\"Apple-converted-space\">\u00a0 <\/span>\u00e9poca del neoliberalismo. <\/span><\/p>\n<p class=\"p2\"><span style=\"font-size: 14pt;\">Sin embargo, esto no fue siempre as\u00ed, en un pasado distante que a muchos no toc\u00f3 vivir, existieron variados presidentes que preconizaron la divisi\u00f3n r\u00edgida y tripartita de los Poderes de la Uni\u00f3n, gracias a la aplicaci\u00f3n estricta e inalterable de la Constituci\u00f3n Pol\u00edtica de los Estados Unidos Mexicanos.<\/span><\/p>\n<p class=\"p2\"><span style=\"font-size: 14pt;\">En la actualidad y para desgracia de nuestro M\u00e9xico, el Poder Judicial Federal que es el que por mandato se encuentra dedicado a impartir y juzgar para proveer justicia, es casi nulo, digan lo que quieran aquellas togas que lo defienden. Durante las \u00e9pocas mencionadas con antelaci\u00f3n (neoliberalismo y Cuarta Transformaci\u00f3n), por largo tiempo ha prevalecido la doctrina de la procuraci\u00f3n e impartici\u00f3n de justicia por medio de la corrupci\u00f3n &#8212;salvo muy honrosas excepciones,&#8212; muchas togas encargadas de procurarla e impartirla se dedicaron a ir desvaneciendo la justicia, corrompi\u00e9ndola hasta el completo triunfo de infiltrar la narco-pol\u00edtica en ella. <\/span><\/p>\n<p class=\"p2\"><span style=\"font-size: 14pt;\">Lento, pero de manera constante, la funci\u00f3n de procurar e impartir justicia fue perdiendo la dignidad y fuerza moral de anta\u00f1o, ello sucedi\u00f3 por virtud de que en el neoliberalismo se le permiti\u00f3 y en la actualidad se le consiente. Hubo personajes insignificantes y corruptos que hicieron<span class=\"Apple-converted-space\">\u00a0 <\/span>perder la majestad de la Justicia, transformando inexorablemente nuestros sagrados recintos en casas de mala nota; conllevando con ello a crear un drama en el derecho propiciando las injusticias que actualmente padece la Rep\u00fablica. <\/span><\/p>\n<p class=\"p2\"><span style=\"font-size: 14pt;\">Por lo anterior, el Ateneo Nacional de Estudios Jur\u00eddico Penales quiere resaltar, mediante las presentes l\u00edneas, que estamos conscientes que la situaci\u00f3n actual de la justicia en M\u00e9xico es inadmisible<span class=\"Apple-converted-space\">\u00a0 <\/span>y que ello se traduce en una amenaza para el derecho en perjuicio de nuestro querido y venerado M\u00e9xico. <\/span><\/p>\n<p class=\"p2\"><span style=\"font-size: 14pt;\">En \u00e9sta nueva etapa de la Suprema Corte de Justicia de la Naci\u00f3n, no nos tranquiliza o alienta palabra alguna, sea dicha, por quien la diga. Ese recinto mientras no cumpla la delicada tarea de sanear el medio y as\u00ed cumplir dignamente el compromiso de respetar el art\u00edculo 17 de nuestra Carta Magna, seguir\u00e1 fracasando como ha fracasado en sexenios pasados. <\/span><\/p>\n<p class=\"p2\"><span style=\"font-size: 14pt;\">Andr\u00e9s Manuel L\u00f3pez Obrador, sigue teniendo la palabra y ella no la quiere cumplir. <\/span><\/p>\n<p>&nbsp;<\/p>\n<p class=\"p3\"><span style=\"font-size: 18pt;\"><strong>Es cuanto. <\/strong><\/span><\/p>\n<p>&nbsp;<\/p>\n<hr \/>\n<p>&nbsp;<\/p>\n<p class=\"p1\"><strong><span style=\"font-size: 18pt;\">Lic. Alberto Woolrich Ort\u00edz<\/span><\/strong><\/p>\n<p class=\"p1\"><strong><span style=\"font-size: 18pt;\">Presidente de la Academia de Derecho Penal<\/span><\/strong><\/p>\n<p class=\"p1\"><strong><span style=\"font-size: 18pt;\">del Colegio de Abogados de M\u00e9xico, A.C.<\/span><\/strong><\/p>\n<p>&nbsp;<\/p>\n<p>&nbsp;<\/p>\n<p><img loading=\"lazy\" decoding=\"async\" class=\"aligncenter wp-image-11449\" src=\"http:\/\/noticiasveracruz.com\/wp-content\/uploads\/2023\/01\/FIRMA-EDITORIAL-NV-300x37.png\" alt=\"\" width=\"1000\" height=\"122\" srcset=\"https:\/\/noticiasveracruz.com\/wp-content\/uploads\/2023\/01\/FIRMA-EDITORIAL-NV-300x37.png 300w, https:\/\/noticiasveracruz.com\/wp-content\/uploads\/2023\/01\/FIRMA-EDITORIAL-NV-1024x125.png 1024w, https:\/\/noticiasveracruz.com\/wp-content\/uploads\/2023\/01\/FIRMA-EDITORIAL-NV-768x94.png 768w, https:\/\/noticiasveracruz.com\/wp-content\/uploads\/2023\/01\/FIRMA-EDITORIAL-NV-1536x188.png 1536w, https:\/\/noticiasveracruz.com\/wp-content\/uploads\/2023\/01\/FIRMA-EDITORIAL-NV-2048x250.png 2048w\" sizes=\"auto, (max-width: 1000px) 100vw, 1000px\" \/><\/p>\n<p>&nbsp;<\/p>\n<p>&nbsp;<\/p>\n<p>&nbsp;<\/p>\n<p>&nbsp;<\/p>\n<p>&nbsp;<\/p>\n","protected":false},"excerpt":{"rendered":"<p>&nbsp; Por Alberto Woolrich Ort\u00edz Somos muchos los togados en toda la Rep\u00fablica que sabemos que la transparencia del Poder<\/p>\n","protected":false},"author":4,"featured_media":3616,"comment_status":"closed","ping_status":"closed","sticky":false,"template":"","format":"standard","meta":{"colormag_page_container_layout":"default_layout","colormag_page_sidebar_layout":"default_layout","_jetpack_memberships_contains_paid_content":false,"footnotes":"","jetpack_publicize_message":"","jetpack_publicize_feature_enabled":true,"jetpack_social_post_already_shared":true,"jetpack_social_options":{"image_generator_settings":{"template":"highway","default_image_id":0,"font":"","enabled":false},"version":2}},"categories":[6],"tags":[],"class_list":["post-12069","post","type-post","status-publish","format-standard","has-post-thumbnail","hentry","category-columnistas"],"jetpack_publicize_connections":[],"jetpack_featured_media_url":"https:\/\/noticiasveracruz.com\/wp-content\/uploads\/2022\/04\/NV-ALBERTO-WOOLRICH-1.png","jetpack_sharing_enabled":true,"publishpress_future_action":{"enabled":false,"date":"2026-05-06 20:02:14","action":"change-status","newStatus":"draft","terms":[],"taxonomy":"category","extraData":[]},"publishpress_future_workflow_manual_trigger":{"enabledWorkflows":[]},"_links":{"self":[{"href":"https:\/\/noticiasveracruz.com\/index.php\/wp-json\/wp\/v2\/posts\/12069","targetHints":{"allow":["GET"]}}],"collection":[{"href":"https:\/\/noticiasveracruz.com\/index.php\/wp-json\/wp\/v2\/posts"}],"about":[{"href":"https:\/\/noticiasveracruz.com\/index.php\/wp-json\/wp\/v2\/types\/post"}],"author":[{"embeddable":true,"href":"https:\/\/noticiasveracruz.com\/index.php\/wp-json\/wp\/v2\/users\/4"}],"replies":[{"embeddable":true,"href":"https:\/\/noticiasveracruz.com\/index.php\/wp-json\/wp\/v2\/comments?post=12069"}],"version-history":[{"count":0,"href":"https:\/\/noticiasveracruz.com\/index.php\/wp-json\/wp\/v2\/posts\/12069\/revisions"}],"wp:featuredmedia":[{"embeddable":true,"href":"https:\/\/noticiasveracruz.com\/index.php\/wp-json\/wp\/v2\/media\/3616"}],"wp:attachment":[{"href":"https:\/\/noticiasveracruz.com\/index.php\/wp-json\/wp\/v2\/media?parent=12069"}],"wp:term":[{"taxonomy":"category","embeddable":true,"href":"https:\/\/noticiasveracruz.com\/index.php\/wp-json\/wp\/v2\/categories?post=12069"},{"taxonomy":"post_tag","embeddable":true,"href":"https:\/\/noticiasveracruz.com\/index.php\/wp-json\/wp\/v2\/tags?post=12069"}],"curies":[{"name":"wp","href":"https:\/\/api.w.org\/{rel}","templated":true}]}}