{"id":12031,"date":"2023-01-16T00:21:10","date_gmt":"2023-01-16T06:21:10","guid":{"rendered":"https:\/\/noticiasveracruz.com\/?p=12031"},"modified":"2023-01-16T00:21:10","modified_gmt":"2023-01-16T06:21:10","slug":"revolucion-de-las-conciencias-alternativa-real","status":"publish","type":"post","link":"https:\/\/noticiasveracruz.com\/index.php\/2023\/01\/16\/revolucion-de-las-conciencias-alternativa-real\/","title":{"rendered":"Revoluci\u00f3n de las conciencias, alternativa real"},"content":{"rendered":"<p class=\"p1\">\n<p>&nbsp;<\/p>\n<p class=\"p1\"><span style=\"font-size: 18pt;\"><b>Por Francisco Blanco Calder\u00f3n<\/b><\/span><\/p>\n<p class=\"p1\"><span style=\"font-size: 14pt;\">La Revoluci\u00f3n de las Conciencias coloca a M\u00e9xico a la vanguardia. El pueblo de M\u00e9xico transita por un proceso de cambio de mentalidad que favorece su participaci\u00f3n en asuntos de la vida p\u00fablica. La revoluci\u00f3n de las conciencias es una transformaci\u00f3n interna y profunda de cada persona. Es tomar conciencia de c\u00f3mo est\u00e1 cambiando la realidad y nuestra concepci\u00f3n de ella, el planeta y c\u00f3mo podemos involucrarnos en la transformaci\u00f3n pol\u00edtica, social y cultural del mundo.<\/span><\/p>\n<p class=\"p1\"><span style=\"font-size: 18pt; color: #e42d33;\"><strong>La revoluci\u00f3n de las conciencias implica reflexionar y analizar el papel que juegan la educaci\u00f3n, el arte, la ciencia o las tecnolog\u00edas como Internet en los cambios globales, la paz o el cambio clim\u00e1tico.<\/strong><\/span><\/p>\n<p class=\"p1\"><span style=\"font-size: 18pt;\"><strong>La revoluci\u00f3n digital est\u00e1 revolucionando las conciencias porque proporciona una explicaci\u00f3n del mundo v\u00e1lida para todos los campos del saber y todas las actividades humanas. Es indudable que, sabiendo buscar, Internet ofrece respuestas satisfactorias a pr\u00e1cticamente todo y vuelve realidad el derecho a la informaci\u00f3n. Internet es una ventana a la informaci\u00f3n y el conocimiento. Cambia para siempre la forma como viven, trabajan e interact\u00faan entre s\u00ed las personas.<\/strong><\/span><\/p>\n<p>&nbsp;<\/p>\n<p><img loading=\"lazy\" decoding=\"async\" class=\"aligncenter wp-image-15054 size-large\" src=\"https:\/\/politicosaldesnudo.com.mx\/wp-content\/uploads\/2023\/01\/P-REVOLUCION-CONCIENCIA-1024x573.png\" alt=\"\" width=\"800\" height=\"448\" \/><\/p>\n<p>&nbsp;<\/p>\n<p class=\"p1\"><span style=\"font-size: 18pt; color: #e42d33;\"><b>MANIPULACI\u00d3N DE LOS MEDIOS<\/b><\/span><\/p>\n<p class=\"p1\"><span style=\"font-size: 14pt;\">Una de las mayores revoluciones de las conciencias desatadas por Internet es el cuestionamiento a la fallida responsabilidad social y el abandono de los medios de comunicaci\u00f3n tradicionales como la radio, la televisi\u00f3n o la prensa escrita como principales fuentes de informaci\u00f3n y entretenimiento entre la poblaci\u00f3n.<\/span><\/p>\n<p class=\"p1\"><span style=\"font-size: 14pt;\">De ah\u00ed la fallida estrategia de la oposici\u00f3n en M\u00e9xico, ellos pretenden refugiarse en los medios convencionales para fortalecer el adoctrinamiento y enaltecer la manipulaci\u00f3n medi\u00e1tica de una poblaci\u00f3n, para ellos ignorante, desinformada, desideologizada, cuando se revierte en los tiempos actuales con la presencia de las redes sociales, el internet, la telefon\u00eda celular quienes asumen mayor responsabilidad en la formaci\u00f3n pol\u00edtica de las masas actuales que no son ni ignorantes, que su anterior desinformaci\u00f3n se revierte en una sobre informaci\u00f3n inaudita y sorpresiva. La ma\u00f1anera de lunes a viernes, de dos o mas horas, es el recurso ineludible de concientizaci\u00f3n mediante la polarizaci\u00f3n de valores, modelos econ\u00f3micos, an\u00e1lisis hist\u00f3rico e inclusive critica irrefutable sobre el modelo neoliberal.<\/span><\/p>\n<p class=\"p1\"><span style=\"font-size: 18pt;\"><strong>La lucha por lograr el poder, recuperarlo o preservarlo es hist\u00f3ricamente irreversible. Las lecciones de Maquiavelo<span class=\"Apple-converted-space\">\u00a0 <\/span>present\u00f3 siempre la preservaci\u00f3n del poder pol\u00edtico por encima de cualquier consideraci\u00f3n de orden \u00e9tico; sus reflexiones y an\u00e1lisis sobre la naturaleza del poder pol\u00edtico y sobre las distintas maneras de conservarlo fueron el producto de su propia experiencia durante la \u00e9poca en que se desempe\u00f1\u00f3 como canciller o diplom\u00e1tico de Florencia. Afirmaba que para que un gobierno sea efectivo, no interesa en modo alguno el Estado deseable, que debiera existir sino el que existe.<\/strong><\/span><\/p>\n<p class=\"p1\"><span style=\"font-size: 14pt;\">Asimismo, los innumerables consejos pol\u00edticos que llenan las p\u00e1ginas de El Pr\u00edncipe no tienen otro objetivo que el mismo poder. Cuando se recomienda al pr\u00edncipe tener medios de coacci\u00f3n disponibles, cultivar los vicios necesarios, ser m\u00e1s temido que amado, o ser a la vez el zorro y el le\u00f3n, no se le est\u00e1 se\u00f1alando el camino a la eternidad (fin religioso), ni a la riqueza (fin econ\u00f3mico), sino al poder per se (entendiendo por \u00e9ste, el fin pol\u00edtico por excelencia).<\/span><\/p>\n<p>&nbsp;<\/p>\n<p class=\"p1\"><span style=\"font-size: 18pt; color: #e42d33;\"><b>LA GRAN OLA 4T<\/b><\/span><\/p>\n<p class=\"p1\"><span style=\"font-size: 14pt;\">La tendencia de Maquiavelo es evidentemente \u201cabstraer la pol\u00edtica de toda consideraci\u00f3n y escribir acerca de ella como si fuera un fin\u201d (Sabine), haciendo del poder ese fin que justifica cualquier medio necesario. Pero indudablemente, el poder es un concepto muy amplio, y que no se remite estrictamente al campo de estudio que abarca el florentino. Podemos hablar de un poder espiritual, de un poder econ\u00f3mico, e incluso de un poder dom\u00e9stico, que abarcan esferas de la realidad muy distantes a lo que Maquiavelo comprend\u00eda por pol\u00edtica. Para comprender el concepto de lo pol\u00edtico en el autor de El pr\u00edncipe, ser\u00e1 necesario acotar la noci\u00f3n de poder al \u00e1mbito del poder claramente estudiado por \u00e9l<span class=\"Apple-converted-space\">\u00a0 <\/span>poder pol\u00edtico\u201d. (El concepto de lo pol\u00edtico en Nicol\u00e1s Maquiavelo. Luis Leandro Schenoni).<\/span><\/p>\n<p class=\"p1\"><span style=\"font-size: 18pt;\"><strong>Esta nueva<span class=\"Apple-converted-space\">\u00a0 <\/span>oposici\u00f3n en M\u00e9xico, instituida<span class=\"Apple-converted-space\">\u00a0 <\/span>desde el 2018, est\u00e1 realmente formada por una minor\u00eda sumamente corrupta, en su enfermizo y fren\u00e9tico prop\u00f3sito de recuperar los espacios perdidos ante la 4T. En ella<span class=\"Apple-converted-space\">\u00a0 <\/span>est\u00e1n enquistados\u00a0el poder\u00a0medi\u00e1tico, religioso, empresarial y pol\u00edtico -incluidos ex funcionarios, legisladores, jueces, magistrados-, de las m\u00e1s altas esferas del poder\u00edo real<span class=\"Apple-converted-space\">\u00a0 <\/span>en nuestro pa\u00eds.<\/strong><\/span><\/p>\n<p class=\"p1\"><span style=\"font-size: 14pt;\">Oposici\u00f3n que asume<span class=\"Apple-converted-space\">\u00a0 <\/span>un desquiciado y c\u00ednico mecanismo de estar en contra de todo, todo lo que haga o diga L\u00f3pez Obrador, el gobierno en general y sobre todo en la forma devastadora en que ellos dejaron al pa\u00eds y medi\u00e1ticamente pretenden achacarle todos esos males a la 4T. Que la ma\u00f1anera se los refuta y refunde diariamente desde hace 4 a\u00f1os.<\/span><\/p>\n<p class=\"p1\"><span style=\"font-size: 18pt;\"><strong>Este 2023 es el inicio para la consolidaci\u00f3n de la Cuarta Transformaci\u00f3n: la renovaci\u00f3n del INE, las contiendas electorales en el Estado de M\u00e9xico y Coahuila,<span class=\"Apple-converted-space\">\u00a0 <\/span>para cambios de gobernador, congresos locales y municipios, ser\u00e1n el parteaguas del cambio que se avecina en el 2024, en la que hay renovaci\u00f3n presidencial y del gobierno federal,<span class=\"Apple-converted-space\">\u00a0 <\/span>varias gubernaturas,<span class=\"Apple-converted-space\">\u00a0 <\/span>sus congresos locales, alcald\u00edas y sobre todo el Congreso federal con todo y diputados y senadores, que deben ser mayor\u00eda o de la Oposici\u00f3n o de la 4T. No hay de otra.<\/strong><\/span><\/p>\n<p class=\"p1\"><span style=\"font-size: 14pt;\">Las luchas intestinas al interior de los partidos que conforman Va por M\u00e9xico,<span class=\"Apple-converted-space\">\u00a0 <\/span>para colocar militantes destacados<span class=\"Apple-converted-space\">\u00a0 <\/span>del proceso electoral. Esto tambi\u00e9n se observa en el propio partido Morena y sus aliados en el caso de Coahuila y se refleja en los movimientos, ataques, deslices, aciertos de las \u201ccorcholatas\u201d tempranamente destapadas. <\/span><\/p>\n<p class=\"p1\"><span style=\"font-size: 14pt;\">El Monero Hern\u00e1ndez lo tuitea de esta manera: \u201cLa oposici\u00f3n moralmente derrotada ni siquiera entiende el concepto de -moralmente derrotada-\u201d. Lo dicho por Benito Ju\u00e1rez lo confirma: \u201cEs imposible, moralmente hablando, que la reacci\u00f3n triunfe. <\/span><\/p>\n<p>&nbsp;<\/p>\n<hr \/>\n<p>&nbsp;<\/p>\n<p><img loading=\"lazy\" decoding=\"async\" class=\"aligncenter wp-image-11449\" src=\"http:\/\/noticiasveracruz.com\/wp-content\/uploads\/2023\/01\/FIRMA-EDITORIAL-NV-300x37.png\" alt=\"\" width=\"1000\" height=\"122\" srcset=\"https:\/\/noticiasveracruz.com\/wp-content\/uploads\/2023\/01\/FIRMA-EDITORIAL-NV-300x37.png 300w, https:\/\/noticiasveracruz.com\/wp-content\/uploads\/2023\/01\/FIRMA-EDITORIAL-NV-1024x125.png 1024w, https:\/\/noticiasveracruz.com\/wp-content\/uploads\/2023\/01\/FIRMA-EDITORIAL-NV-768x94.png 768w, https:\/\/noticiasveracruz.com\/wp-content\/uploads\/2023\/01\/FIRMA-EDITORIAL-NV-1536x188.png 1536w, https:\/\/noticiasveracruz.com\/wp-content\/uploads\/2023\/01\/FIRMA-EDITORIAL-NV-2048x250.png 2048w\" sizes=\"auto, (max-width: 1000px) 100vw, 1000px\" \/><\/p>\n<p>&nbsp;<\/p>\n<p>&nbsp;<\/p>\n<p>&nbsp;<\/p>\n<p>&nbsp;<\/p>\n<p>&nbsp;<\/p>\n<p>&nbsp;<\/p>\n<p>&nbsp;<\/p>\n","protected":false},"excerpt":{"rendered":"<p>&nbsp; Por Francisco Blanco Calder\u00f3n La Revoluci\u00f3n de las Conciencias coloca a M\u00e9xico a la vanguardia. El pueblo de M\u00e9xico<\/p>\n","protected":false},"author":4,"featured_media":3566,"comment_status":"closed","ping_status":"closed","sticky":false,"template":"","format":"standard","meta":{"colormag_page_container_layout":"default_layout","colormag_page_sidebar_layout":"default_layout","_jetpack_memberships_contains_paid_content":false,"footnotes":"","jetpack_publicize_message":"","jetpack_publicize_feature_enabled":true,"jetpack_social_post_already_shared":true,"jetpack_social_options":{"image_generator_settings":{"template":"highway","default_image_id":0,"font":"","enabled":false},"version":2}},"categories":[6],"tags":[],"class_list":["post-12031","post","type-post","status-publish","format-standard","has-post-thumbnail","hentry","category-columnistas"],"jetpack_publicize_connections":[],"jetpack_featured_media_url":"https:\/\/noticiasveracruz.com\/wp-content\/uploads\/2022\/04\/NV-FRANCISCO-BLANCO.png","jetpack_sharing_enabled":true,"publishpress_future_action":{"enabled":false,"date":"2026-05-06 15:08:35","action":"change-status","newStatus":"draft","terms":[],"taxonomy":"category","extraData":[]},"publishpress_future_workflow_manual_trigger":{"enabledWorkflows":[]},"_links":{"self":[{"href":"https:\/\/noticiasveracruz.com\/index.php\/wp-json\/wp\/v2\/posts\/12031","targetHints":{"allow":["GET"]}}],"collection":[{"href":"https:\/\/noticiasveracruz.com\/index.php\/wp-json\/wp\/v2\/posts"}],"about":[{"href":"https:\/\/noticiasveracruz.com\/index.php\/wp-json\/wp\/v2\/types\/post"}],"author":[{"embeddable":true,"href":"https:\/\/noticiasveracruz.com\/index.php\/wp-json\/wp\/v2\/users\/4"}],"replies":[{"embeddable":true,"href":"https:\/\/noticiasveracruz.com\/index.php\/wp-json\/wp\/v2\/comments?post=12031"}],"version-history":[{"count":0,"href":"https:\/\/noticiasveracruz.com\/index.php\/wp-json\/wp\/v2\/posts\/12031\/revisions"}],"wp:featuredmedia":[{"embeddable":true,"href":"https:\/\/noticiasveracruz.com\/index.php\/wp-json\/wp\/v2\/media\/3566"}],"wp:attachment":[{"href":"https:\/\/noticiasveracruz.com\/index.php\/wp-json\/wp\/v2\/media?parent=12031"}],"wp:term":[{"taxonomy":"category","embeddable":true,"href":"https:\/\/noticiasveracruz.com\/index.php\/wp-json\/wp\/v2\/categories?post=12031"},{"taxonomy":"post_tag","embeddable":true,"href":"https:\/\/noticiasveracruz.com\/index.php\/wp-json\/wp\/v2\/tags?post=12031"}],"curies":[{"name":"wp","href":"https:\/\/api.w.org\/{rel}","templated":true}]}}