{"id":12024,"date":"2023-01-16T00:10:10","date_gmt":"2023-01-16T06:10:10","guid":{"rendered":"https:\/\/noticiasveracruz.com\/?p=12024"},"modified":"2023-01-16T00:00:53","modified_gmt":"2023-01-16T06:00:53","slug":"ignorancia-y-caciquil-el-c-p-n-del-pri-y-alejandro-moreno","status":"publish","type":"post","link":"https:\/\/noticiasveracruz.com\/index.php\/2023\/01\/16\/ignorancia-y-caciquil-el-c-p-n-del-pri-y-alejandro-moreno\/","title":{"rendered":"Ignorancia y caciquil, el C.P. N. del PRI y Alejandro Moreno"},"content":{"rendered":"<p class=\"p1\">\n<p>&nbsp;<\/p>\n<p class=\"p1\"><span style=\"font-size: 18pt;\"><b>Por Carlos O. Silva Bandala <\/b><\/span><\/p>\n<p class=\"p1\"><span style=\"font-size: 14pt;\">Por extensi\u00f3n a su definici\u00f3n gramatical el t\u00e9rmino cacique se emplea en un sentido m\u00e1s amplio para nombrar a cualquier individuo que, en un grupo, ejerce la autoridad abusando de su poder. <\/span><\/p>\n<p class=\"p1\"><span style=\"font-size: 14pt;\">Esa realidad aut\u00f3crata, tirana, que tuvo su expresi\u00f3n m\u00e1s difundida en Am\u00e9rica Latina en diferentes per\u00edodos de su historia, particularmente en nuestro pa\u00eds, pues cre\u00edamos que hab\u00eda desaparecido de la pol\u00edtica, que solo era motivo de narrativas de un pasado de dominaci\u00f3n e intromisi\u00f3n abusiva, vali\u00e9ndose de su poder o influencia. Hoy vemos como otros tratan de ocupar su lugar, utilizando formas distorsionadas de gobierno en medio de un clientelismo pol\u00edtico. <\/span><\/p>\n<p class=\"p1\"><span style=\"font-size: 18pt;\"><strong>Es un error hist\u00f3rico en que est\u00e1 involucrando Alejandro Moreno al PRI, que mediante el Consejo Pol\u00edtico Nacional pretende continuar su gesti\u00f3n al frente del instituto, hasta fines del 2024, porque no solo es la causa inapropiada de un reposicionamiento pol\u00edtico en la presidencia del Comit\u00e9 Ejecutivo Nacional, sino, a\u00fan m\u00e1s grave, empeora la p\u00e9rdida de confianza de la ciudadan\u00eda en el partido.<\/strong><\/span><\/p>\n<p class=\"p1\"><span style=\"font-size: 14pt;\"> Y pudiera ser que, mediante argucias legaloides, su estad\u00eda logre ampliar los tiempos, pero dif\u00edcil podr\u00e1 acontecer que se legitime en la militancia y simpat\u00eda pri\u00edstas. Alito Moreno no alcanza a entender la pol\u00edtica dentro de un estado moderno, de leyes y normas socialmente aceptadas, que nos rigen y orientan a vivir en la legalidad. Los pri\u00edstas de hoy, no son los sumisos y obedientes al servicio de caciques del pasado. Ese es el error hist\u00f3rico en que vive Alito en perjuicio imaginable para la desgracia mayor al PRI. <\/span><\/p>\n<p>&nbsp;<\/p>\n<p><img loading=\"lazy\" decoding=\"async\" class=\"aligncenter wp-image-15043 size-large\" src=\"https:\/\/politicosaldesnudo.com.mx\/wp-content\/uploads\/2023\/01\/P-ALITO-MADRAZO-1024x573.png\" alt=\"\" width=\"800\" height=\"448\" \/><\/p>\n<p>&nbsp;<\/p>\n<p class=\"p1\"><span style=\"font-size: 18pt;\"><strong>Alejandro Moreno, arrastra una cola tan larga de desprestigio personal y perdedor de elecciones estatales (11) como jam\u00e1s ha acontecido en la octogenaria historia del Partido. De ah\u00ed que los expresidentes del PRI: Roberto Madrazo, Claudia Ruiz Massieu, Dulce Mar\u00eda Sauri, Pedro Joaqu\u00edn Cadwell y el Senador Miguel \u00c1ngel Osorio Chong, hayan hecho p\u00fablico su repudio a esa ambici\u00f3n autocr\u00e1tica de A. Moreno, que ha impuesto su voluntad como suprema ley del partido.<\/strong><\/span><\/p>\n<p class=\"p1\"><span style=\"font-size: 14pt;\"> El reclamo no est\u00e1 encaminado por animadversi\u00f3n personal para destituirlo, sino m\u00e1s bien, por su desempe\u00f1o poco \u00e9tico, amoral p\u00fablico- pol\u00edtico, que va m\u00e1s all\u00e1, porque al PRI lo est\u00e1 hundiendo cada vez m\u00e1s. Sin embargo, el TEPJF da rev\u00e9s a las impugnaciones presentadas por los expresidentes del PRI, Alito Moreno habr\u00e1 ganado la primera gran batalla: continuar y decidir a conveniencia propia y de grupo, cual cacique, todo lo que viene para el 2024 en materia electoral. Ser\u00eda una batalla p\u00edrrica, a modo, interna, porque las otras que vienen, muy complicadas y riesgosas para el futuro del Instituto, son precisamente las elecciones del 2024, circunstancias a las que no beneficia la desacreditada personalidad de Alito.<\/span><\/p>\n<p class=\"p1\"><span style=\"font-size: 14pt;\">Sin dejar de reconocer lo mucho que ha representado el PRI en la transformaci\u00f3n moderna del pa\u00eds, hoy dicho organismo remolca un descr\u00e9dito nacional por abusos, corrupci\u00f3n e impunidad desde el poder p\u00fablico, que fue degenerando en su valor social poco a poco, pero lo de Alejandro Moreno no tiene parang\u00f3n en la err\u00e1tica directriz de su gesti\u00f3n; erosiona a\u00fan m\u00e1s al partido. El desinter\u00e9s recurrente de la gente al partido y la desventurada participaci\u00f3n del Consejo Pol\u00edtico Nacional, sumisa e ignominiosa, de haber aprobado por 458 votos la modificaci\u00f3n estatutaria, que le da la posibilidad a Alito de continuar como dirigente nacional, evidencia como los \u201cconsejeros\u201d se quedaron estancados en el viejo PRI de los 60\/70, que actuaban como levanta dedos, import\u00e1ndoles muy poco el desprestigio y mala imagen p\u00fablica\/pol\u00edtica de algunos, como es el caso de A. Moreno al soslayar el desdoro, del susodicho. Es ins\u00f3lito la participaci\u00f3n colegiada del Consejo Pol\u00edtico en la falta de debate para analizar asuntos de transcendencia en el momento hist\u00f3rico por el que hoy transita el PRI. No asimilan que M\u00e9xico es un pa\u00eds avanzado y progresista, de participaci\u00f3n social deliberativa, en la b\u00fasqueda constante por hacerse escuchar con la fuerza de la legalidad y del entendimiento, que deben prevalecer en los acuerdos pol\u00edticos. <\/span><\/p>\n<p>&nbsp;<\/p>\n<p class=\"p1\"><span style=\"font-size: 18pt; color: #e42d33;\"><b>CONSIDERACIONES<\/b><\/span><\/p>\n<p class=\"p1\"><span style=\"font-size: 14pt;\">Por ahora el PRI lleva la delantera en la alianza PAN\/PRI\/PRD, pues, los abanderados candidatos a los gobiernos de Coahuila y Edomex son pri\u00edstas. No son candidatos de mutuo propio de Alejandro Moreno, lo son de los gobernadores Miguel A. Riquelme y Alfredo del Mazo. El resultado electoral, ser\u00e1 un referente para estrategias a seguir, en el sentido de si el candidato de tal alianza ser\u00e1 pri\u00edsta o panista, en cuyos acuerdos se ver\u00e1n muy complicados para la toma de decisiones, pues, Alito Moreno no podr\u00e1 pasar por alto el resolutivo, que obligadamente debe aprobarse en la Asamblea Nacional: solos o acompa\u00f1ados y con quien como el candidato presidencial; a\u00fan m\u00e1s si el candidato de la alianza fuere del PAN. De all\u00ed la alerta de los expresidentes del PRI para regresar a la legalidad, a la que obliga los documentos b\u00e1sicos del partido.<\/span><\/p>\n<p>&nbsp;<\/p>\n<p class=\"p1\"><span style=\"font-size: 18pt; color: #e42d33;\"><b>CONSEJO POL\u00cdTICO NACIONAL<\/b><\/span><\/p>\n<p class=\"p1\"><span style=\"font-size: 14pt;\">Los consejeros conforman un organismo de representaci\u00f3n asesor, que delibera, opina y propone mediante sus conocimientos y pr\u00e1cticas en todas las materias necesarias, que requieren de expertos que gu\u00eden el ejercicio pol\u00edtico partidista. \u00bfEl actual C.P.N. tiene esas caracter\u00edsticas b\u00e1sicas a partir de datos objetivos y an\u00e1lisis de estos para afrontar situaciones de crisis pol\u00edticas?, \u00bfCu\u00e1ntos de esos 458 son pol\u00edticos prestigiosos, inteligentes y capaces?, \u00bfO la mayor\u00eda son unos perfectos desconocidos y acomodaticios circunstanciales?, \u00bfLa militancia y simpatizantes saben qui\u00e9nes son esos 458? Quiz\u00e1 la mayor\u00eda sean fantasmas que como zombis se aparecen en la sede nacional del PRI para tomar decisiones ama\u00f1adas, con un total desconocimiento de las reglas que regulan su funcionamiento claramente establecidas en el Reglamento del Consejo Pol\u00edtico Nacional, que data el Cap\u00edtulo 1, Art\u00edculo 2: El Consejo Pol\u00edtico Nacional es el \u00f3rgano deliberativo de direcci\u00f3n colegiada, de car\u00e1cter permanente, subordinado a la Asamblea Nacional, en el que las fuerzas m\u00e1s significativas del Partido ser\u00e1n corresponsables de la planeaci\u00f3n, decisi\u00f3n y evaluaci\u00f3n pol\u00edtica, en los t\u00e9rminos de los estatutos del partido. El Consejo Pol\u00edtico Nacional es un espacio de direcci\u00f3n colegiada que acerca y vincula a dirigentes, cuadros y militantes. <\/span><\/p>\n<p class=\"p1\"><span style=\"font-size: 14pt;\">Es un instrumento que promueve la unidad y acci\u00f3n del Partido, ajeno a intereses de grupo e individuos. El Consejo Pol\u00edtico no tendr\u00e1 facultades ejecutivas. <\/span><\/p>\n<p>&nbsp;<\/p>\n<p class=\"p1\"><span style=\"font-size: 18pt; color: #e42d33;\"><b>LA ASAMBLEA NACIONAL<\/b><\/span><\/p>\n<p class=\"p1\"><span style=\"font-size: 14pt;\">Existe un principio legal que dice: el desconocimiento de la ley no exime de responsabilidad. Esto es precisamente lo que sucedi\u00f3 en la reuni\u00f3n del C.P.N. que aprob\u00f3 una reforma a los estatutos del partido, y a mayor abundamiento informativo, existe el antecedente de la convocatoria a la XXII Asamblea Nacional Ordinaria, que dicta en el p\u00e1rrafo octavo: Que el Partido Revolucionario Institucional tiene como \u00f3rgano supremo la Asamblea Nacional, que est\u00e1 facultada para emitir y reformar nuestros documentos b\u00e1sicos, as\u00ed como para conocer y analizar la situaci\u00f3n pol\u00edtica y electoral que observe nuestro instituto pol\u00edtico y definir las l\u00edneas de acci\u00f3n a seguir. <\/span><\/p>\n<p class=\"p1\"><span style=\"font-size: 14pt;\">Es la Asamblea Nacional el m\u00e1ximo espacio y participaci\u00f3n plena, abierta y libre, as\u00ed como una reflexi\u00f3n profunda, un an\u00e1lisis donde se respeta todas y cada una de las opiniones vertidas para construir conceptos consensuados que definan los objetivos de un partido moderno, y vanguardista, con la capacidad para transformar y transformarse y con la obligaci\u00f3n y responsabilidad de corregir caminos y trazar nuevos. <\/span><\/p>\n<p class=\"p1\"><span style=\"font-size: 14pt;\">Alejandro Moreno, al desconocer la raz\u00f3n presente de la m\u00e1xima autoridad normativa del partido, la Asamblea Nacional, desoye a los pri\u00edstas de todo territorio nacional, en el n\u00famero que sean, tal vez varias centenas de miles de afiliados y simpatizantes, para atrincherarse en unos cuantos que conforman el Consejo Pol\u00edtico Nacional. <\/span><\/p>\n<p class=\"p1\"><span style=\"font-size: 18pt;\"><strong>No le falta razones a los expresidentes del PRI, Roberto Madrazo Pintado y dem\u00e1s, para oponerse a tan descocada pretensi\u00f3n autoritaria de Alito Moreno. Parafraseando al Senador Osorio Chong, Alejandro Moreno no es due\u00f1o del partido.<\/strong><\/span><\/p>\n<p>&nbsp;<\/p>\n<hr \/>\n<p>&nbsp;<\/p>\n<p><strong><span style=\"font-size: 18pt;\">Correo: <span class=\"s1\"><a href=\"mailto:flormarcc2@gmail.com\">flormarcc2@gmail.com<\/a><\/span><\/span><\/strong><\/p>\n<p>&nbsp;<\/p>\n<p><img loading=\"lazy\" decoding=\"async\" class=\"aligncenter wp-image-11449\" src=\"http:\/\/noticiasveracruz.com\/wp-content\/uploads\/2023\/01\/FIRMA-EDITORIAL-NV-300x37.png\" alt=\"\" width=\"1000\" height=\"122\" srcset=\"https:\/\/noticiasveracruz.com\/wp-content\/uploads\/2023\/01\/FIRMA-EDITORIAL-NV-300x37.png 300w, https:\/\/noticiasveracruz.com\/wp-content\/uploads\/2023\/01\/FIRMA-EDITORIAL-NV-1024x125.png 1024w, https:\/\/noticiasveracruz.com\/wp-content\/uploads\/2023\/01\/FIRMA-EDITORIAL-NV-768x94.png 768w, https:\/\/noticiasveracruz.com\/wp-content\/uploads\/2023\/01\/FIRMA-EDITORIAL-NV-1536x188.png 1536w, https:\/\/noticiasveracruz.com\/wp-content\/uploads\/2023\/01\/FIRMA-EDITORIAL-NV-2048x250.png 2048w\" sizes=\"auto, (max-width: 1000px) 100vw, 1000px\" \/><\/p>\n<p>&nbsp;<\/p>\n<p>&nbsp;<\/p>\n<p>&nbsp;<\/p>\n","protected":false},"excerpt":{"rendered":"<p>&nbsp; Por Carlos O. Silva Bandala Por extensi\u00f3n a su definici\u00f3n gramatical el t\u00e9rmino cacique se emplea en un sentido<\/p>\n","protected":false},"author":4,"featured_media":7039,"comment_status":"closed","ping_status":"closed","sticky":false,"template":"","format":"standard","meta":{"colormag_page_container_layout":"default_layout","colormag_page_sidebar_layout":"default_layout","_jetpack_memberships_contains_paid_content":false,"footnotes":"","jetpack_publicize_message":"","jetpack_publicize_feature_enabled":true,"jetpack_social_post_already_shared":true,"jetpack_social_options":{"image_generator_settings":{"template":"highway","default_image_id":0,"font":"","enabled":false},"version":2}},"categories":[6],"tags":[380,194],"class_list":["post-12024","post","type-post","status-publish","format-standard","has-post-thumbnail","hentry","category-columnistas","tag-alejandro-moreno","tag-pri"],"jetpack_publicize_connections":[],"jetpack_featured_media_url":"https:\/\/noticiasveracruz.com\/wp-content\/uploads\/2022\/08\/NV-CARLOS-SILVA2.png","jetpack_sharing_enabled":true,"publishpress_future_action":{"enabled":false,"date":"2026-05-06 13:44:08","action":"change-status","newStatus":"draft","terms":[],"taxonomy":"category","extraData":[]},"publishpress_future_workflow_manual_trigger":{"enabledWorkflows":[]},"_links":{"self":[{"href":"https:\/\/noticiasveracruz.com\/index.php\/wp-json\/wp\/v2\/posts\/12024","targetHints":{"allow":["GET"]}}],"collection":[{"href":"https:\/\/noticiasveracruz.com\/index.php\/wp-json\/wp\/v2\/posts"}],"about":[{"href":"https:\/\/noticiasveracruz.com\/index.php\/wp-json\/wp\/v2\/types\/post"}],"author":[{"embeddable":true,"href":"https:\/\/noticiasveracruz.com\/index.php\/wp-json\/wp\/v2\/users\/4"}],"replies":[{"embeddable":true,"href":"https:\/\/noticiasveracruz.com\/index.php\/wp-json\/wp\/v2\/comments?post=12024"}],"version-history":[{"count":0,"href":"https:\/\/noticiasveracruz.com\/index.php\/wp-json\/wp\/v2\/posts\/12024\/revisions"}],"wp:featuredmedia":[{"embeddable":true,"href":"https:\/\/noticiasveracruz.com\/index.php\/wp-json\/wp\/v2\/media\/7039"}],"wp:attachment":[{"href":"https:\/\/noticiasveracruz.com\/index.php\/wp-json\/wp\/v2\/media?parent=12024"}],"wp:term":[{"taxonomy":"category","embeddable":true,"href":"https:\/\/noticiasveracruz.com\/index.php\/wp-json\/wp\/v2\/categories?post=12024"},{"taxonomy":"post_tag","embeddable":true,"href":"https:\/\/noticiasveracruz.com\/index.php\/wp-json\/wp\/v2\/tags?post=12024"}],"curies":[{"name":"wp","href":"https:\/\/api.w.org\/{rel}","templated":true}]}}