{"id":12021,"date":"2023-01-16T00:09:22","date_gmt":"2023-01-16T06:09:22","guid":{"rendered":"https:\/\/noticiasveracruz.com\/?p=12021"},"modified":"2023-01-15T23:54:03","modified_gmt":"2023-01-16T05:54:03","slug":"delito-presidencial","status":"publish","type":"post","link":"https:\/\/noticiasveracruz.com\/index.php\/2023\/01\/16\/delito-presidencial\/","title":{"rendered":"Delito presidencial"},"content":{"rendered":"<p>&nbsp;<\/p>\n<p class=\"p1\"><span style=\"font-size: 18pt;\"><b>Por Jessica Woolrich<\/b><\/span><\/p>\n<p class=\"p1\"><span style=\"font-size: 14pt;\">No cabe duda de que en la pol\u00edtica los partidos pueden estar separados en la superficie, pero a profundidad hay m\u00e1s similitudes que diferencias, y que los pol\u00edticos de un partido o de otro puede ser tan parecidos que llegan a cometer los mismos errores y delitos, como se est\u00e1 viendo que sucede en Estados Unidos, ya que cuando en agosto pasado se dio a conocer que en la casa del expresidente Donald Trump se hab\u00edan encontrado una serie de documentos clasificados que tendr\u00edan que haber estado en el Archivo de la Naci\u00f3n, el partido dem\u00f3crata levant\u00f3 la voz para exigirle a la justicia que procesara al exmandatario por esto, ya que de acuerdo a la ley estadounidense, ning\u00fan gobernante puede quedarse con documentos oficiales, y al terminar los mandatos, todos los papeles oficiales deben de enviarse al archivo oficial.<\/span><\/p>\n<p>&nbsp;<\/p>\n<p><img loading=\"lazy\" decoding=\"async\" class=\"aligncenter wp-image-15039 size-large\" src=\"https:\/\/politicosaldesnudo.com.mx\/wp-content\/uploads\/2023\/01\/P-TRUMP-TOP-SECRET-1024x573.png\" alt=\"\" width=\"800\" height=\"448\" \/><\/p>\n<p>&nbsp;<\/p>\n<p class=\"p1\"><span style=\"font-size: 14pt;\">Lo que no imaginaron en ese momento los dem\u00f3cratas, es que, en unos meses, el presidente Biden se ver\u00eda envuelto exactamente en el mismo esc\u00e1ndalo, ya que hace unos d\u00edas, un grupo de los abogados personales del presidente, dio a conocer que en noviembre pasado hab\u00edan encontrado documentos oficiales mientras revisaban los papeles en una oficina que hab\u00eda pertenecido a Biden, por lo que inmediatamente dieron aviso y los enviaron al Archivo de la Naci\u00f3n. \u00a0<\/span><\/p>\n<p class=\"p1\"><span style=\"font-size: 14pt;\">Ante la noticia, el partido dem\u00f3crata enmudeci\u00f3, y las mismas voces que en su momento se\u00f1alaron a Trump por el mismo hecho, de pronto quedaron en silencio, mientras que los republicanos se lanzaron en contra del presidente estadounidense y exigieron que se le procesara por este hecho.<\/span><\/p>\n<p class=\"p1\"><span style=\"font-size: 14pt;\">Uno de los temas que m\u00e1s llama la atenci\u00f3n es que inmediatamente de que se diera a conocer la noticia, el Secretario de Justicia de Estados Unidos, Merrick Garland, design\u00f3 a un fiscal especial para que investigara el caso, por lo que las investigaciones comenzaron y nuevas b\u00fasquedas se llevaron a cabo, con el resultado que nadie hubiera imaginado, ya que en un garaje de su casa y en una casa que posee en Delaware se encontraron m\u00e1s documentos clasificados de la \u00e9poca en que fungi\u00f3 como vicepresidente, por lo que a decir de muchos analistas pol\u00edticos estadounidenses, el presidente podr\u00edan enfrentarse con la justicia y su mandato podr\u00eda estar en riesgo, por lo que hay que estar atentos a los siguientes d\u00edas y ver si no habr\u00e1 m\u00e1s hallazgos, que demuestren que Biden no aprendi\u00f3 de los errores de Trump porque como dijo Confucio \u201cEl hombre que ha cometido un error y no lo corrige, comete otro error mayor\u201d.<\/span><\/p>\n<p>&nbsp;<\/p>\n<hr \/>\n<p>&nbsp;<\/p>\n<p><img loading=\"lazy\" decoding=\"async\" class=\"aligncenter wp-image-11449\" src=\"http:\/\/noticiasveracruz.com\/wp-content\/uploads\/2023\/01\/FIRMA-EDITORIAL-NV-300x37.png\" alt=\"\" width=\"1000\" height=\"122\" srcset=\"https:\/\/noticiasveracruz.com\/wp-content\/uploads\/2023\/01\/FIRMA-EDITORIAL-NV-300x37.png 300w, https:\/\/noticiasveracruz.com\/wp-content\/uploads\/2023\/01\/FIRMA-EDITORIAL-NV-1024x125.png 1024w, https:\/\/noticiasveracruz.com\/wp-content\/uploads\/2023\/01\/FIRMA-EDITORIAL-NV-768x94.png 768w, https:\/\/noticiasveracruz.com\/wp-content\/uploads\/2023\/01\/FIRMA-EDITORIAL-NV-1536x188.png 1536w, https:\/\/noticiasveracruz.com\/wp-content\/uploads\/2023\/01\/FIRMA-EDITORIAL-NV-2048x250.png 2048w\" sizes=\"auto, (max-width: 1000px) 100vw, 1000px\" \/><\/p>\n<p>&nbsp;<\/p>\n<p>&nbsp;<\/p>\n<p>&nbsp;<\/p>\n<p>&nbsp;<\/p>\n","protected":false},"excerpt":{"rendered":"<p>&nbsp; Por Jessica Woolrich No cabe duda de que en la pol\u00edtica los partidos pueden estar separados en la superficie,<\/p>\n","protected":false},"author":4,"featured_media":10716,"comment_status":"closed","ping_status":"closed","sticky":false,"template":"","format":"standard","meta":{"colormag_page_container_layout":"default_layout","colormag_page_sidebar_layout":"default_layout","_jetpack_memberships_contains_paid_content":false,"footnotes":"","jetpack_publicize_message":"","jetpack_publicize_feature_enabled":true,"jetpack_social_post_already_shared":true,"jetpack_social_options":{"image_generator_settings":{"template":"highway","default_image_id":0,"font":"","enabled":false},"version":2}},"categories":[6],"tags":[],"class_list":["post-12021","post","type-post","status-publish","format-standard","has-post-thumbnail","hentry","category-columnistas"],"jetpack_publicize_connections":[],"jetpack_featured_media_url":"https:\/\/noticiasveracruz.com\/wp-content\/uploads\/2022\/12\/P-JESSICA-WOOLRICH-NV.png","jetpack_sharing_enabled":true,"publishpress_future_action":{"enabled":false,"date":"2026-05-06 12:52:47","action":"change-status","newStatus":"draft","terms":[],"taxonomy":"category","extraData":[]},"publishpress_future_workflow_manual_trigger":{"enabledWorkflows":[]},"_links":{"self":[{"href":"https:\/\/noticiasveracruz.com\/index.php\/wp-json\/wp\/v2\/posts\/12021","targetHints":{"allow":["GET"]}}],"collection":[{"href":"https:\/\/noticiasveracruz.com\/index.php\/wp-json\/wp\/v2\/posts"}],"about":[{"href":"https:\/\/noticiasveracruz.com\/index.php\/wp-json\/wp\/v2\/types\/post"}],"author":[{"embeddable":true,"href":"https:\/\/noticiasveracruz.com\/index.php\/wp-json\/wp\/v2\/users\/4"}],"replies":[{"embeddable":true,"href":"https:\/\/noticiasveracruz.com\/index.php\/wp-json\/wp\/v2\/comments?post=12021"}],"version-history":[{"count":0,"href":"https:\/\/noticiasveracruz.com\/index.php\/wp-json\/wp\/v2\/posts\/12021\/revisions"}],"wp:featuredmedia":[{"embeddable":true,"href":"https:\/\/noticiasveracruz.com\/index.php\/wp-json\/wp\/v2\/media\/10716"}],"wp:attachment":[{"href":"https:\/\/noticiasveracruz.com\/index.php\/wp-json\/wp\/v2\/media?parent=12021"}],"wp:term":[{"taxonomy":"category","embeddable":true,"href":"https:\/\/noticiasveracruz.com\/index.php\/wp-json\/wp\/v2\/categories?post=12021"},{"taxonomy":"post_tag","embeddable":true,"href":"https:\/\/noticiasveracruz.com\/index.php\/wp-json\/wp\/v2\/tags?post=12021"}],"curies":[{"name":"wp","href":"https:\/\/api.w.org\/{rel}","templated":true}]}}