{"id":12019,"date":"2023-01-16T00:08:48","date_gmt":"2023-01-16T06:08:48","guid":{"rendered":"https:\/\/noticiasveracruz.com\/?p=12019"},"modified":"2023-01-15T23:46:53","modified_gmt":"2023-01-16T05:46:53","slug":"el-corrupto-mayor","status":"publish","type":"post","link":"https:\/\/noticiasveracruz.com\/index.php\/2023\/01\/16\/el-corrupto-mayor\/","title":{"rendered":"El corrupto mayor\u00a0"},"content":{"rendered":"<p class=\"p1\">\n<p>&nbsp;<\/p>\n<p class=\"p1\"><span style=\"font-size: 18pt;\"><b>Por M\u00f3nica Camarena Crespo<\/b><\/span><\/p>\n<p class=\"p1\"><span style=\"font-size: 14pt;\">La entrevista que concedi\u00f3 Jaime C\u00e1rdenas a la revista Proceso es de vital importancia para dimensionar el grado de corrupci\u00f3n que encabeza Andr\u00e9s Manuel L\u00f3pez Obrador en un gobierno tan rapaz, como vulgar y sucio.<\/span><\/p>\n<p class=\"p1\"><span style=\"font-size: 14pt;\">Muy importante revisar cada palabra del ex funcionario de la 4T, quien prefiri\u00f3 renunciar a cumplir las instrucciones del presidente, para robar y realizar actos ilegales que lo podr\u00edan haber llevado a la c\u00e1rcel, esa a donde debe ir AMLO y su pandilla.<\/span><\/p>\n<p class=\"p1\"><span style=\"font-size: 14pt;\">Con tal de realizar toda suerte de actos teatrales para enga\u00f1ar al pueblo, se confirma que L\u00f3pez Obrador minti\u00f3 junto con Alejandro Gertz Manero, cuando exhibi\u00f3 como triunfo, un\u00a0cheque por 2 mil millones de pesos que le entreg\u00f3 frente a las c\u00e1maras, el fiscal general de la Rep\u00fablica y que asegur\u00f3, ser\u00edan para pagar los premios de la rifa del avi\u00f3n presidencial, sorteo que reparti\u00f3 dinero en efectivo, pero no la aeronave, que hasta ahora sigue sin poder venderse.<\/span><\/p>\n<p class=\"p1\"><span style=\"font-size: 14pt;\">Cabe recordar que C\u00e1rdenas, renunci\u00f3\u00a0al Instituto para Devolver al Pueblo lo Robado (Indep) el 22 de septiembre de 2020, apenas cuatro meses despu\u00e9s de su ingreso a ra\u00edz de estos hechos y detalla a Proceso \u201cEse dinero nunca se us\u00f3 (\u2026) El Indep legalmente no pod\u00eda usar el dinero si no es un bien decomisado, abandonado, extinto o asegurado y ese cheque no estaba en ninguna de las cuatro categor\u00edas\u201d.<\/span><\/p>\n<p class=\"p1\"><span style=\"font-size: 14pt;\">Se confirma el circo que han sido las \u201cma\u00f1aneras\u201d pues en esta entrevista se devela que el dinero ni siquiera estaba en poder de la FGR a la hora que se present\u00f3 en la conferencia matutina en Palacio Nacional. Gertz Manero y L\u00f3pez Obrador posaron sonrientes para la foto, sosteniendo un cheque sin fondos.<\/span><\/p>\n<p class=\"p1\"><span style=\"font-size: 14pt;\">Y es que esos 2 mil millones de pesos, que presumieron L\u00f3pez Obrador y Gertz Manero, fueron \u201crecuperados\u201d bajo el supuesto\u00a0\u00a0\u201ccombate a la corrupci\u00f3n\u201d y estaban relacionados con un acuerdo de indemnizaci\u00f3n por terminar un contrato de manera anticipada entre el Infonavit y empresarios inmobiliarios: los hermanos Max y Andr\u00e9 El Mann y los tambi\u00e9n hermanos Rafael y Te\u00f3filo Zaga Tawil, este \u00faltimo preso en el penal del Altiplano, acusado de obtener fondos ilegalmente del instituto de vivienda, asegur\u00f3 Jaime C\u00e1rdenas en la entrevista.<\/span><\/p>\n<p class=\"p1\"><span style=\"font-size: 14pt;\">Pero el motivo central de la renuncia de C\u00e1rdenas fue la orden presidencial de\u00a0reponer esos 2 mil millones de pesos \u201cde donde fuera\u201d, pues el director del Indep ya hab\u00eda dicho que no se pod\u00eda disponer de ellos.<\/span><\/p>\n<p class=\"p1\"><span style=\"font-size: 14pt;\">\u201cNo puedes usar ese dinero del Infonavit, pues entonces ahora b\u00fascalo y encu\u00e9ntralo\u201d, fue la instrucci\u00f3n tajante de L\u00f3pez Obrador. Como esta debe haber varias instrucciones semejantes que habr\u00e1n de salir a la luz del corrupto mayor.<\/span><\/p>\n<p>&nbsp;<\/p>\n<hr \/>\n<p>&nbsp;<\/p>\n<p class=\"p1\"><span style=\"font-size: 18pt;\"><strong>Correo: <a href=\"mailto:parquejuarezweb@yahoo.com.mx\">parquejuarezweb@yahoo.com.mx<\/a><\/strong><\/span><\/p>\n<p class=\"p1\"><span style=\"font-size: 18pt;\"><strong>Twitter: <a href=\"http:\/\/www.twitter.com\/monicamarena\">@monicamarena<\/a><\/strong><\/span><\/p>\n<p>&nbsp;<\/p>\n<p><img loading=\"lazy\" decoding=\"async\" class=\"aligncenter wp-image-11449\" src=\"http:\/\/noticiasveracruz.com\/wp-content\/uploads\/2023\/01\/FIRMA-EDITORIAL-NV-300x37.png\" alt=\"\" width=\"1000\" height=\"122\" srcset=\"https:\/\/noticiasveracruz.com\/wp-content\/uploads\/2023\/01\/FIRMA-EDITORIAL-NV-300x37.png 300w, https:\/\/noticiasveracruz.com\/wp-content\/uploads\/2023\/01\/FIRMA-EDITORIAL-NV-1024x125.png 1024w, https:\/\/noticiasveracruz.com\/wp-content\/uploads\/2023\/01\/FIRMA-EDITORIAL-NV-768x94.png 768w, https:\/\/noticiasveracruz.com\/wp-content\/uploads\/2023\/01\/FIRMA-EDITORIAL-NV-1536x188.png 1536w, https:\/\/noticiasveracruz.com\/wp-content\/uploads\/2023\/01\/FIRMA-EDITORIAL-NV-2048x250.png 2048w\" sizes=\"auto, (max-width: 1000px) 100vw, 1000px\" \/><\/p>\n<p>&nbsp;<\/p>\n<p>&nbsp;<\/p>\n<p>&nbsp;<\/p>\n","protected":false},"excerpt":{"rendered":"<p>&nbsp; Por M\u00f3nica Camarena Crespo La entrevista que concedi\u00f3 Jaime C\u00e1rdenas a la revista Proceso es de vital importancia para<\/p>\n","protected":false},"author":4,"featured_media":3554,"comment_status":"closed","ping_status":"closed","sticky":false,"template":"","format":"standard","meta":{"colormag_page_container_layout":"default_layout","colormag_page_sidebar_layout":"default_layout","_jetpack_memberships_contains_paid_content":false,"footnotes":"","jetpack_publicize_message":"","jetpack_publicize_feature_enabled":true,"jetpack_social_post_already_shared":true,"jetpack_social_options":{"image_generator_settings":{"template":"highway","default_image_id":0,"font":"","enabled":false},"version":2}},"categories":[6],"tags":[],"class_list":["post-12019","post","type-post","status-publish","format-standard","has-post-thumbnail","hentry","category-columnistas"],"jetpack_publicize_connections":[],"jetpack_featured_media_url":"https:\/\/noticiasveracruz.com\/wp-content\/uploads\/2022\/04\/MO\u0301NICA-CAMARENA-CRESPO-1.png","jetpack_sharing_enabled":true,"publishpress_future_action":{"enabled":false,"date":"2026-05-06 13:40:24","action":"change-status","newStatus":"draft","terms":[],"taxonomy":"category","extraData":[]},"publishpress_future_workflow_manual_trigger":{"enabledWorkflows":[]},"_links":{"self":[{"href":"https:\/\/noticiasveracruz.com\/index.php\/wp-json\/wp\/v2\/posts\/12019","targetHints":{"allow":["GET"]}}],"collection":[{"href":"https:\/\/noticiasveracruz.com\/index.php\/wp-json\/wp\/v2\/posts"}],"about":[{"href":"https:\/\/noticiasveracruz.com\/index.php\/wp-json\/wp\/v2\/types\/post"}],"author":[{"embeddable":true,"href":"https:\/\/noticiasveracruz.com\/index.php\/wp-json\/wp\/v2\/users\/4"}],"replies":[{"embeddable":true,"href":"https:\/\/noticiasveracruz.com\/index.php\/wp-json\/wp\/v2\/comments?post=12019"}],"version-history":[{"count":0,"href":"https:\/\/noticiasveracruz.com\/index.php\/wp-json\/wp\/v2\/posts\/12019\/revisions"}],"wp:featuredmedia":[{"embeddable":true,"href":"https:\/\/noticiasveracruz.com\/index.php\/wp-json\/wp\/v2\/media\/3554"}],"wp:attachment":[{"href":"https:\/\/noticiasveracruz.com\/index.php\/wp-json\/wp\/v2\/media?parent=12019"}],"wp:term":[{"taxonomy":"category","embeddable":true,"href":"https:\/\/noticiasveracruz.com\/index.php\/wp-json\/wp\/v2\/categories?post=12019"},{"taxonomy":"post_tag","embeddable":true,"href":"https:\/\/noticiasveracruz.com\/index.php\/wp-json\/wp\/v2\/tags?post=12019"}],"curies":[{"name":"wp","href":"https:\/\/api.w.org\/{rel}","templated":true}]}}