{"id":12011,"date":"2023-01-16T00:00:42","date_gmt":"2023-01-16T06:00:42","guid":{"rendered":"https:\/\/noticiasveracruz.com\/?p=12011"},"modified":"2023-01-15T23:24:35","modified_gmt":"2023-01-16T05:24:35","slug":"los-nuevos-escenarios-para-edomex-y-coahuila","status":"publish","type":"post","link":"https:\/\/noticiasveracruz.com\/index.php\/2023\/01\/16\/los-nuevos-escenarios-para-edomex-y-coahuila\/","title":{"rendered":"Los nuevos escenarios para Edomex y Coahuila"},"content":{"rendered":"<p class=\"p1\">\n<p>&nbsp;<\/p>\n<p class=\"p1\"><span style=\"font-size: 18pt;\"><b>Por Jos\u00e9 Ure\u00f1a<\/b><\/span><\/p>\n<p class=\"p1\"><span style=\"font-size: 14pt;\">El panorama preelectoral cambi\u00f3. Mucho m\u00e1s de los enunciados period\u00edsticos.<\/span><\/p>\n<p class=\"p1\"><span style=\"font-size: 14pt;\">En primer lugar, se rompi\u00f3 la quimera del PVEM de ir en solitario en el Estado de M\u00e9xico y en Coahuila para fortalecer su base electoral rumbo a los comicios federales de 2024.<\/span><\/p>\n<p class=\"p1\"><span style=\"font-size: 14pt;\">Por orden de su mando nacional, el mando mexiquense se agrega incondicionalmente al partido del Gobierno, Morena, y seg\u00fan el dirigente priista Alejandro Moreno eso favorece la alianza opositora PRI-PAN-PRD.<\/span><\/p>\n<p class=\"p1\"><span style=\"font-size: 14pt;\">Este es su an\u00e1lisis: El Partido Verde tiene una base estimada entre ocho y nueve por ciento, a reflejarse en la votaci\u00f3n final en caso de competir de manera independiente.<\/span><\/p>\n<p class=\"p1\"><span style=\"font-size: 14pt;\">Con una acotaci\u00f3n: entre sus sufragantes unos simpatizan con alguna de las dos alianzas pero son mayor\u00eda quienes jam\u00e1s respaldar\u00edan a los candidatos del Gobierno.<\/span><\/p>\n<p class=\"p1\"><span style=\"font-size: 14pt;\">-Prefieren a la oposici\u00f3n, a la alianza nuestra y se ir\u00e1n con nosotros -sostiene Alito.<\/span><\/p>\n<p class=\"p1\"><span style=\"font-size: 14pt;\">En este sentido la beneficiaria deber\u00eda ser la priista Alejandra del Moral, porque quienes no son fan\u00e1ticos guindas se ir\u00edan hacia ese frente para cambiar la pol\u00edtica.<\/span><\/p>\n<p>&nbsp;<\/p>\n<p class=\"p1\"><span style=\"font-size: 18pt; color: #e42d33;\"><b>ANULAN A BERDEJA<\/b><\/span><\/p>\n<p class=\"p1\"><span style=\"font-size: 14pt;\">En segundo lugar desactiva la rebeli\u00f3n de Ricardo Mej\u00eda Berdeja. El sue\u00f1o del subsecretario de Seguridad era sumar a dos partidos sat\u00e9lites, el Verde y el PT, para desinflar al morenista Armando Guadiana y enfrentar al priista\/aliancista Manolo Jim\u00e9nez. Ya no los tiene y se le cierra el panorama.<\/span><\/p>\n<p class=\"p1\"><span style=\"font-size: 14pt;\">Se queda hu\u00e9rfano y su \u00fanica alternativa es convencer al amo y se\u00f1or del cielo guinda de apear a Guadiana para darle la oportunidad, pero Palacio Nacional no est\u00e1 para atender caprichos.<\/span><\/p>\n<p class=\"p1\"><span style=\"font-size: 14pt;\">Donde s\u00ed puede intervenir pero con rega\u00f1os y advertencias es en el Estado de M\u00e9xico para conciliar entre Higinio Mart\u00ednez, creador y cacique del Grupo Texcoco.<\/span><\/p>\n<p class=\"p1\"><span style=\"font-size: 14pt;\">Su empe\u00f1o es imponer a Delfina G\u00f3mez, quien no encuentra el ropaje esperado de su promotor Higinio Mart\u00ednez porque est\u00e1 enfrentado a su antiguo promovido y actual coordinador de campa\u00f1a, Horacio Duarte, porque \u00e9ste le disputa el poder.<\/span><\/p>\n<p class=\"p1\"><span style=\"font-size: 14pt;\">Si no hay un apremio presidencial, los operadores del senador seguir\u00e1n sin participar y su negligencia ser\u00e1 fundamental para el resultado de la contienda.<\/span><\/p>\n<p>&nbsp;<\/p>\n<p class=\"p1\"><span style=\"font-size: 18pt; color: #e42d33;\"><b>ARREGLO OPOSITOR<\/b><\/span><\/p>\n<p class=\"p1\"><span style=\"font-size: 14pt;\">Un tercer elemento es el fortalecimiento opositor. Se ha confirmado la suma PRI-PAN-PRD, coalici\u00f3n en la cual pocos cre\u00edan y mucho menos con la operaci\u00f3n del dirigente Alejandro Moreno, Alito.<\/span><\/p>\n<p class=\"p1\"><span style=\"font-size: 14pt;\">El campechano negoci\u00f3 de principio a fin con el panista Marko Cort\u00e9s y el perredista Jes\u00fas Zambrano bajo un principio: las plazas corresponden a los partidos electoralmente l\u00edderes.<\/span><\/p>\n<p class=\"p1\"><span style=\"font-size: 14pt;\">Es decir: en Coahuila y el Estado de M\u00e9xico el PRI tiene el Gobierno, trae las tendencias y por lo tanto le corresponde poner candidatos -principio no respetado en Hidalgo: Carolina Viggiano fue postulada por el PAN- bajo la alianza. Para este entendimiento fueron claves varios personajes.<\/span><\/p>\n<p class=\"p1\"><span style=\"font-size: 14pt;\">En especial el panista Enrique Vargas del Villar, quien ya es figura nacional de su partido y tiene un objetivo acordado: cabeza en la f\u00f3rmula para el Senado de la Rep\u00fablica en 2024 y tal vez coordinador de la fracci\u00f3n azul.<\/span><\/p>\n<p class=\"p1\"><span style=\"font-size: 14pt;\">Vargas del Villar no solamente declin\u00f3 y dej\u00f3 el camino libre a Alejandra del Moral, sino que opera desde hace meses con panistas, perredistas y aun morenistas y emecistas para enfrentar el aparato del Gobierno.<\/span><\/p>\n<p>&nbsp;<\/p>\n<p>&nbsp;<\/p>\n<hr \/>\n<p>&nbsp;<\/p>\n<p><img loading=\"lazy\" decoding=\"async\" class=\"aligncenter wp-image-11449\" src=\"http:\/\/noticiasveracruz.com\/wp-content\/uploads\/2023\/01\/FIRMA-EDITORIAL-NV-300x37.png\" alt=\"\" width=\"1000\" height=\"122\" srcset=\"https:\/\/noticiasveracruz.com\/wp-content\/uploads\/2023\/01\/FIRMA-EDITORIAL-NV-300x37.png 300w, https:\/\/noticiasveracruz.com\/wp-content\/uploads\/2023\/01\/FIRMA-EDITORIAL-NV-1024x125.png 1024w, https:\/\/noticiasveracruz.com\/wp-content\/uploads\/2023\/01\/FIRMA-EDITORIAL-NV-768x94.png 768w, https:\/\/noticiasveracruz.com\/wp-content\/uploads\/2023\/01\/FIRMA-EDITORIAL-NV-1536x188.png 1536w, https:\/\/noticiasveracruz.com\/wp-content\/uploads\/2023\/01\/FIRMA-EDITORIAL-NV-2048x250.png 2048w\" sizes=\"auto, (max-width: 1000px) 100vw, 1000px\" \/><\/p>\n<p>&nbsp;<\/p>\n<p>&nbsp;<\/p>\n<p>&nbsp;<\/p>\n<p>&nbsp;<\/p>\n<p>&nbsp;<\/p>\n<p>&nbsp;<\/p>\n","protected":false},"excerpt":{"rendered":"<p>&nbsp; Por Jos\u00e9 Ure\u00f1a El panorama preelectoral cambi\u00f3. Mucho m\u00e1s de los enunciados period\u00edsticos. En primer lugar, se rompi\u00f3 la<\/p>\n","protected":false},"author":4,"featured_media":3258,"comment_status":"closed","ping_status":"closed","sticky":false,"template":"","format":"standard","meta":{"colormag_page_container_layout":"default_layout","colormag_page_sidebar_layout":"default_layout","_jetpack_memberships_contains_paid_content":false,"footnotes":"","jetpack_publicize_message":"","jetpack_publicize_feature_enabled":true,"jetpack_social_post_already_shared":true,"jetpack_social_options":{"image_generator_settings":{"template":"highway","default_image_id":0,"font":"","enabled":false},"version":2}},"categories":[6],"tags":[],"class_list":["post-12011","post","type-post","status-publish","format-standard","has-post-thumbnail","hentry","category-columnistas"],"jetpack_publicize_connections":[],"jetpack_featured_media_url":"https:\/\/noticiasveracruz.com\/wp-content\/uploads\/2022\/04\/JOSE\u0301-UREN\u0303A.png","jetpack_sharing_enabled":true,"publishpress_future_action":{"enabled":false,"date":"2026-05-07 02:01:17","action":"change-status","newStatus":"draft","terms":[],"taxonomy":"category","extraData":[]},"publishpress_future_workflow_manual_trigger":{"enabledWorkflows":[]},"_links":{"self":[{"href":"https:\/\/noticiasveracruz.com\/index.php\/wp-json\/wp\/v2\/posts\/12011","targetHints":{"allow":["GET"]}}],"collection":[{"href":"https:\/\/noticiasveracruz.com\/index.php\/wp-json\/wp\/v2\/posts"}],"about":[{"href":"https:\/\/noticiasveracruz.com\/index.php\/wp-json\/wp\/v2\/types\/post"}],"author":[{"embeddable":true,"href":"https:\/\/noticiasveracruz.com\/index.php\/wp-json\/wp\/v2\/users\/4"}],"replies":[{"embeddable":true,"href":"https:\/\/noticiasveracruz.com\/index.php\/wp-json\/wp\/v2\/comments?post=12011"}],"version-history":[{"count":0,"href":"https:\/\/noticiasveracruz.com\/index.php\/wp-json\/wp\/v2\/posts\/12011\/revisions"}],"wp:featuredmedia":[{"embeddable":true,"href":"https:\/\/noticiasveracruz.com\/index.php\/wp-json\/wp\/v2\/media\/3258"}],"wp:attachment":[{"href":"https:\/\/noticiasveracruz.com\/index.php\/wp-json\/wp\/v2\/media?parent=12011"}],"wp:term":[{"taxonomy":"category","embeddable":true,"href":"https:\/\/noticiasveracruz.com\/index.php\/wp-json\/wp\/v2\/categories?post=12011"},{"taxonomy":"post_tag","embeddable":true,"href":"https:\/\/noticiasveracruz.com\/index.php\/wp-json\/wp\/v2\/tags?post=12011"}],"curies":[{"name":"wp","href":"https:\/\/api.w.org\/{rel}","templated":true}]}}