{"id":11987,"date":"2023-01-13T22:19:31","date_gmt":"2023-01-14T04:19:31","guid":{"rendered":"https:\/\/noticiasveracruz.com\/?p=11987"},"modified":"2023-01-14T10:33:45","modified_gmt":"2023-01-14T16:33:45","slug":"finaliza-trenecito-infantil-en-tu-escuela-dan-recorridos-a-mas-de-7-mil-ninos-tuxpenos","status":"publish","type":"post","link":"https:\/\/noticiasveracruz.com\/index.php\/2023\/01\/13\/finaliza-trenecito-infantil-en-tu-escuela-dan-recorridos-a-mas-de-7-mil-ninos-tuxpenos\/","title":{"rendered":"Finaliza \u201cTrenecito Infantil en tu Escuela\u201d, dan recorridos a m\u00e1s de 7 mil ni\u00f1os tuxpe\u00f1os"},"content":{"rendered":"<p class=\"p1\">\n<p class=\"p1\"><span style=\"font-size: 14pt;\"><em><strong>TUXPAN, VERACRUZ.<\/strong> <\/em>En la<strong> Escuela Primaria Jos\u00e9 L. Garizurieta<\/strong> de la colonia Rosa Mar\u00eda, se <strong>clausur\u00f3 el programa \u201cTrenecito Infantil en tu Escuela\u201d<\/strong>.<\/span><\/p>\n<p class=\"p1\"><span style=\"font-size: 14pt;\">El programa fue el resultado del trabajo organizado de la regidora segunda, Mar\u00eda del Pilar Mart\u00ednez Matesanz, comisionada en Ciencia y Tecnolog\u00eda; el Gobierno de Tuxpan y la 19\u00aa Zona Militar. <\/span><\/p>\n<p class=\"p1\"><span style=\"font-size: 18pt;\"><strong>El programa del municipio coordinado con la Sedena fue llevar las escuelas un trenecito para que los ni\u00f1os realizaran recorridos con el objetivo de promover la educaci\u00f3n integral a trav\u00e9s del fortalecimiento de los valores sociales y el respeto hacia las autoridades militares.<\/strong><\/span><\/p>\n<p class=\"p1\"><span style=\"font-size: 18pt; color: #e42d33;\"><strong>M\u00e1s de 7 mil 500 infantes de 57 escuelas urbanas y 7 escuelas rurales disfrutaron los recorridos que se realizaron en todo el municipio.<\/strong><\/span><\/p>\n<p>&nbsp;<\/p>\n<p><img loading=\"lazy\" decoding=\"async\" class=\"aligncenter wp-image-15001 size-large\" src=\"https:\/\/politicosaldesnudo.com.mx\/wp-content\/uploads\/2023\/01\/P-TREN-SEDENA-TUXPAN-2-1024x573.png\" alt=\"\" width=\"800\" height=\"448\" \/><\/p>\n<p>&nbsp;<\/p>\n<p class=\"p1\"><span style=\"font-size: 14pt;\">La clausura estuvo encabezada por la regidora segunda del Ayuntamiento de Tuxpan, Mar\u00eda del Pilar Mart\u00ednez Matesanz y el Teniente en Materiales de Guerra del 39 Batall\u00f3n, Joel C\u00f3rdova Patricio.<\/span><\/p>\n<p class=\"p1\"><span style=\"font-size: 14pt;\">El Mtro. Juan Pablo Vel\u00e1zquez Santes y Profa. Talina Fern\u00e1ndez Cobos, director y subdirectora de la Escuela Primaria Ej\u00e9rcito Nacional; Profa. Dalila de Jes\u00fas Antonio Hern\u00e1ndez, directora Esc. Prim. Ponciano Arriaga, de la comunidad Puente don Diego; y la Profa. Flor Gabriela Naranjo Garc\u00eda, directora de la Esc. Primaria Jos\u00e9 L. Garizurieta.<\/span><\/p>\n<p class=\"p1\"><span style=\"font-size: 18pt;\"><strong>La regidora Mar\u00eda del Pilar Mart\u00ednez Matesanz destac\u00f3 que el principal prop\u00f3sito del proyecto \u201cEl trenecito en tu escuela\u201d, fue implementar acciones que llevaran aprendizaje y alegr\u00eda a los ni\u00f1os de la ciudad. <\/strong><\/span><\/p>\n<p>&nbsp;<\/p>\n<p><img loading=\"lazy\" decoding=\"async\" class=\"aligncenter wp-image-15002 size-large\" src=\"https:\/\/politicosaldesnudo.com.mx\/wp-content\/uploads\/2023\/01\/P-TREN-SEDENA-TUXPAN-3-1024x573.png\" alt=\"\" width=\"800\" height=\"448\" \/><\/p>\n<p>&nbsp;<\/p>\n<p class=\"p1\"><span style=\"font-size: 18pt; color: #e42d33;\"><strong>Se\u00f1al\u00f3 que gracias a la colaboraci\u00f3n conjunta de autoridades municipales, personal militar y directivos de los planteles educativos, los logros del proyecto sobrepasaron las expectativas; y que el respeto demostrado hacia nuestro Ej\u00e9rcito por parte de ni\u00f1os y padres de familia fue muy satisfactorio. <\/strong><\/span><\/p>\n<p class=\"p1\"><span style=\"font-size: 14pt;\">Tambi\u00e9n agradeci\u00f3 en nombre del Gobierno Municipal al General Brigadier D.E.M. Fernando Antonio Solares Lammel, comandante de la 19\u00aa Zona Militar, su participaci\u00f3n en esta actividad.\u00a0<\/span><\/p>\n<p>&nbsp;<\/p>\n<blockquote>\n<p class=\"p1\"><span style=\"font-size: 14pt;\">Tengo plena seguridad que el trenecito infantil de la Sedena ha quedado plasmado en la memoria de nuestros peque\u00f1os pasajeros. La alegr\u00eda que los ni\u00f1os demostraron es nuestra m\u00e1s grande recompensa\u201d<\/span><\/p>\n<\/blockquote>\n<p>&nbsp;<\/p>\n<p class=\"p1\"><span style=\"font-size: 14pt;\">En ese sentido asegur\u00f3 que el Gobierno Municipal est\u00e1 trabajando en favor de la educaci\u00f3n de todas los ni\u00f1os de la ciudad.<\/span><\/p>\n","protected":false},"excerpt":{"rendered":"<p>TUXPAN, VERACRUZ. En la Escuela Primaria Jos\u00e9 L. Garizurieta de la colonia Rosa Mar\u00eda, se clausur\u00f3 el programa \u201cTrenecito Infantil<\/p>\n","protected":false},"author":4,"featured_media":11988,"comment_status":"closed","ping_status":"closed","sticky":false,"template":"","format":"standard","meta":{"colormag_page_container_layout":"default_layout","colormag_page_sidebar_layout":"default_layout","_jetpack_memberships_contains_paid_content":false,"footnotes":"","jetpack_publicize_message":"","jetpack_publicize_feature_enabled":true,"jetpack_social_post_already_shared":true,"jetpack_social_options":{"image_generator_settings":{"template":"highway","default_image_id":0,"font":"","enabled":false},"version":2}},"categories":[356],"tags":[760,1978,72,73],"class_list":["post-11987","post","type-post","status-publish","format-standard","has-post-thumbnail","hentry","category-veracruz","tag-sedena","tag-trenecito-infantil","tag-tuxpan","tag-veracruz"],"jetpack_publicize_connections":[],"jetpack_featured_media_url":"https:\/\/noticiasveracruz.com\/wp-content\/uploads\/2023\/01\/P-TREN-SEDENA-TUXPAN-1.png","jetpack_sharing_enabled":true,"publishpress_future_action":{"enabled":false,"date":"2026-05-06 16:05:01","action":"change-status","newStatus":"draft","terms":[],"taxonomy":"category","extraData":[]},"publishpress_future_workflow_manual_trigger":{"enabledWorkflows":[]},"_links":{"self":[{"href":"https:\/\/noticiasveracruz.com\/index.php\/wp-json\/wp\/v2\/posts\/11987","targetHints":{"allow":["GET"]}}],"collection":[{"href":"https:\/\/noticiasveracruz.com\/index.php\/wp-json\/wp\/v2\/posts"}],"about":[{"href":"https:\/\/noticiasveracruz.com\/index.php\/wp-json\/wp\/v2\/types\/post"}],"author":[{"embeddable":true,"href":"https:\/\/noticiasveracruz.com\/index.php\/wp-json\/wp\/v2\/users\/4"}],"replies":[{"embeddable":true,"href":"https:\/\/noticiasveracruz.com\/index.php\/wp-json\/wp\/v2\/comments?post=11987"}],"version-history":[{"count":0,"href":"https:\/\/noticiasveracruz.com\/index.php\/wp-json\/wp\/v2\/posts\/11987\/revisions"}],"wp:featuredmedia":[{"embeddable":true,"href":"https:\/\/noticiasveracruz.com\/index.php\/wp-json\/wp\/v2\/media\/11988"}],"wp:attachment":[{"href":"https:\/\/noticiasveracruz.com\/index.php\/wp-json\/wp\/v2\/media?parent=11987"}],"wp:term":[{"taxonomy":"category","embeddable":true,"href":"https:\/\/noticiasveracruz.com\/index.php\/wp-json\/wp\/v2\/categories?post=11987"},{"taxonomy":"post_tag","embeddable":true,"href":"https:\/\/noticiasveracruz.com\/index.php\/wp-json\/wp\/v2\/tags?post=11987"}],"curies":[{"name":"wp","href":"https:\/\/api.w.org\/{rel}","templated":true}]}}