{"id":11984,"date":"2023-01-14T04:00:47","date_gmt":"2023-01-14T10:00:47","guid":{"rendered":"https:\/\/noticiasveracruz.com\/?p=11984"},"modified":"2023-01-14T04:01:22","modified_gmt":"2023-01-14T10:01:22","slug":"coahuila-para-amlo","status":"publish","type":"post","link":"https:\/\/noticiasveracruz.com\/index.php\/2023\/01\/14\/coahuila-para-amlo\/","title":{"rendered":"Coahuila para AMLO"},"content":{"rendered":"<p>&nbsp;<\/p>\n<p class=\"p1\"><span style=\"font-size: 18pt;\"><strong>Por \u00c1ngel \u00c1lvaro Pe\u00f1a<\/strong><\/span><\/p>\n<p class=\"p1\"><span style=\"font-size: 18pt;\"><strong>La candidatura de Ricardo Mej\u00eda Berdeja por el PT para el gobierno de Coahuila, fue carne de presidio para quienes siguen viendo la pol\u00edtica con ojos del pasado y aventuran sus interpretaciones al vapor, y sin miedo al rid\u00edculo, mostrando falta de ejercicio pol\u00edtico y sobre todo, de conocimiento de la realidad del pa\u00eds.<\/strong><\/span><\/p>\n<p class=\"p1\"><span style=\"font-size: 14pt;\">Desde la llegada del actual r\u00e9gimen quienes se dec\u00edan l\u00edderes de opini\u00f3n con muy mala voluntad, pero tambi\u00e9n con mucha ignorancia, dan palos de ciegos para interpretar y cuestionar la pol\u00edtica del actual r\u00e9gimen, se extrav\u00edan en nimiedadades y se vuelven fr\u00edvolos mientras en el fondo quedan se\u00f1alados como los payasos del circo que antes era el ejercicio pol\u00edtico.<\/span><\/p>\n<p class=\"p1\"><span style=\"font-size: 18pt; color: #e42d33;\"><strong>Los comentarios que realizaron desde diferentes medios convencionales sobre las elecciones en Coahuila coloca a los comentaristas pol\u00edticos en su verdadera dimensi\u00f3n. No saben nada y lo que difund\u00edan no eran m\u00e1s que las filtraciones de informaci\u00f3n de una administraci\u00f3n p\u00fablica que s e traicionaba todos los d\u00edas y se enfrentaba por espacios de poder e intereses.<\/strong><\/span><\/p>\n<p class=\"p1\"><span style=\"font-size: 18pt;\"><strong>Esto lo disfrazaban de investigaci\u00f3n y se convert\u00edan en los h\u00e9roes de los medios, cuando en realidad no eran m\u00e1s que voces compradas. As\u00ed, trataron de decir que mej\u00eda hab\u00eda traicionado al Presidente, que prefer\u00eda ir por su camino al concursar por el PT, que Morena estaba en Problemas. La ingenuidad galopante.<\/strong><\/span><\/p>\n<p class=\"p1\"><span style=\"font-size: 14pt;\">Con la candidatura de Ricardo Mej\u00eda Berdeja a la gubernatura de Coahuila, se anuncia una gran derrota de la alianza opositora y la p\u00e9rdida de registro de por lo menos Movimiento Ciudadano en la entidad.<\/span><\/p>\n<p class=\"p1\"><span style=\"font-size: 18pt;\"><strong>Minutos despu\u00e9s de anunciar su renuncia a la Subsecretar\u00eda de Seguridad Ciudadana acudi\u00f3 a la conferencia de prensa que le ten\u00eda preparada el l\u00edder vitalicio del PT, Alberto Anaya, quien luego de hacer un recuento de los m\u00e9ritos de Mej\u00eda Berdeja lo nombra su candidato a la gubernatura.<\/strong><\/span><\/p>\n<p class=\"p1\"><span style=\"font-size: 14pt;\">Entre los perdedores con la candidatura de Mej\u00eda est\u00e1 el ex gobernador de Zacatecas, Ricardo Monreal, quien se sent\u00eda propietario de la campa\u00f1a y posterior triunfo absoluto y holgado de Armando Guadiana, y ahora deber\u00e1 negociar muchas cuestiones electorales y de gobierno.<\/span><\/p>\n<p class=\"p1\"><span style=\"font-size: 18pt; color: #e42d33;\"><strong>El gran triunfador, desde ahora en las urnas, es el presidente Andr\u00e9s Manuel L\u00f3pez Obrador, que tiene a dos aliados punteando en la intenci\u00f3n del voto desde ahora. Con Guadiana se aglutina una parte popular de la poblaci\u00f3n de Coahuila y con Mej\u00eda Berdeja una clase media hasta de casi cien a\u00f1os de priismo.<\/strong><\/span><\/p>\n<p>&nbsp;<\/p>\n<p><img loading=\"lazy\" decoding=\"async\" class=\"aligncenter wp-image-14996 size-large\" src=\"https:\/\/politicosaldesnudo.com.mx\/wp-content\/uploads\/2023\/01\/P-RICARDO-MEJIA-BERDEJA-PT3-1024x573.png\" alt=\"\" width=\"800\" height=\"448\" \/><\/p>\n<p>&nbsp;<\/p>\n<p class=\"p1\"><span style=\"font-size: 18pt;\"><strong>Lo que parec\u00eda una derrota de Mario Delgado ante el aparente descontento de Mej\u00eda Berdeja, se convirti\u00f3 en la advertencia de que hay comunicaci\u00f3n directa entre L\u00f3pez Obrador y el l\u00edder del partido en el poder. Es cierto que son tiempo de unidad y de consolidarla alrededor de otros candidatos de cargos superiores que competir\u00e1n entre ellos para 2024, y donde se esperan jugadas maestras tambi\u00e9n.<\/strong><\/span><\/p>\n<p class=\"p1\"><span style=\"font-size: 14pt;\">Movimiento Ciudadano se enfrenta a su desmantelamiento en el norte del pa\u00eds para arrinconarse en el occidente del pa\u00eds, donde no las tiene todas consigo. Lo cual lo dejar\u00eda en condiciones muy fr\u00e1giles para 2024, con todo y su franquicia llamado Luis Donaldo, quien podr\u00eda titubear en continuar en ese partido ante la derrota de MC en Coahuila.<\/span><\/p>\n<p class=\"p1\"><span style=\"font-size: 14pt;\">Coahuila representar\u00e1 un ensayo de la desarticulaci\u00f3n de la alianza opositora que estar\u00e1 todav\u00eda m\u00e1s desgastada para 2024. A su desprestigio se sumar\u00e1n algunos de sus militantes en la c\u00e1rcel. Por diferentes motivos, y ser\u00e1n se\u00f1alados desde dentro y fuera de M\u00e9xico c\u00f3mplices de personajes como Garc\u00eda Luna o\u00a0El Chapo\u00a0Guzm\u00e1n.<\/span><\/p>\n<p class=\"p1\"><span style=\"font-size: 18pt;\"><strong>La falta de ejercicio pol\u00edtico de la oposici\u00f3n y la desinformaci\u00f3n de los medios corporativos han perdido la br\u00fajula del desarrollo social. Factores como \u00e9stos exigen de una oposici\u00f3n m\u00e1s preparada en todos los \u00e1mbitos principalmente en el ejercicio pol\u00edtico del que s\u00f3lo muestran un pragmatismo sin fundamento.<\/strong><\/span><\/p>\n<p class=\"p1\"><span style=\"font-size: 14pt;\">El golpismo y la violencia verbal que caracteriz\u00f3 a esta camada opositora tiene un negro futuro electoral, donde su sobrevivencia est\u00e1 de por medio, y el desgaste de sus cuadros ser\u00e1 evidente.<\/span><\/p>\n<p class=\"p1\"><span style=\"font-size: 18pt;\"><strong>Mej\u00eda no se fue en malos t\u00e9rminos de Morena, Guadiana es cercano a todos, incluso a X\u00f3chitl G\u00e1lvez, los votos no se dividen en Coahuila para la 4T, se suman. Armando o Ricardo, son aliados y fortalecer\u00e1n la 4T y debilitar\u00e1n juntos, o por separado, a la oposici\u00f3n.<\/strong><\/span><\/p>\n<p>&nbsp;<\/p>\n<p><img loading=\"lazy\" decoding=\"async\" class=\"aligncenter wp-image-14995 size-large\" src=\"https:\/\/politicosaldesnudo.com.mx\/wp-content\/uploads\/2023\/01\/P-RICARDO-MEJIA-BERDEJA-PT1-1024x573.png\" alt=\"\" width=\"800\" height=\"448\" \/><\/p>\n<p>&nbsp;<\/p>\n<p class=\"p1\"><span style=\"font-size: 18pt;\"><strong>Es una l\u00e1stima que haya tanto espacio informativo desperdiciado con personajes que todav\u00eda no ponen a tiempo el reloj de la pol\u00edtica contempor\u00e1nea y siguen viendo esta pr\u00e1ctica como algo que se pod\u00eda ver venir, porque si algo ten\u00edan los viejos pol\u00edticos en M\u00e9xico es que eran previsibles y por eso les ganaron la presidencia del a Rep\u00fablica varias veces, pero no siempre lo aceptaron.<\/strong><\/span><\/p>\n<p class=\"p1\"><span style=\"font-size: 14pt;\">La pr\u00e1ctica pol\u00edtica es visi\u00f3n social, pero como en ese sentido los anteriores funcionarios p\u00fablicos estaban carentes, el ejercicio pol\u00edtico sin conocer la reacci\u00f3n de la poblaci\u00f3n induce derrotas electorales y llevan al desprestigio personal.<\/span><\/p>\n<p>&nbsp;<\/p>\n<p class=\"p1\"><span style=\"font-size: 18pt; color: #e42d33;\"><strong>PEGA Y CORRE<\/strong><\/span><\/p>\n<p class=\"p1\"><span style=\"font-size: 14pt;\">El crecimiento de M\u00e9xico ser\u00e1 apoyado de manera sustancial con la llegad a de divisas, coment\u00f3 Carlos Capistr\u00e1n,\u00a0economista en jefe para M\u00e9xico y Canad\u00e1 de Bank of America. Con ese apoyo el peso seguir\u00e1 fuerte ante el d\u00f3lar.<\/span><\/p>\n<p>&nbsp;<\/p>\n<p class=\"p1\"><em><span style=\"font-size: 18pt;\"><strong>Esta columna se publica los lunes, mi\u00e9rcoles y viernes<\/strong><\/span><\/em><\/p>\n<p>&nbsp;<\/p>\n<hr \/>\n<p>&nbsp;<\/p>\n<p><img loading=\"lazy\" decoding=\"async\" class=\"aligncenter wp-image-11449\" src=\"http:\/\/noticiasveracruz.com\/wp-content\/uploads\/2023\/01\/FIRMA-EDITORIAL-NV-300x37.png\" alt=\"\" width=\"1000\" height=\"122\" srcset=\"https:\/\/noticiasveracruz.com\/wp-content\/uploads\/2023\/01\/FIRMA-EDITORIAL-NV-300x37.png 300w, https:\/\/noticiasveracruz.com\/wp-content\/uploads\/2023\/01\/FIRMA-EDITORIAL-NV-1024x125.png 1024w, https:\/\/noticiasveracruz.com\/wp-content\/uploads\/2023\/01\/FIRMA-EDITORIAL-NV-768x94.png 768w, https:\/\/noticiasveracruz.com\/wp-content\/uploads\/2023\/01\/FIRMA-EDITORIAL-NV-1536x188.png 1536w, https:\/\/noticiasveracruz.com\/wp-content\/uploads\/2023\/01\/FIRMA-EDITORIAL-NV-2048x250.png 2048w\" sizes=\"auto, (max-width: 1000px) 100vw, 1000px\" \/><\/p>\n<p>&nbsp;<\/p>\n<p>&nbsp;<\/p>\n<p>&nbsp;<\/p>\n<p>&nbsp;<\/p>\n<p>&nbsp;<\/p>\n","protected":false},"excerpt":{"rendered":"<p>&nbsp; Por \u00c1ngel \u00c1lvaro Pe\u00f1a La candidatura de Ricardo Mej\u00eda Berdeja por el PT para el gobierno de Coahuila, fue<\/p>\n","protected":false},"author":4,"featured_media":3187,"comment_status":"closed","ping_status":"closed","sticky":false,"template":"","format":"standard","meta":{"colormag_page_container_layout":"default_layout","colormag_page_sidebar_layout":"default_layout","_jetpack_memberships_contains_paid_content":false,"footnotes":"","jetpack_publicize_message":"","jetpack_publicize_feature_enabled":true,"jetpack_social_post_already_shared":true,"jetpack_social_options":{"image_generator_settings":{"template":"highway","default_image_id":0,"font":"","enabled":false},"version":2}},"categories":[6],"tags":[65,1197,1469,1803],"class_list":["post-11984","post","type-post","status-publish","format-standard","has-post-thumbnail","hentry","category-columnistas","tag-andres-manuel-lopez-obrador","tag-coahuila","tag-pt","tag-ricardo-mejia-berdeja"],"jetpack_publicize_connections":[],"jetpack_featured_media_url":"https:\/\/noticiasveracruz.com\/wp-content\/uploads\/2022\/04\/A\u0301NGEL-A\u0301LVARO-PEN\u0303A.png","jetpack_sharing_enabled":true,"publishpress_future_action":{"enabled":false,"date":"2026-05-06 16:48:19","action":"change-status","newStatus":"draft","terms":[],"taxonomy":"category","extraData":[]},"publishpress_future_workflow_manual_trigger":{"enabledWorkflows":[]},"_links":{"self":[{"href":"https:\/\/noticiasveracruz.com\/index.php\/wp-json\/wp\/v2\/posts\/11984","targetHints":{"allow":["GET"]}}],"collection":[{"href":"https:\/\/noticiasveracruz.com\/index.php\/wp-json\/wp\/v2\/posts"}],"about":[{"href":"https:\/\/noticiasveracruz.com\/index.php\/wp-json\/wp\/v2\/types\/post"}],"author":[{"embeddable":true,"href":"https:\/\/noticiasveracruz.com\/index.php\/wp-json\/wp\/v2\/users\/4"}],"replies":[{"embeddable":true,"href":"https:\/\/noticiasveracruz.com\/index.php\/wp-json\/wp\/v2\/comments?post=11984"}],"version-history":[{"count":0,"href":"https:\/\/noticiasveracruz.com\/index.php\/wp-json\/wp\/v2\/posts\/11984\/revisions"}],"wp:featuredmedia":[{"embeddable":true,"href":"https:\/\/noticiasveracruz.com\/index.php\/wp-json\/wp\/v2\/media\/3187"}],"wp:attachment":[{"href":"https:\/\/noticiasveracruz.com\/index.php\/wp-json\/wp\/v2\/media?parent=11984"}],"wp:term":[{"taxonomy":"category","embeddable":true,"href":"https:\/\/noticiasveracruz.com\/index.php\/wp-json\/wp\/v2\/categories?post=11984"},{"taxonomy":"post_tag","embeddable":true,"href":"https:\/\/noticiasveracruz.com\/index.php\/wp-json\/wp\/v2\/tags?post=11984"}],"curies":[{"name":"wp","href":"https:\/\/api.w.org\/{rel}","templated":true}]}}