{"id":11974,"date":"2023-01-13T18:25:18","date_gmt":"2023-01-14T00:25:18","guid":{"rendered":"https:\/\/noticiasveracruz.com\/?p=11974"},"modified":"2023-01-13T20:59:14","modified_gmt":"2023-01-14T02:59:14","slug":"renuncia-mejia-berdeja-a-la-sspc-pt-lo-arrompa-como-candidato-a-la-gubernatura-de-coahuila","status":"publish","type":"post","link":"https:\/\/noticiasveracruz.com\/index.php\/2023\/01\/13\/renuncia-mejia-berdeja-a-la-sspc-pt-lo-arrompa-como-candidato-a-la-gubernatura-de-coahuila\/","title":{"rendered":"Renuncia Mej\u00eda Berdeja a la SSPC, PT lo arrompa como candidato a la gubernatura de Coahuila"},"content":{"rendered":"<p class=\"p1\"><span style=\"font-size: 14pt;\"><em><strong>CIUDAD DE M\u00c9XICO.<\/strong><\/em> <strong>V\u00eda Twitter el subsecretario de Seguridad P\u00fablica del Gobierno de M\u00e9xico<\/strong> (SSPCM\u00e9xico), <strong>Ricardo Mej\u00eda Berdeja<\/strong>, anunci\u00f3 <strong>su renuncia<\/strong> para contender por la\u00a0<strong>gubernatura de Coahuila con el Partido del Trabajo<\/strong> (PT) en las elecciones de este 2023.\u00a0<\/span><\/p>\n<p>&nbsp;<\/p>\n<blockquote>\n<p class=\"p1\"><span style=\"font-size: 14pt;\">Hace unos momentos present\u00e9 mi renuncia al cargo de Subsecretario de Seguridad P\u00fablica del @GobiernoMX, agradeciendo al l\u00edder Presidente @lopezobrador_ la enorme oportunidad de servir en el gobierno patri\u00f3tico e hist\u00f3rico que encabeza. \u00a1Viva la #4T y Andr\u00e9s Manuel L\u00f3pez Obrador!\u201d<\/span><\/p>\n<\/blockquote>\n<p>&nbsp;<\/p>\n<p><img loading=\"lazy\" decoding=\"async\" class=\"aligncenter wp-image-11978 size-large\" src=\"http:\/\/noticiasveracruz.com\/wp-content\/uploads\/2023\/01\/P-MEJIA-BERDEJA-CARTA-NV2-1024x573.png\" alt=\"\" width=\"800\" height=\"448\" srcset=\"https:\/\/noticiasveracruz.com\/wp-content\/uploads\/2023\/01\/P-MEJIA-BERDEJA-CARTA-NV2-1024x573.png 1024w, https:\/\/noticiasveracruz.com\/wp-content\/uploads\/2023\/01\/P-MEJIA-BERDEJA-CARTA-NV2-300x168.png 300w, https:\/\/noticiasveracruz.com\/wp-content\/uploads\/2023\/01\/P-MEJIA-BERDEJA-CARTA-NV2-768x430.png 768w, https:\/\/noticiasveracruz.com\/wp-content\/uploads\/2023\/01\/P-MEJIA-BERDEJA-CARTA-NV2-1536x859.png 1536w, https:\/\/noticiasveracruz.com\/wp-content\/uploads\/2023\/01\/P-MEJIA-BERDEJA-CARTA-NV2.png 1816w\" sizes=\"auto, (max-width: 800px) 100vw, 800px\" \/><\/p>\n<p>&nbsp;<\/p>\n<p class=\"p1\"><span style=\"font-size: 18pt;\"><strong>En el mismo medio, Ricardo Mej\u00eda Berdeja tambi\u00e9n agradeci\u00f3 a la secretaria de Seguridad, Rosa Icela Rodr\u00edguez, por \u201cla oportunidad de hacer equipo en la pacificaci\u00f3n y combate a la impunidad. Reconozco su gran capacidad y compromiso y ser la primera mujer responsable de la seguridad en la historia del pa\u00eds\u201d, afirm\u00f3.<\/strong><\/span><\/p>\n<p class=\"p1\"><span style=\"font-size: 14pt;\">Igualmente Ricardo Mej\u00eda Berdeja agradeci\u00f3 tambi\u00e9n a los integrantes del Gabinete de Seguridad, cuyo trabajo reconoci\u00f3 p\u00fablicamente.<\/span><\/p>\n<p>&nbsp;<\/p>\n<p class=\"p1\"><span style=\"font-size: 18pt; color: #e42d33;\"><strong>VA POR COAHUILA<\/strong><\/span><\/p>\n<p class=\"p1\"><span style=\"font-size: 14pt;\">Y es que el antes subsecretario de Seguridad P\u00fablica, Ricardo Mej\u00eda Berdeja afirm\u00f3 que concentrar\u00e1 sus esfuerzos en trabajar por Coahuila, su estado natal, quien este 2023 elegir\u00e1 un nuevo gobernador y a cuya precandidatura por Morena se hab\u00eda registrado el morenista.<\/span><\/p>\n<p class=\"p1\"><span style=\"font-size: 18pt; color: #e42d33;\"><strong><span style=\"font-size: 18pt;\">\u201c<\/span>He decidido separarme de mi cargo para dedicar todo mi \u00a0trabajo a la causa de la transformaci\u00f3n de Coahuila y a la lucha inclaudicable para terminar con el Moreirato corrupto y rapaz que tiene secuestrado a mi Estado\u201d<\/strong><\/span><\/p>\n<p class=\"p1\"><span style=\"font-size: 14pt;\">Recordemos que Coahuila es un estado que ha dejado su nombre escrito la historia nacional y qu\u00e9 has perdido su liderazgo por la corrupci\u00f3n y la mediocridad de un grupo de saqueadores que sea ha enquistado en el gobierno estatal. Coahuila ha sido escenario importante de la historia con el liderazgo democr\u00e1tico valiente de Francisco I. Madero y Venustiano Carranza, inicio y contin\u00fao la tercera transformaci\u00f3n del pa\u00eds, la Revoluci\u00f3n Mexicana.<\/span><\/p>\n<p class=\"p1\"><span style=\"font-size: 18pt;\"><strong>Mej\u00eda Berdeja resalt\u00f3 que actualmente la Cuarta Transformaci\u00f3n encabezada por usted, (Presidente Andr\u00e9s Manuel L\u00f3pez Obrador) que surge de la necesidad de impulsar un cambio de r\u00e9gimen para superar un periodo de corrupci\u00f3n y abusos que multiplicaron las injusticias y la desigualdad.\u00a0<\/strong><\/span><\/p>\n<p>&nbsp;<\/p>\n<blockquote>\n<p class=\"p1\"><span style=\"font-size: 14pt;\">La defensa y consolidaci\u00f3n de la Cuarta Transformaci\u00f3n, es de todos los mexicanos, es un movimiento hist\u00f3rico de voluntades y de compromisos, de todo aquel que tiene la esperanza de un M\u00e9xico mejor\u201d<\/span><\/p>\n<\/blockquote>\n<p>&nbsp;<\/p>\n<p><img loading=\"lazy\" decoding=\"async\" class=\"aligncenter wp-image-14983 size-large\" src=\"https:\/\/politicosaldesnudo.com.mx\/wp-content\/uploads\/2023\/01\/P-MEJIA-BERDEJA-3-1024x573.png\" alt=\"\" width=\"800\" height=\"448\" \/><\/p>\n<p>&nbsp;<\/p>\n<p class=\"p1\"><span style=\"font-size: 18pt; color: #e42d33;\"><strong>PT ARROPA A NUEVO CANDIDATO<\/strong><\/span><\/p>\n<p class=\"p1\"><span style=\"font-size: 18pt;\"><strong>As\u00ed, despu\u00e9s del anuncio Mej\u00eda Berdeja recibi\u00f3 el apoyo del dirigente del PT, Alberto Anaya, del senador Gonzalo Ya\u00f1ez, y del diputado Benjamin Robles, entre otros liderazgos petistas para ser candidato a la gobernadora de la entidad.<\/strong><\/span><\/p>\n<p class=\"p1\"><span style=\"font-size: 14pt;\">Ricardo Mejia y la dirigencia del PT aseguraron que con este proyecto pol\u00edtico ganador, la Cuarta Transformaci\u00f3n de Andr\u00e9s Manuel L\u00f3pez Obrador llegar\u00e1 a Coahuila.<\/span><\/p>\n<p>&nbsp;<\/p>\n<blockquote>\n<p class=\"p1\"><span style=\"font-size: 14pt;\">Recibo con honor y gratitud esta apertura, y poner a disposici\u00f3n de los ciudadanos de Coahuila, de tener una opci\u00f3n totalmente vinculada a la Cuarta Transformaci\u00f3n\u201d<\/span><\/p>\n<\/blockquote>\n<p>&nbsp;<\/p>\n<p class=\"p1\"><span style=\"font-size: 18pt;\"><strong>En un evento realizado en un c\u00e9ntrico hotel capitalino, el dirigente del PT, Alberto Anaya, coment\u00f3 que el partido reconoce el compromiso de Ricardo Mej\u00eda con el proyecto de naci\u00f3n del presidente Andr\u00e9s Manuel L\u00f3pez Obrador.<\/strong><\/span><\/p>\n<p class=\"p1\"><span style=\"font-size: 14pt;\">Desde agosto pasado, el PT inici\u00f3 pl\u00e1ticas con Ricardo Mejia Berdeja para que fuera su abanderado a la gubernatura de la entidad coahuilense.<\/span><\/p>\n<p>&nbsp;<\/p>\n<p>&nbsp;<\/p>\n<p>&nbsp;<\/p>\n<p>&nbsp;<\/p>\n<p>&nbsp;<\/p>\n","protected":false},"excerpt":{"rendered":"<p>CIUDAD DE M\u00c9XICO. V\u00eda Twitter el subsecretario de Seguridad P\u00fablica del Gobierno de M\u00e9xico (SSPCM\u00e9xico), Ricardo Mej\u00eda Berdeja, anunci\u00f3 su<\/p>\n","protected":false},"author":4,"featured_media":11975,"comment_status":"closed","ping_status":"closed","sticky":false,"template":"","format":"standard","meta":{"colormag_page_container_layout":"default_layout","colormag_page_sidebar_layout":"default_layout","_jetpack_memberships_contains_paid_content":false,"footnotes":"","jetpack_publicize_message":"","jetpack_publicize_feature_enabled":true,"jetpack_social_post_already_shared":true,"jetpack_social_options":{"image_generator_settings":{"template":"highway","default_image_id":0,"font":"","enabled":false},"version":2}},"categories":[4],"tags":[65,1197,114,440,1469,1803,295],"class_list":["post-11974","post","type-post","status-publish","format-standard","has-post-thumbnail","hentry","category-nacional","tag-andres-manuel-lopez-obrador","tag-coahuila","tag-cuarta-transformacion","tag-gubernatura","tag-pt","tag-ricardo-mejia-berdeja","tag-sspc"],"jetpack_publicize_connections":[],"jetpack_featured_media_url":"https:\/\/noticiasveracruz.com\/wp-content\/uploads\/2023\/01\/P-MEJIA-BERDEJA-1.png","jetpack_sharing_enabled":true,"publishpress_future_action":{"enabled":false,"date":"2026-05-06 15:24:52","action":"change-status","newStatus":"draft","terms":[],"taxonomy":"category","extraData":[]},"publishpress_future_workflow_manual_trigger":{"enabledWorkflows":[]},"_links":{"self":[{"href":"https:\/\/noticiasveracruz.com\/index.php\/wp-json\/wp\/v2\/posts\/11974","targetHints":{"allow":["GET"]}}],"collection":[{"href":"https:\/\/noticiasveracruz.com\/index.php\/wp-json\/wp\/v2\/posts"}],"about":[{"href":"https:\/\/noticiasveracruz.com\/index.php\/wp-json\/wp\/v2\/types\/post"}],"author":[{"embeddable":true,"href":"https:\/\/noticiasveracruz.com\/index.php\/wp-json\/wp\/v2\/users\/4"}],"replies":[{"embeddable":true,"href":"https:\/\/noticiasveracruz.com\/index.php\/wp-json\/wp\/v2\/comments?post=11974"}],"version-history":[{"count":0,"href":"https:\/\/noticiasveracruz.com\/index.php\/wp-json\/wp\/v2\/posts\/11974\/revisions"}],"wp:featuredmedia":[{"embeddable":true,"href":"https:\/\/noticiasveracruz.com\/index.php\/wp-json\/wp\/v2\/media\/11975"}],"wp:attachment":[{"href":"https:\/\/noticiasveracruz.com\/index.php\/wp-json\/wp\/v2\/media?parent=11974"}],"wp:term":[{"taxonomy":"category","embeddable":true,"href":"https:\/\/noticiasveracruz.com\/index.php\/wp-json\/wp\/v2\/categories?post=11974"},{"taxonomy":"post_tag","embeddable":true,"href":"https:\/\/noticiasveracruz.com\/index.php\/wp-json\/wp\/v2\/tags?post=11974"}],"curies":[{"name":"wp","href":"https:\/\/api.w.org\/{rel}","templated":true}]}}