{"id":11971,"date":"2023-01-13T05:45:56","date_gmt":"2023-01-13T11:45:56","guid":{"rendered":"https:\/\/noticiasveracruz.com\/?p=11971"},"modified":"2023-01-13T12:40:05","modified_gmt":"2023-01-13T18:40:05","slug":"los-plagios-en-la-uv","status":"publish","type":"post","link":"https:\/\/noticiasveracruz.com\/index.php\/2023\/01\/13\/los-plagios-en-la-uv\/","title":{"rendered":"Los plagios en la UV"},"content":{"rendered":"<p class=\"p1\">\n<p>&nbsp;<\/p>\n<p class=\"p1\" style=\"text-align: center;\"><em><span style=\"font-size: 18pt;\"><strong>&lt;&lt; Se debe de sancionar a quienes cometen plagio y violan la ley &gt;&gt;<\/strong><\/span><\/em><\/p>\n<p class=\"p1\" style=\"text-align: center;\"><em><span style=\"font-size: 18pt;\"><strong>&lt;&lt; La Contralor\u00eda de la Junta de Gobierno debe de auditar el proceso &gt;&gt;<\/strong><\/span><\/em><\/p>\n<p class=\"p1\" style=\"text-align: center;\"><em><span style=\"font-size: 18pt;\"><strong>&lt;&lt; Empezando por el actual secretario Acad\u00e9mico que ya se va a jubilar &gt;&gt;<\/strong><\/span><\/em><\/p>\n<p>&nbsp;<\/p>\n<p>&nbsp;<\/p>\n<p class=\"p1\"><span style=\"font-size: 18pt;\"><strong>Por Miguel \u00c1ngel Cristiani Gonz\u00e1lez<\/strong><\/span><\/p>\n<p class=\"p1\"><span style=\"font-size: 14pt;\">A prop\u00f3sito del esc\u00e1ndalo de la ministra de la Suprema Corte de Justicia, Yasm\u00edn Esquivel Mossa -que luego de que se hiciera p\u00fablico que se plagio, robo, el texto de su tesis profesional como abogada- no estar\u00eda por dem\u00e1s preguntarse que pasar\u00eda si ac\u00e1 en el terru\u00f1o veracruzano se hiciera tambi\u00e9n una revisi\u00f3n de los trabajos de titulaci\u00f3n de funcionarios, empezando por los de la propia Universidad Veracruzana.<\/span><\/p>\n<p class=\"p1\"><span style=\"font-size: 14pt;\">Ya la UNAM, luego de la presi\u00f3n en los medios de comunicaci\u00f3n, finalmente anunci\u00f3 que va a revisar su normatividad con el prop\u00f3sito de poder sancionar a quienes poseen un t\u00edtulo chafa.<\/span><\/p>\n<p class=\"p1\"><span style=\"font-size: 14pt;\">Porque seguramente en la Universidad Veracruzana hay casos que primero, deben darse a conocer y segundo debe modificarse la legislaci\u00f3n para sancionar a quienes flagrantemente violen la ley org\u00e1nica de la UV, como reci\u00e9n ocurri\u00f3 con la designaci\u00f3n del secretario acad\u00e9mico que campantemente acept\u00f3 estar al margen de la ley.<\/span><\/p>\n<p class=\"p1\"><span style=\"font-size: 14pt;\">En todo esto no se hizo esc\u00e1ndalo alguno, pero para muchos resulta m\u00e1s grave a\u00fan que el plagio de una tesis.<\/span><\/p>\n<p class=\"p1\"><span style=\"font-size: 14pt;\">Seguramente el actual secretario Acad\u00e9mico que ya est\u00e1 por jubilarse y como otros lo han hecho, se jubilar\u00e1 con su sueldo de secretario de la Universidad Veracruzana.<\/span><\/p>\n<p class=\"p1\"><span style=\"font-size: 14pt;\">Adicionalmente.<\/span><\/p>\n<p class=\"p1\"><span style=\"font-size: 14pt;\">Pero a\u00fan hay m\u00e1s, hay varias observaciones que la UV est\u00e1 atendiendo por parte de la Auditor\u00eda Superior de la Federaci\u00f3n, pero de eso nada se dice, porque no pasa nada.<\/span><\/p>\n<p class=\"p1\"><span style=\"font-size: 14pt;\">Evidentemente entre esas observaciones de la federaci\u00f3n, no se encuentra el cumplimiento de la ley org\u00e1nica.<\/span><\/p>\n<p class=\"p1\"><span style=\"font-size: 14pt;\">Faltar\u00eda solicitar a la Contralor\u00eda de la Junta de Gobierno, una auditor\u00eda al proceso de designaci\u00f3n del secretario Acad\u00e9mico, porque de otra manera, no estar\u00eda cumpliendo con sus prop\u00f3sitos fundamentales de acuerdo con la ley.<\/span><\/p>\n<p class=\"p1\"><span style=\"font-size: 14pt;\">Pero no solamente la Contralor\u00eda de la Junta de Gobierno est\u00e1 obligada, resulta que toda autoridad, est\u00e1 obligada a informar de cualquier elemento que pueda presumir la comisi\u00f3n de un delito.<\/span><\/p>\n<p class=\"p1\"><span style=\"font-size: 14pt;\">Evidentemente tampoco han auditado eso y hacerlo p\u00fablico, pero como la pol\u00edtica es asegurar que no pasa nada, pues entonces no pasa nada y todos tan campantes como si nada. <\/span><span style=\"font-size: 14pt;\">Porque en la UV, no pasa nada<\/span><\/p>\n<p class=\"p1\"><span style=\"font-size: 14pt;\">En tanto en la Universidad Nacional Aut\u00f3noma de M\u00e9xico (UNAM) emiti\u00f3 ya un comunicado en donde se\u00f1ala que del an\u00e1lisis comparado de contenidos cronolog\u00eda y estilos de escritura, el\u00a0Comit\u00e9 de Integridad Acad\u00e9mica y Cient\u00edfica\u00a0concluy\u00f3 que la entonces alumna de la\u00a0Facultad de Estudios Superiores\u00a0FES Arag\u00f3n,\u00a0Yasm\u00edn Esquivel Mossa,\u00a0copi\u00f3 parte sustancial del contenido de la tesis presentada un a\u00f1o atr\u00e1s por el alumno de la Facultad de Derecho, \u00c9dgar Ulises B\u00e1ez.<\/span><\/p>\n<p class=\"p1\"><span style=\"font-size: 14pt;\">Se inform\u00f3 oficialmente que\u00a0Yasm\u00edn Esquivel Mossa\u00a0finaliz\u00f3 sus estudios y present\u00f3 su examen profesional ante el jurado designado, recibiendo el voto aprobatorio de todos sus integrantes para obtener el t\u00edtulo que la acredita como Licenciada en Derecho.\u00a0\u00a0\u00a0<\/span><br \/>\n<span style=\"font-size: 14pt;\">De la interpretaci\u00f3n solicitada a la Oficina de la\u00a0Abogac\u00eda General\u00a0se desprende que la normatividad universitaria carece de los mecanismos para invalidar un t\u00edtulo expedido por la Universidad Nacional, a\u00fan y cuando el plagio de una tesis est\u00e9 documentado.<\/span><\/p>\n<p class=\"p1\"><span style=\"font-size: 14pt;\">Igual que Poncio Pilatos, la rector\u00eda de la UNAM se lav\u00f3 las manos y mand\u00f3 la pelotita a la Secretar\u00eda de Educaci\u00f3n, aunque el t\u00edtulo no lo otorga la direcci\u00f3n de Profesiones que solamente otorga una c\u00e9dula para ejercer.<\/span><\/p>\n<p class=\"p1\"><span style=\"font-size: 14pt;\">El Estatuto General de la UNAM en su art\u00edculo 97, fracci\u00f3n III, responsabiliza a los universitarios por recibir \u201cayuda fraudulenta\u201d en las pruebas de aptitud de aprovechamiento, como sin duda lo es la tesis y el examen profesional que present\u00f3 y sustent\u00f3 la se\u00f1ora, y prev\u00e9 la \u201cnulidad del examen sustentado\u201d. As\u00ed que, el pretexto utilizado respecto de que no hay mecanismos en la UNAM para nulificar el examen profesional de la se\u00f1ora y, como consecuencia de ello, el t\u00edtulo expedido por la Universidad, fue eso, un simple pretexto, m\u00e1s no un argumento debidamente fundado y motivado.<\/span><\/p>\n<p class=\"p1\"><span style=\"font-size: 14pt;\">Cabe apuntar que la legislaci\u00f3n en materia de profesiones para la ahora Ciudad de M\u00e9xico, en su art\u00edculo 67, s\u00f3lo faculta a la SEP para cancelar las \u201cinscripciones de t\u00edtulos\u201d, m\u00e1s no para anular los t\u00edtulos expedidos por otras instancias.<\/span><\/p>\n<p>&nbsp;<\/p>\n<hr \/>\n<p>&nbsp;<\/p>\n<p class=\"p1\"><span style=\"font-size: 18pt;\"><strong>Cont\u00e1ctanos en nuestras redes sociales:<\/strong><\/span><\/p>\n<p class=\"p1\"><span style=\"font-size: 18pt;\"><strong><a href=\"https:\/\/www.canva.com\/design\/DAEN5B9DWgs\/ZCHd2Z8KueYjlg_d59Op3A\/view\">https:\/\/www.canva.com\/design\/DAEN5B9DWgs\/ZCHd2Z8KueYjlg_d59Op3A\/view<\/a><\/strong><\/span><\/p>\n<p>&nbsp;<\/p>\n<p><img loading=\"lazy\" decoding=\"async\" class=\"aligncenter wp-image-11449\" src=\"http:\/\/noticiasveracruz.com\/wp-content\/uploads\/2023\/01\/FIRMA-EDITORIAL-NV-300x37.png\" alt=\"\" width=\"1000\" height=\"122\" srcset=\"https:\/\/noticiasveracruz.com\/wp-content\/uploads\/2023\/01\/FIRMA-EDITORIAL-NV-300x37.png 300w, https:\/\/noticiasveracruz.com\/wp-content\/uploads\/2023\/01\/FIRMA-EDITORIAL-NV-1024x125.png 1024w, https:\/\/noticiasveracruz.com\/wp-content\/uploads\/2023\/01\/FIRMA-EDITORIAL-NV-768x94.png 768w, https:\/\/noticiasveracruz.com\/wp-content\/uploads\/2023\/01\/FIRMA-EDITORIAL-NV-1536x188.png 1536w, https:\/\/noticiasveracruz.com\/wp-content\/uploads\/2023\/01\/FIRMA-EDITORIAL-NV-2048x250.png 2048w\" sizes=\"auto, (max-width: 1000px) 100vw, 1000px\" \/><\/p>\n<p>&nbsp;<\/p>\n<p>&nbsp;<\/p>\n<p class=\"p1\">\n","protected":false},"excerpt":{"rendered":"<p>&nbsp; &lt;&lt; Se debe de sancionar a quienes cometen plagio y violan la ley &gt;&gt; &lt;&lt; La Contralor\u00eda de la<\/p>\n","protected":false},"author":4,"featured_media":3280,"comment_status":"closed","ping_status":"closed","sticky":false,"template":"","format":"standard","meta":{"colormag_page_container_layout":"default_layout","colormag_page_sidebar_layout":"default_layout","_jetpack_memberships_contains_paid_content":false,"footnotes":"","jetpack_publicize_message":"","jetpack_publicize_feature_enabled":true,"jetpack_social_post_already_shared":true,"jetpack_social_options":{"image_generator_settings":{"template":"highway","default_image_id":0,"font":"","enabled":false},"version":2}},"categories":[6],"tags":[],"class_list":["post-11971","post","type-post","status-publish","format-standard","has-post-thumbnail","hentry","category-columnistas"],"jetpack_publicize_connections":[],"jetpack_featured_media_url":"https:\/\/noticiasveracruz.com\/wp-content\/uploads\/2022\/04\/NV-MIGUEL-A\u0301NGEL-CRISTIANI.png","jetpack_sharing_enabled":true,"publishpress_future_action":{"enabled":false,"date":"2026-05-06 15:21:16","action":"change-status","newStatus":"draft","terms":[],"taxonomy":"category","extraData":[]},"publishpress_future_workflow_manual_trigger":{"enabledWorkflows":[]},"_links":{"self":[{"href":"https:\/\/noticiasveracruz.com\/index.php\/wp-json\/wp\/v2\/posts\/11971","targetHints":{"allow":["GET"]}}],"collection":[{"href":"https:\/\/noticiasveracruz.com\/index.php\/wp-json\/wp\/v2\/posts"}],"about":[{"href":"https:\/\/noticiasveracruz.com\/index.php\/wp-json\/wp\/v2\/types\/post"}],"author":[{"embeddable":true,"href":"https:\/\/noticiasveracruz.com\/index.php\/wp-json\/wp\/v2\/users\/4"}],"replies":[{"embeddable":true,"href":"https:\/\/noticiasveracruz.com\/index.php\/wp-json\/wp\/v2\/comments?post=11971"}],"version-history":[{"count":0,"href":"https:\/\/noticiasveracruz.com\/index.php\/wp-json\/wp\/v2\/posts\/11971\/revisions"}],"wp:featuredmedia":[{"embeddable":true,"href":"https:\/\/noticiasveracruz.com\/index.php\/wp-json\/wp\/v2\/media\/3280"}],"wp:attachment":[{"href":"https:\/\/noticiasveracruz.com\/index.php\/wp-json\/wp\/v2\/media?parent=11971"}],"wp:term":[{"taxonomy":"category","embeddable":true,"href":"https:\/\/noticiasveracruz.com\/index.php\/wp-json\/wp\/v2\/categories?post=11971"},{"taxonomy":"post_tag","embeddable":true,"href":"https:\/\/noticiasveracruz.com\/index.php\/wp-json\/wp\/v2\/tags?post=11971"}],"curies":[{"name":"wp","href":"https:\/\/api.w.org\/{rel}","templated":true}]}}