{"id":11942,"date":"2023-01-13T07:36:31","date_gmt":"2023-01-13T13:36:31","guid":{"rendered":"https:\/\/noticiasveracruz.com\/?p=11942"},"modified":"2023-01-13T11:36:01","modified_gmt":"2023-01-13T17:36:01","slug":"metro-campo-de-batalla","status":"publish","type":"post","link":"https:\/\/noticiasveracruz.com\/index.php\/2023\/01\/13\/metro-campo-de-batalla\/","title":{"rendered":"Metro, campo de batalla"},"content":{"rendered":"<p>&nbsp;<\/p>\n<p class=\"p1\"><span style=\"font-size: 18pt;\"><strong>Por Jos\u00e9 Garc\u00eda S\u00e1nchez<\/strong><\/span><\/p>\n<p class=\"p1\"><span style=\"font-size: 14pt;\">Ahora algunos sectores de la poblaci\u00f3n, asociados a la oposici\u00f3n o dentro de ella, cuestionan la presencia de la Guardia Nacional en el Metro de la Ciudad de M\u00e9xico y, sin m\u00e1s reflexi\u00f3n le denominan a esto militarizaci\u00f3n del transporte p\u00fablico en la capital del pa\u00eds.<\/span><\/p>\n<p class=\"p1\"><span style=\"font-size: 18pt;\"><strong>M\u00e1s all\u00e1 de la aparente ligereza donde entro a opinar hasta Amnist\u00eda Internacional, est\u00e1 la frustraci\u00f3n de seguir saboteando al Metro. Todos ellos llevan por consigan la militarizaci\u00f3n, a pesar de la que Guardia Nacional no utiliza armas en esa misi\u00f3n, como cuando los militares realizaron el aeropuerto y otras obras del sexenio.<\/strong><\/span><\/p>\n<p class=\"p1\"><span style=\"font-size: 14pt;\">Lo cierto es que desconocen la definici\u00f3n de la palabra militarizaci\u00f3n, la cual se basa en el control de los uniformados armados y act\u00faa para detectar descontentos sociales y no para cuidar de la seguridad de la poblaci\u00f3n.<\/span><\/p>\n<p class=\"p1\"><span style=\"font-size: 18pt;\"><strong>La historia no les ha ense\u00f1ado nada a quienes al ver uniforme consideran que es anuncio de represi\u00f3n. No imaginan a un cuerpo policiaco en favor de la poblaci\u00f3n porque siempre lo vieron como herramienta para ir contra la gente. No pueden concebir armon\u00eda entre uniformados y los ciudadanos porque en su esquema mental deben ser antag\u00f3nicos.<\/strong><\/span><\/p>\n<p>&nbsp;<\/p>\n<p><img loading=\"lazy\" decoding=\"async\" class=\"aligncenter wp-image-14946 size-large\" src=\"https:\/\/politicosaldesnudo.com.mx\/wp-content\/uploads\/2023\/01\/P-GUARDIA-NACIONAL-METRO-2-1024x573.png\" alt=\"\" width=\"800\" height=\"448\" \/><\/p>\n<p>&nbsp;<\/p>\n<p class=\"p1\"><span style=\"font-size: 18pt; color: #e42d33;\"><strong>Es preferible que la presencia de la Guardia Nacional salvaguarde la integridad f\u00edsica de los usuarios del metro ante la ola de sabotajes que se organizan con la anuncia o el disimulo de las autoridades sindicales del gremio del Metro, cuyo l\u00edder vitalicio Fernando Espino Ar\u00e9valo, es miembro del PRI, y ya lleva al frente m\u00e1s de 44 a\u00f1os, al igual que otros pri\u00edstas como V\u00edctor Flores, en Ferrocarriles; Francisco Hern\u00e1ndez Ju\u00e1rez, en Tel\u00e9fonos de M\u00e9xico, quienes agazapados siguen haciendo mucho da\u00f1o a su gremio y al pa\u00eds. Eso s\u00ed, todos ellos multimillonarios a costillas de sus agremiados.<\/strong><\/span><\/p>\n<p class=\"p1\"><span style=\"font-size: 14pt;\">Para los opositores lo que no es blanco es negro y en esa simpleza pueril observan una realidad que entienden. La vida pol\u00edtica es de claroscuros, de tonalidades y grados, de avances y retrocesos. De ceder y ganar. Negociar y acordar, pero no de un s\u00ed o un no contundente.<\/span><\/p>\n<p class=\"p1\"><span style=\"font-size: 18pt;\"><strong>El problema que los conservadores es que no entienden que el transcurrir del tiempo no s\u00f3lo hace vieja a la gente sino que obliga al crecimiento y peste surge del darse cuenta de los cambios cotidianos. Para ellos todo sigue igual desde que dejaron el poder y no hay realidad que les convenza que son otros tiempos. La presencia de la Guardia Nacional tiene el objetivo d evitar muertes y o de producirlas, sobre todo ante las sospechas, bien fundadas, de sabotaje.<\/strong><\/span><\/p>\n<p>&nbsp;<\/p>\n<p><img loading=\"lazy\" decoding=\"async\" class=\"aligncenter wp-image-11956\" src=\"http:\/\/noticiasveracruz.com\/wp-content\/uploads\/2023\/01\/P-CAJA-NEGRA-METRO-243x300.png\" alt=\"\" width=\"600\" height=\"740\" srcset=\"https:\/\/noticiasveracruz.com\/wp-content\/uploads\/2023\/01\/P-CAJA-NEGRA-METRO-243x300.png 243w, https:\/\/noticiasveracruz.com\/wp-content\/uploads\/2023\/01\/P-CAJA-NEGRA-METRO-831x1024.png 831w, https:\/\/noticiasveracruz.com\/wp-content\/uploads\/2023\/01\/P-CAJA-NEGRA-METRO-768x947.png 768w, https:\/\/noticiasveracruz.com\/wp-content\/uploads\/2023\/01\/P-CAJA-NEGRA-METRO.png 962w\" sizes=\"auto, (max-width: 600px) 100vw, 600px\" \/><\/p>\n<p>&nbsp;<\/p>\n<p>&nbsp;<\/p>\n<p class=\"p1\"><span style=\"font-size: 18pt;\"><strong>Las cajas negras del convoy del Metro de la L\u00ednea 3 que choc\u00f3 contra otro, el s\u00e1bado 7 de enero, fue hallada en una camioneta.\u00a0El personal que opera los trenes est\u00e1 afiliado al sindicato que encabeza el pri\u00edsta Fernando Espino Ar\u00e9valo, y sus tareas dejan mucho que desear. Est\u00e1n afiliadas las taquilleras, personal de mantenimiento, supervisi\u00f3n de v\u00edas y hasta los vendedores en los vagones.\u00a0Es conocida la corrupci\u00f3n dentro de la estructura del sindicato del Metro, donde el cacicazgo propio del PRI prevalece en detrimento de los derechos laborales y la honestidad.<\/strong><\/span><\/p>\n<p class=\"p1\"><span style=\"font-size: 14pt;\">La presencia de la Guardia Nacional tiene la intenci\u00f3n de vigilar que no haya mano negra en el funcionamiento del Metro, porque hay sospechas de que se carece de la higiene no s\u00f3lo de basura sino mental de la oposici\u00f3n, incluso del \u201cfuego amigo\u201d, porque hay intereses dentro y fuera de Morena que bien podr\u00edan intentar descarrilar la candidatura de Claudia Sheinbaum a la Presidencia de la Rep\u00fablica porque hasta la oposici\u00f3n ya le apuesta a su gallo dentro del partido en el poder.<\/span><\/p>\n<p>&nbsp;<\/p>\n<hr \/>\n<p>&nbsp;<\/p>\n<p><span style=\"font-size: 18pt;\"><strong>Twitter:\u00a0<a href=\"https:\/\/twitter.com\/Josangasa3\">@Josangasa3<\/a><\/strong><\/span><\/p>\n<p>&nbsp;<\/p>\n<p><img loading=\"lazy\" decoding=\"async\" class=\"aligncenter wp-image-11449\" src=\"http:\/\/noticiasveracruz.com\/wp-content\/uploads\/2023\/01\/FIRMA-EDITORIAL-NV-300x37.png\" alt=\"\" width=\"1000\" height=\"122\" srcset=\"https:\/\/noticiasveracruz.com\/wp-content\/uploads\/2023\/01\/FIRMA-EDITORIAL-NV-300x37.png 300w, https:\/\/noticiasveracruz.com\/wp-content\/uploads\/2023\/01\/FIRMA-EDITORIAL-NV-1024x125.png 1024w, https:\/\/noticiasveracruz.com\/wp-content\/uploads\/2023\/01\/FIRMA-EDITORIAL-NV-768x94.png 768w, https:\/\/noticiasveracruz.com\/wp-content\/uploads\/2023\/01\/FIRMA-EDITORIAL-NV-1536x188.png 1536w, https:\/\/noticiasveracruz.com\/wp-content\/uploads\/2023\/01\/FIRMA-EDITORIAL-NV-2048x250.png 2048w\" sizes=\"auto, (max-width: 1000px) 100vw, 1000px\" \/><\/p>\n<p>&nbsp;<\/p>\n<p>&nbsp;<\/p>\n<p>&nbsp;<\/p>\n<p>&nbsp;<\/p>\n<p>&nbsp;<\/p>\n","protected":false},"excerpt":{"rendered":"<p>&nbsp; Por Jos\u00e9 Garc\u00eda S\u00e1nchez Ahora algunos sectores de la poblaci\u00f3n, asociados a la oposici\u00f3n o dentro de ella, cuestionan<\/p>\n","protected":false},"author":4,"featured_media":3183,"comment_status":"closed","ping_status":"closed","sticky":false,"template":"","format":"standard","meta":{"colormag_page_container_layout":"default_layout","colormag_page_sidebar_layout":"default_layout","_jetpack_memberships_contains_paid_content":false,"footnotes":"","jetpack_publicize_message":"","jetpack_publicize_feature_enabled":true,"jetpack_social_post_already_shared":true,"jetpack_social_options":{"image_generator_settings":{"template":"highway","default_image_id":0,"font":"","enabled":false},"version":2}},"categories":[6],"tags":[598,761,1931,385,1969],"class_list":["post-11942","post","type-post","status-publish","format-standard","has-post-thumbnail","hentry","category-columnistas","tag-ciudad-de-mexico","tag-guardia-nacional","tag-metro","tag-oposicion","tag-sabotaje"],"jetpack_publicize_connections":[],"jetpack_featured_media_url":"https:\/\/noticiasveracruz.com\/wp-content\/uploads\/2022\/04\/NV-JOSE\u0301-GARCI\u0301A.png","jetpack_sharing_enabled":true,"publishpress_future_action":{"enabled":false,"date":"2026-05-06 14:41:35","action":"change-status","newStatus":"draft","terms":[],"taxonomy":"category","extraData":[]},"publishpress_future_workflow_manual_trigger":{"enabledWorkflows":[]},"_links":{"self":[{"href":"https:\/\/noticiasveracruz.com\/index.php\/wp-json\/wp\/v2\/posts\/11942","targetHints":{"allow":["GET"]}}],"collection":[{"href":"https:\/\/noticiasveracruz.com\/index.php\/wp-json\/wp\/v2\/posts"}],"about":[{"href":"https:\/\/noticiasveracruz.com\/index.php\/wp-json\/wp\/v2\/types\/post"}],"author":[{"embeddable":true,"href":"https:\/\/noticiasveracruz.com\/index.php\/wp-json\/wp\/v2\/users\/4"}],"replies":[{"embeddable":true,"href":"https:\/\/noticiasveracruz.com\/index.php\/wp-json\/wp\/v2\/comments?post=11942"}],"version-history":[{"count":0,"href":"https:\/\/noticiasveracruz.com\/index.php\/wp-json\/wp\/v2\/posts\/11942\/revisions"}],"wp:featuredmedia":[{"embeddable":true,"href":"https:\/\/noticiasveracruz.com\/index.php\/wp-json\/wp\/v2\/media\/3183"}],"wp:attachment":[{"href":"https:\/\/noticiasveracruz.com\/index.php\/wp-json\/wp\/v2\/media?parent=11942"}],"wp:term":[{"taxonomy":"category","embeddable":true,"href":"https:\/\/noticiasveracruz.com\/index.php\/wp-json\/wp\/v2\/categories?post=11942"},{"taxonomy":"post_tag","embeddable":true,"href":"https:\/\/noticiasveracruz.com\/index.php\/wp-json\/wp\/v2\/tags?post=11942"}],"curies":[{"name":"wp","href":"https:\/\/api.w.org\/{rel}","templated":true}]}}