{"id":11937,"date":"2023-01-13T05:30:21","date_gmt":"2023-01-13T11:30:21","guid":{"rendered":"https:\/\/noticiasveracruz.com\/?p=11937"},"modified":"2023-01-13T07:14:04","modified_gmt":"2023-01-13T13:14:04","slug":"y-si-es-marcelo","status":"publish","type":"post","link":"https:\/\/noticiasveracruz.com\/index.php\/2023\/01\/13\/y-si-es-marcelo\/","title":{"rendered":"\u00bfY si es Marcelo?"},"content":{"rendered":"<p>&nbsp;<\/p>\n<p class=\"p1\"><span style=\"font-size: 18pt;\"><strong>Por Luis Ram\u00edrez Baqueiro<\/strong><\/span><\/p>\n<p>&nbsp;<\/p>\n<p>&nbsp;<\/p>\n<p class=\"p1\" style=\"text-align: center;\"><em><span style=\"font-size: 18pt;\"><strong>\u201cEn la adversa fortuna suele descubrirse el genio, en la prosperidad se oculta\u201d<\/strong><\/span><\/em><\/p>\n<p class=\"p1\" style=\"text-align: center;\"><span style=\"font-size: 18pt;\"> \u2013 Horacio \u2013<\/span><\/p>\n<p>&nbsp;<\/p>\n<p class=\"p1\"><span style=\"font-size: 14pt;\">Vaya que desde que el presidente Andr\u00e9s Manuel L\u00f3pez Obrador destap\u00f3 a sus \u201cfamosas corcholatas\u201d el camino por la sucesi\u00f3n presidencial ha tenido de todo como en botica.<\/span><\/p>\n<p class=\"p1\"><span style=\"font-size: 14pt;\">Como era de esperarse el presidente emple\u00f3 la t\u00edpica jugada de distracci\u00f3n con la que la horda de militantes y seguidores de la 4T se fueron, claro que la opini\u00f3n p\u00fablica tambi\u00e9n compr\u00f3 el movimiento ajedrecista y han trabajado para hacer suponer que Claudia Sheinbaum Pardo ser\u00e1 la sucesora, pero lastimosamente la suerte pareciera no acompa\u00f1arla, pues la \u00faltima tragedia en el Metro de la Ciudad de M\u00e9xico, la deja en muy mala posici\u00f3n y peor percepci\u00f3n ciudadana.<\/span><\/p>\n<p class=\"p1\"><span style=\"font-size: 14pt;\">As\u00ed que la estrategia planeada seguramente desde el arranque de su administraci\u00f3n ha tenido que retomar el rumbo y ha tenido que comenzar a decantarse por el personaje que se esperar\u00eda fuera su sucesor.<\/span><\/p>\n<p class=\"p1\"><span style=\"font-size: 14pt;\">En eso de elegir a qui\u00e9n debe gobernar se esperar\u00eda siempre prevalezca el principio del m\u00e1s docto, el m\u00e1s preparado, y de ser as\u00ed, la l\u00f3gica ser\u00eda que Marcelo Ebrard Casaubon lo sucediera, pero sabemos del pragmatismo del presidente y de su il\u00f3gica l\u00f3gica.<\/span><\/p>\n<p class=\"p1\"><span style=\"font-size: 14pt;\">Es pues que el tablero de la sucesi\u00f3n se abre tambi\u00e9n para que su secretario de Gobernaci\u00f3n, Ad\u00e1n Augusto L\u00f3pez Hern\u00e1ndez se inscriba y pelee de t\u00fa a t\u00fa con quien pudiera estar mejor preparado.<\/span><\/p>\n<p class=\"p1\"><span style=\"font-size: 14pt;\">Lo cierto es que tras el ef\u00edmero \u00e9xito de la X Cumbre de Jefes de Estado de Am\u00e9rica del Norte las puertas se le abrieron al propio canciller Ebrard quien ya ha venido trabajando con bajo perfil a nivel nacional en la conformaci\u00f3n de su estructura para la que pudiera ser su campa\u00f1a presidencial.<\/span><\/p>\n<p class=\"p1\"><span style=\"font-size: 14pt;\">Como recordaremos fue desde el pasado 19 de junio del 2022, cuando desde Guadalajara, Jalisco el ex jefe de Gobierno de la Ciudad de M\u00e9xico, destap\u00f3 su aspiraci\u00f3n presidencial y afirm\u00f3 \u201cHubo mucha especulaci\u00f3n sobre si es un destape. A m\u00ed el presidente ya me destap\u00f3 cinco veces en las ma\u00f1aneras\u201d.\u00a0<\/span><\/p>\n<p class=\"p1\"><span style=\"font-size: 14pt;\">Marcelo Ebrard mantiene activos pol\u00edticos en Veracruz, pero recientemente se divulg\u00f3 que ser\u00e1 el senador con licencia Primo Doth\u00e9 Mata quien fungir\u00e1 como Delegado para el proceso interno de Morena para ganar la encuesta nacional y se ha anunciado su primera gira por Veracruz.<\/span><\/p>\n<p class=\"p1\"><span style=\"font-size: 14pt;\">Ser\u00e1 entonces este pr\u00f3ximo 16 de enero cuando Ebrard Casaub\u00f3n se re\u00fana con la militancia de Morena y con ciudadanos afines a su proyecto pol\u00edtico.<\/span><\/p>\n<p class=\"p1\"><span style=\"font-size: 14pt;\">Muchos se cuestionan \u00bfPor qu\u00e9 teniendo a El\u00edas Miguel Moreno Brizuela como uno de sus activos, no lo nombr\u00f3 Delegado? Ser\u00e1 est\u00e1 una de las interrogantes para su pr\u00f3xima visita.<\/span><\/p>\n<p class=\"p1\"><span style=\"font-size: 14pt;\">Lo cierto es que el canciller ser\u00eda la mejor apuesta de Morena en la sucesi\u00f3n si el deseo es mantener una buena y entra\u00f1able vecindad con el hemisferio norte, es claro que es quien mantiene buena relaci\u00f3n con todos los jefes, ministros y presidentes del mundo, al menos es a quien conocen y con quien hablan, porque eso de internacionalizarse no se le da al presidente L\u00f3pez Obrador.<\/span><\/p>\n<p><span style=\"font-size: 18pt; color: #e42d33;\"><strong>SEXTANTE<\/strong><\/span><\/p>\n<p class=\"p1\"><span style=\"font-size: 14pt;\">En eso del destino de la ministra Yazm\u00edn Esquivel como les gusta hacerse tarugos, les recordamos que la Constituci\u00f3n es casi perfecta y claro que contempla que hacer con ella, sino que le den una revisada al art\u00edculo 95 fracci\u00f3n IV que a la letra dice:<\/span><\/p>\n<p class=\"p1\"><span style=\"font-size: 14pt;\">Para ser electo ministro de la Suprema Corte de Justicia de la Naci\u00f3n, se necesita:<\/span><\/p>\n<p class=\"p1\"><span style=\"font-size: 14pt;\">IV.- Gozar de buena reputaci\u00f3n y no haber sido condenado por delito que amerite pena corporal de m\u00e1s de un a\u00f1o de prisi\u00f3n;\u00a0<i>pero si se tratare de robo, fraude, falsificaci\u00f3n<\/i>, abuso de confianza y otro que lastime seriamente la buena fama en el concepto p\u00fablico<i>, inhabilitar\u00e1 para el cargo, cualquiera que haya sido la pena<\/i>.<\/span><\/p>\n<p class=\"p1\"><span style=\"font-size: 14pt;\">As\u00ed de clarito\u2026 tan tan.<\/span><\/p>\n<p>&nbsp;<\/p>\n<p class=\"p1\"><span style=\"font-size: 18pt;\"><strong>Al tiempo.<\/strong><\/span><\/p>\n<p>&nbsp;<\/p>\n<hr \/>\n<p>&nbsp;<\/p>\n<p class=\"p1\"><span style=\"font-size: 18pt;\"><strong>Correo: <a href=\"mailto:astrolabiopoliticomx@gmail.com\">astrolabiopoliticomx@gmail.com<\/a><\/strong><\/span><\/p>\n<p class=\"p1\"><span style=\"font-size: 18pt;\"><strong>Twitter: <a href=\"http:\/\/www.twitter.com\/LuisBaqueiro_mx\">@LuisBaqueiro_mx<\/a><\/strong><\/span><\/p>\n<p>&nbsp;<\/p>\n<p><img loading=\"lazy\" decoding=\"async\" class=\"aligncenter wp-image-14351\" src=\"https:\/\/politicosaldesnudo.com.mx\/wp-content\/uploads\/2023\/01\/FIRMA-EDITORIAL-PD-300x37.png\" alt=\"\" width=\"1000\" height=\"122\" \/><\/p>\n<p>&nbsp;<\/p>\n<p>&nbsp;<\/p>\n<p>&nbsp;<\/p>\n<p class=\"p1\">\n","protected":false},"excerpt":{"rendered":"<p>&nbsp; Por Luis Ram\u00edrez Baqueiro &nbsp; &nbsp; \u201cEn la adversa fortuna suele descubrirse el genio, en la prosperidad se oculta\u201d<\/p>\n","protected":false},"author":4,"featured_media":3572,"comment_status":"closed","ping_status":"closed","sticky":false,"template":"","format":"standard","meta":{"colormag_page_container_layout":"default_layout","colormag_page_sidebar_layout":"default_layout","_jetpack_memberships_contains_paid_content":false,"footnotes":"","jetpack_publicize_message":"","jetpack_publicize_feature_enabled":true,"jetpack_social_post_already_shared":true,"jetpack_social_options":{"image_generator_settings":{"template":"highway","default_image_id":0,"font":"","enabled":false},"version":2}},"categories":[6],"tags":[],"class_list":["post-11937","post","type-post","status-publish","format-standard","has-post-thumbnail","hentry","category-columnistas"],"jetpack_publicize_connections":[],"jetpack_featured_media_url":"https:\/\/noticiasveracruz.com\/wp-content\/uploads\/2022\/04\/LUIS-RAMI\u0301REZ-BAQUEIRO.png","jetpack_sharing_enabled":true,"publishpress_future_action":{"enabled":false,"date":"2026-05-06 16:02:11","action":"change-status","newStatus":"draft","terms":[],"taxonomy":"category","extraData":[]},"publishpress_future_workflow_manual_trigger":{"enabledWorkflows":[]},"_links":{"self":[{"href":"https:\/\/noticiasveracruz.com\/index.php\/wp-json\/wp\/v2\/posts\/11937","targetHints":{"allow":["GET"]}}],"collection":[{"href":"https:\/\/noticiasveracruz.com\/index.php\/wp-json\/wp\/v2\/posts"}],"about":[{"href":"https:\/\/noticiasveracruz.com\/index.php\/wp-json\/wp\/v2\/types\/post"}],"author":[{"embeddable":true,"href":"https:\/\/noticiasveracruz.com\/index.php\/wp-json\/wp\/v2\/users\/4"}],"replies":[{"embeddable":true,"href":"https:\/\/noticiasveracruz.com\/index.php\/wp-json\/wp\/v2\/comments?post=11937"}],"version-history":[{"count":0,"href":"https:\/\/noticiasveracruz.com\/index.php\/wp-json\/wp\/v2\/posts\/11937\/revisions"}],"wp:featuredmedia":[{"embeddable":true,"href":"https:\/\/noticiasveracruz.com\/index.php\/wp-json\/wp\/v2\/media\/3572"}],"wp:attachment":[{"href":"https:\/\/noticiasveracruz.com\/index.php\/wp-json\/wp\/v2\/media?parent=11937"}],"wp:term":[{"taxonomy":"category","embeddable":true,"href":"https:\/\/noticiasveracruz.com\/index.php\/wp-json\/wp\/v2\/categories?post=11937"},{"taxonomy":"post_tag","embeddable":true,"href":"https:\/\/noticiasveracruz.com\/index.php\/wp-json\/wp\/v2\/tags?post=11937"}],"curies":[{"name":"wp","href":"https:\/\/api.w.org\/{rel}","templated":true}]}}