{"id":11935,"date":"2023-01-13T05:15:17","date_gmt":"2023-01-13T11:15:17","guid":{"rendered":"https:\/\/noticiasveracruz.com\/?p=11935"},"modified":"2023-01-13T07:09:57","modified_gmt":"2023-01-13T13:09:57","slug":"adan-el-nuevo-mejor-amigo-de-cuitlahuac","status":"publish","type":"post","link":"https:\/\/noticiasveracruz.com\/index.php\/2023\/01\/13\/adan-el-nuevo-mejor-amigo-de-cuitlahuac\/","title":{"rendered":"Ad\u00e1n, el nuevo mejor amigo de Cuitl\u00e1huac"},"content":{"rendered":"<p class=\"p1\">\n<p>&nbsp;<\/p>\n<p class=\"p1\"><span style=\"font-size: 18pt;\"><strong>Por M\u00f3nica Camarena Crespo<\/strong><\/span><\/p>\n<p class=\"p1\"><span style=\"font-size: 14pt;\">El secretario de Gobernaci\u00f3n, Ad\u00e1n Augusto L\u00f3pez visit\u00f3 Veracruz, no para revisar la fallida estrategia de seguridad que coloc\u00f3 a la entidad, entre las que tuvieron mayor n\u00famero de v\u00edctimas en la primera semana del a\u00f1o, sino para dejarse \u201capapachar\u201d por el gobernador y sus seguidores que le armaron un nutrido acto de campa\u00f1a, disfrazado de di\u00e1logos por la gobernabilidad.<\/span><\/p>\n<p class=\"p1\"><span style=\"font-size: 14pt;\">El funcionario, capitaliza, sin importar que sea en horarios laborales,\u00a0el golpe pol\u00edtico que dej\u00f3 en la lona a Claudia Sheinbaum, como consecuencia de un nuevo accidente en el metro de la Ciudad de M\u00e9xico.<\/span><\/p>\n<p class=\"p1\"><span style=\"font-size: 14pt;\">Ad\u00e1n revivi\u00f3 despu\u00e9s del s\u00e1bado 7 de enero, cuando la jefa de gobierno de la CdMx, de gira por Michoac\u00e1n, tard\u00f3 m\u00e1s de tres horas para atender una nueva tragedia en el metro, que dej\u00f3 una persona muerta y varios lesionados.<\/span><\/p>\n<p class=\"p1\"><span style=\"font-size: 14pt;\">Aunque los gobernadores de Morena manifestaron su apoyo a Sheinbaum despu\u00e9s de las fuertes cr\u00edticas por desatender su quehacer en la Ciudad de M\u00e9xico para hacer campa\u00f1a adelantada, el \u201capapacho\u201d de Cuitl\u00e1huac Garc\u00eda al secretario de Gobernaci\u00f3n, mand\u00f3 varios mensajes y no precisamente de lealtad absoluta al proyecto de Claudia.<\/span><\/p>\n<p class=\"p1\"><span style=\"font-size: 14pt;\">En Veracruz, Ad\u00e1n Augusto cont\u00f3 con todas las facilidades para su mejor lucimiento y hasta se dio el lujo de llamarles la atenci\u00f3n a quienes colocaron espectaculares con su\u00a0imagen\u00a0\u201cAgradezco a quien los haya colocado, pero exhort\u00f3 a que este ejercicio no se haga. Yo estoy en otros asuntos y no son tiempos electorales, aparte que a uno lo avala su trabajo y cuando antepone el ejercicio de su encargo no se necesitan coordinadores\u201d, dijo a la prensa.<\/span><\/p>\n<p class=\"p1\"><span style=\"font-size: 14pt;\">El tabasque\u00f1o de apellido L\u00f3pez alab\u00f3 a Cuitl\u00e1huac Garc\u00eda, hasta lo llam\u00f3 \u201cvaluarte de la pol\u00edtica p\u00fablica\u201d y resalt\u00f3 su militancia morenista. La luna de miel en jueves, entre el titular de gobernaci\u00f3n y el gobernador de Veracruz abre el abanico en un estado, que solo se hab\u00eda abocado a promover e invertir en Claudia Sheinbaum, a quien algunos ya ven bastante \u201cdescarrilada\u201d igual que los trenes del metro.<\/span><\/p>\n<p>&nbsp;<\/p>\n<hr \/>\n<p>&nbsp;<\/p>\n<p class=\"p1\"><span style=\"font-size: 18pt;\"><strong>Correo: <a href=\"mailto:parquejuarezweb@yahoo.com.mx\">parquejuarezweb@yahoo.com.mx<\/a><\/strong><\/span><\/p>\n<p class=\"p1\"><span style=\"font-size: 18pt;\"><strong>Twitter: <a href=\"http:\/\/www.twitter.com\/monicamarena\">@monicamarena<\/a><\/strong><\/span><\/p>\n<p>&nbsp;<\/p>\n<p><img loading=\"lazy\" decoding=\"async\" class=\"aligncenter wp-image-11449\" src=\"http:\/\/noticiasveracruz.com\/wp-content\/uploads\/2023\/01\/FIRMA-EDITORIAL-NV-300x37.png\" alt=\"\" width=\"1000\" height=\"122\" srcset=\"https:\/\/noticiasveracruz.com\/wp-content\/uploads\/2023\/01\/FIRMA-EDITORIAL-NV-300x37.png 300w, https:\/\/noticiasveracruz.com\/wp-content\/uploads\/2023\/01\/FIRMA-EDITORIAL-NV-1024x125.png 1024w, https:\/\/noticiasveracruz.com\/wp-content\/uploads\/2023\/01\/FIRMA-EDITORIAL-NV-768x94.png 768w, https:\/\/noticiasveracruz.com\/wp-content\/uploads\/2023\/01\/FIRMA-EDITORIAL-NV-1536x188.png 1536w, https:\/\/noticiasveracruz.com\/wp-content\/uploads\/2023\/01\/FIRMA-EDITORIAL-NV-2048x250.png 2048w\" sizes=\"auto, (max-width: 1000px) 100vw, 1000px\" \/><\/p>\n<p>&nbsp;<\/p>\n<p>&nbsp;<\/p>\n<p>&nbsp;<\/p>\n<p>&nbsp;<\/p>\n<p>&nbsp;<\/p>\n<p class=\"p1\">\n","protected":false},"excerpt":{"rendered":"<p>&nbsp; Por M\u00f3nica Camarena Crespo El secretario de Gobernaci\u00f3n, Ad\u00e1n Augusto L\u00f3pez visit\u00f3 Veracruz, no para revisar la fallida estrategia<\/p>\n","protected":false},"author":4,"featured_media":3554,"comment_status":"closed","ping_status":"closed","sticky":false,"template":"","format":"standard","meta":{"colormag_page_container_layout":"default_layout","colormag_page_sidebar_layout":"default_layout","_jetpack_memberships_contains_paid_content":false,"footnotes":"","jetpack_publicize_message":"","jetpack_publicize_feature_enabled":true,"jetpack_social_post_already_shared":true,"jetpack_social_options":{"image_generator_settings":{"template":"highway","default_image_id":0,"font":"","enabled":false},"version":2}},"categories":[6],"tags":[],"class_list":["post-11935","post","type-post","status-publish","format-standard","has-post-thumbnail","hentry","category-columnistas"],"jetpack_publicize_connections":[],"jetpack_featured_media_url":"https:\/\/noticiasveracruz.com\/wp-content\/uploads\/2022\/04\/MO\u0301NICA-CAMARENA-CRESPO-1.png","jetpack_sharing_enabled":true,"publishpress_future_action":{"enabled":false,"date":"2026-05-06 16:46:12","action":"change-status","newStatus":"draft","terms":[],"taxonomy":"category","extraData":[]},"publishpress_future_workflow_manual_trigger":{"enabledWorkflows":[]},"_links":{"self":[{"href":"https:\/\/noticiasveracruz.com\/index.php\/wp-json\/wp\/v2\/posts\/11935","targetHints":{"allow":["GET"]}}],"collection":[{"href":"https:\/\/noticiasveracruz.com\/index.php\/wp-json\/wp\/v2\/posts"}],"about":[{"href":"https:\/\/noticiasveracruz.com\/index.php\/wp-json\/wp\/v2\/types\/post"}],"author":[{"embeddable":true,"href":"https:\/\/noticiasveracruz.com\/index.php\/wp-json\/wp\/v2\/users\/4"}],"replies":[{"embeddable":true,"href":"https:\/\/noticiasveracruz.com\/index.php\/wp-json\/wp\/v2\/comments?post=11935"}],"version-history":[{"count":0,"href":"https:\/\/noticiasveracruz.com\/index.php\/wp-json\/wp\/v2\/posts\/11935\/revisions"}],"wp:featuredmedia":[{"embeddable":true,"href":"https:\/\/noticiasveracruz.com\/index.php\/wp-json\/wp\/v2\/media\/3554"}],"wp:attachment":[{"href":"https:\/\/noticiasveracruz.com\/index.php\/wp-json\/wp\/v2\/media?parent=11935"}],"wp:term":[{"taxonomy":"category","embeddable":true,"href":"https:\/\/noticiasveracruz.com\/index.php\/wp-json\/wp\/v2\/categories?post=11935"},{"taxonomy":"post_tag","embeddable":true,"href":"https:\/\/noticiasveracruz.com\/index.php\/wp-json\/wp\/v2\/tags?post=11935"}],"curies":[{"name":"wp","href":"https:\/\/api.w.org\/{rel}","templated":true}]}}